{"id":1200,"date":"2010-11-11T01:29:04","date_gmt":"2010-11-10T23:29:04","guid":{"rendered":"http:\/\/www.hendrik.maekeler.eu\/?p=1200"},"modified":"2011-01-19T14:01:52","modified_gmt":"2011-01-19T12:01:52","slug":"orets-era-over","status":"publish","type":"post","link":"https:\/\/www.hendrik.maekeler.eu\/en\/orets-era-over\/","title":{"rendered":"\u00d6rets era \u00f6ver"},"content":{"rendered":"<p><\/p>\n<p>26 September 2010, Upsala Nya Tidning, p. B1-B5, Marie Str\u00f6m and Maria Westholm: \u00d6rets era \u00f6ver. Det sista korv\u00f6ret g\u00e5r till historien.<\/p>\n<p><\/p>\n<div class=\"sharedaddy sd-sharing-enabled\"><div class=\"robots-nocontent sd-block sd-social sd-social-icon sd-sharing\"><div class=\"sd-content\"><ul><li class=\"share-email\"><a rel=\"nofollow noopener noreferrer\" data-shared=\"\" class=\"share-email sd-button share-icon no-text\" href=\"https:\/\/www.hendrik.maekeler.eu\/en\/orets-era-over\/?share=email\" target=\"_blank\" title=\"Click to email this to a friend\"><span><\/span><span class=\"sharing-screen-reader-text\">Click to email this to a friend (Opens in new window)<\/span><\/a><\/li><li class=\"share-print\"><a rel=\"nofollow noopener noreferrer\" data-shared=\"\" class=\"share-print sd-button share-icon no-text\" href=\"https:\/\/www.hendrik.maekeler.eu\/en\/orets-era-over\/\" target=\"_blank\" title=\"Click to print\"><span><\/span><span class=\"sharing-screen-reader-text\">Click to print (Opens in new window)<\/span><\/a><\/li><li class=\"share-facebook\"><a rel=\"nofollow noopener noreferrer\" data-shared=\"sharing-facebook-1200\" class=\"share-facebook sd-button share-icon no-text\" href=\"https:\/\/www.hendrik.maekeler.eu\/en\/orets-era-over\/?share=facebook\" target=\"_blank\" title=\"Click to share on Facebook\"><span><\/span><span class=\"sharing-screen-reader-text\">Click to share on Facebook (Opens in new window)<\/span><\/a><\/li><li class=\"share-twitter\"><a rel=\"nofollow noopener noreferrer\" data-shared=\"sharing-twitter-1200\" class=\"share-twitter sd-button share-icon no-text\" href=\"https:\/\/www.hendrik.maekeler.eu\/en\/orets-era-over\/?share=twitter\" target=\"_blank\" title=\"Click to share on Twitter\"><span><\/span><span class=\"sharing-screen-reader-text\">Click to share on Twitter (Opens in new window)<\/span><\/a><\/li><li class=\"share-linkedin\"><a rel=\"nofollow noopener noreferrer\" data-shared=\"sharing-linkedin-1200\" class=\"share-linkedin sd-button share-icon no-text\" href=\"https:\/\/www.hendrik.maekeler.eu\/en\/orets-era-over\/?share=linkedin\" target=\"_blank\" title=\"Click to share on LinkedIn\"><span><\/span><span class=\"sharing-screen-reader-text\">Click to share on LinkedIn (Opens in new window)<\/span><\/a><\/li><li class=\"share-pinterest\"><a rel=\"nofollow noopener noreferrer\" data-shared=\"sharing-pinterest-1200\" class=\"share-pinterest sd-button share-icon no-text\" href=\"https:\/\/www.hendrik.maekeler.eu\/en\/orets-era-over\/?share=pinterest\" target=\"_blank\" title=\"Click to share on Pinterest\"><span><\/span><span class=\"sharing-screen-reader-text\">Click to share on Pinterest (Opens in new window)<\/span><\/a><\/li><li class=\"share-reddit\"><a rel=\"nofollow noopener noreferrer\" data-shared=\"\" class=\"share-reddit sd-button share-icon no-text\" href=\"https:\/\/www.hendrik.maekeler.eu\/en\/orets-era-over\/?share=reddit\" target=\"_blank\" title=\"Click to share on Reddit\"><span><\/span><span class=\"sharing-screen-reader-text\">Click to share on Reddit (Opens in new window)<\/span><\/a><\/li><li class=\"share-tumblr\"><a rel=\"nofollow noopener noreferrer\" data-shared=\"\" class=\"share-tumblr sd-button share-icon no-text\" href=\"https:\/\/www.hendrik.maekeler.eu\/en\/orets-era-over\/?share=tumblr\" target=\"_blank\" title=\"Click to share on Tumblr\"><span><\/span><span class=\"sharing-screen-reader-text\">Click to share on Tumblr (Opens in new window)<\/span><\/a><\/li><li class=\"share-jetpack-whatsapp\"><a rel=\"nofollow noopener noreferrer\" data-shared=\"\" class=\"share-jetpack-whatsapp sd-button share-icon no-text\" href=\"https:\/\/www.hendrik.maekeler.eu\/en\/orets-era-over\/?share=jetpack-whatsapp\" target=\"_blank\" title=\"Click to share on WhatsApp\"><span><\/span><span class=\"sharing-screen-reader-text\">Click to share on WhatsApp (Opens in new window)<\/span><\/a><\/li><li class=\"share-end\"><\/li><\/ul><\/div><\/div><\/div>","protected":false},"excerpt":{"rendered":"<p>26 September 2010, Upsala Nya Tidning, p. B1-B5, Marie Str\u00f6m and Maria Westholm: \u00d6rets era \u00f6ver. Det sista korv\u00f6ret g\u00e5r till historien.<\/p>\n<div class=\"sharedaddy sd-sharing-enabled\"><div class=\"robots-nocontent sd-block sd-social sd-social-icon sd-sharing\"><div class=\"sd-content\"><ul><li class=\"share-email\"><a rel=\"nofollow noopener noreferrer\" data-shared=\"\" class=\"share-email sd-button share-icon no-text\" href=\"https:\/\/www.hendrik.maekeler.eu\/en\/orets-era-over\/?share=email\" target=\"_blank\" title=\"Click to email this to a friend\"><span><\/span><span class=\"sharing-screen-reader-text\">Click to email this to a friend (Opens in new window)<\/span><\/a><\/li><li class=\"share-print\"><a rel=\"nofollow noopener noreferrer\" data-shared=\"\" class=\"share-print sd-button share-icon no-text\" href=\"https:\/\/www.hendrik.maekeler.eu\/en\/orets-era-over\/\" target=\"_blank\" title=\"Click to print\"><span><\/span><span class=\"sharing-screen-reader-text\">Click to print (Opens in new window)<\/span><\/a><\/li><li class=\"share-facebook\"><a rel=\"nofollow noopener noreferrer\" data-shared=\"sharing-facebook-1200\" class=\"share-facebook sd-button share-icon no-text\" href=\"https:\/\/www.hendrik.maekeler.eu\/en\/orets-era-over\/?share=facebook\" target=\"_blank\" title=\"Click to share on Facebook\"><span><\/span><span class=\"sharing-screen-reader-text\">Click to share on Facebook (Opens in new window)<\/span><\/a><\/li><li class=\"share-twitter\"><a rel=\"nofollow noopener noreferrer\" data-shared=\"sharing-twitter-1200\" class=\"share-twitter sd-button share-icon no-text\" href=\"https:\/\/www.hendrik.maekeler.eu\/en\/orets-era-over\/?share=twitter\" target=\"_blank\" title=\"Click to share on Twitter\"><span><\/span><span class=\"sharing-screen-reader-text\">Click to share on Twitter (Opens in new window)<\/span><\/a><\/li><li class=\"share-linkedin\"><a rel=\"nofollow noopener noreferrer\" data-shared=\"sharing-linkedin-1200\" class=\"share-linkedin sd-button share-icon no-text\" href=\"https:\/\/www.hendrik.maekeler.eu\/en\/orets-era-over\/?share=linkedin\" target=\"_blank\" title=\"Click to share on LinkedIn\"><span><\/span><span class=\"sharing-screen-reader-text\">Click to share on LinkedIn (Opens in new window)<\/span><\/a><\/li><li class=\"share-pinterest\"><a rel=\"nofollow noopener noreferrer\" data-shared=\"sharing-pinterest-1200\" class=\"share-pinterest sd-button share-icon no-text\" href=\"https:\/\/www.hendrik.maekeler.eu\/en\/orets-era-over\/?share=pinterest\" target=\"_blank\" title=\"Click to share on Pinterest\"><span><\/span><span class=\"sharing-screen-reader-text\">Click to share on Pinterest (Opens in new window)<\/span><\/a><\/li><li class=\"share-reddit\"><a rel=\"nofollow noopener noreferrer\" data-shared=\"\" class=\"share-reddit sd-button share-icon no-text\" href=\"https:\/\/www.hendrik.maekeler.eu\/en\/orets-era-over\/?share=reddit\" target=\"_blank\" title=\"Click to share on Reddit\"><span><\/span><span class=\"sharing-screen-reader-text\">Click to share on Reddit (Opens in new window)<\/span><\/a><\/li><li class=\"share-tumblr\"><a rel=\"nofollow noopener noreferrer\" data-shared=\"\" class=\"share-tumblr sd-button share-icon no-text\" href=\"https:\/\/www.hendrik.maekeler.eu\/en\/orets-era-over\/?share=tumblr\" target=\"_blank\" title=\"Click to share on Tumblr\"><span><\/span><span class=\"sharing-screen-reader-text\">Click to share on Tumblr (Opens in new window)<\/span><\/a><\/li><li class=\"share-jetpack-whatsapp\"><a rel=\"nofollow noopener noreferrer\" data-shared=\"\" class=\"share-jetpack-whatsapp sd-button share-icon no-text\" href=\"https:\/\/www.hendrik.maekeler.eu\/en\/orets-era-over\/?share=jetpack-whatsapp\" target=\"_blank\" title=\"Click to share on WhatsApp\"><span><\/span><span class=\"sharing-screen-reader-text\">Click to share on WhatsApp (Opens in new window)<\/span><\/a><\/li><li class=\"share-end\"><\/li><\/ul><\/div><\/div><\/div>","protected":false},"author":1,"featured_media":0,"comment_status":"closed","ping_status":"closed","sticky":false,"template":"","format":"standard","meta":{"spay_email":"","jetpack_publicize_message":"","jetpack_is_tweetstorm":false,"jetpack_publicize_feature_enabled":true},"categories":[9],"tags":[669,668,670,464],"geo":null,"jetpack_featured_media_url":"","jetpack_publicize_connections":[],"jetpack_sharing_enabled":true,"jetpack_shortlink":"https:\/\/wp.me\/p3fDqY-jm","jetpack-related-posts":[{"id":1745,"url":"https:\/\/www.hendrik.maekeler.eu\/en\/uppsalas-minsta-museum-en-stor-skattgomma\/","url_meta":{"origin":1200,"position":0},"title":"Uppsalas minsta museum en stor skattg\u00f6mma","date":"Sunday August 19th, 2012","format":false,"excerpt":"Tina L\u00f6vrander: Uppsalas minsta museum en stor skattg\u00f6mma, in: Upsala Nya Tidning, 19. August 2012, S. B1-B3.Tina L\u00f6vrander: Uppsalas minsta museum en stor skattg\u00f6mma, in: Upsala Nya Tidning, 19 August 2012, pp. B1-B3.Tina L\u00f6vrander: Uppsalas minsta museum en stor skattg\u00f6mma, dans: Upsala Nya Tidning, 19. ao\u00fbt 2012, pp. B1-B3.Tina L\u00f6vrander:\u2026","rel":"","context":"In &quot;Press review&quot;","img":{"alt_text":"","src":"","width":0,"height":0},"classes":[]},{"id":563,"url":"https:\/\/www.hendrik.maekeler.eu\/en\/nu-oppnar-myntsamlingen-for-omvarlden\/","url_meta":{"origin":1200,"position":1},"title":"Nu \u00f6ppnar myntsamlingen f\u00f6r omv\u00e4rlden","date":"Saturday October  3rd, 2009","format":false,"excerpt":"17.\u00a0September 2008, Upsala Nya Tidning, Daniel Jansson: Nu \u00f6ppnar myntsamlingen f\u00f6r omv\u00e4rlden \"Ett myntkabinett med \u00f6ver 40 000 f\u00f6rem\u00e5l ska s\u00e4tta sin pr\u00e4gel p\u00e5 alla historie\u00adintresserade. Nu visas delar av universitetets myntsamling upp f\u00f6r allm\u00e4n\u00adheten. [...]\"September\u00a017th, 2008, Upsala Nya Tidning, Daniel Jansson: Nu \u00f6ppnar myntsamlingen f\u00f6r omv\u00e4rlden \"Ett myntkabinett med\u2026","rel":"","context":"In &quot;Press review&quot;","img":{"alt_text":"","src":"","width":0,"height":0},"classes":[]},{"id":1307,"url":"https:\/\/www.hendrik.maekeler.eu\/en\/kulturen-finns-pa-facebook\/","url_meta":{"origin":1200,"position":2},"title":"Kulturen finns p\u00e5 Facebook","date":"Wednesday January 19th, 2011","format":false,"excerpt":"3. Januar 2011, Upsala Nya Tidning, S. B4, Klara Klintbo Skilje: Kulturen finns p\u00e5 Facebook3 January 2011, Upsala Nya Tidning, p. B4, Klara Klintbo Skilje: Kulturen finns p\u00e5 Facebook 3 janvier 2011, Upsala Nya Tidning, p. B4, Klara Klintbo Skilje: Kulturen finns p\u00e5 Facebook3 januari 2011, Upsala Nya Tidning, s.\u2026","rel":"","context":"In &quot;Press review&quot;","img":{"alt_text":"","src":"","width":0,"height":0},"classes":[]},{"id":839,"url":"https:\/\/www.hendrik.maekeler.eu\/en\/vikingataget-till-melle-ar-848-och-fyndet-fran-kattilstorp\/","url_meta":{"origin":1200,"position":3},"title":"Vikingat\u00e5get till Melle \u00e5r 848 och fyndet fr\u00e5n K\u00e4ttilstorp i V\u00e4sterg\u00f6tland","date":"Monday October 26th, 2009","format":false,"excerpt":"Numismatische Forschungsgruppe, Universit\u00e4t Stockholm, Forskarseminarium, 17. Februar 2010: \"Vikingat\u00e5get till Melle \u00e5r 848 och fyndet fr\u00e5n K\u00e4ttilstorp i V\u00e4sterg\u00f6tland\" Under seminariet kommer fyndet fr\u00e5n K\u00e4ttilstorp att behandlas som ett exempel p\u00e5 vilken information man kan f\u00e5 fram om man utv\u00e4rderar \u00e4ldre vetenskapliga brevv\u00e4xlingar och fyndprotokoll samt hur fyndet kan tolkas\u2026","rel":"","context":"In &quot;Past Conferences&quot;","img":{"alt_text":"","src":"","width":0,"height":0},"classes":[]},{"id":745,"url":"https:\/\/www.hendrik.maekeler.eu\/en\/edition-des-briefwechsels-zwischen-christian-jurgensen-thomsen-und-hermann-grote\/","url_meta":{"origin":1200,"position":4},"title":"Edition of the correspondence between Christian J\u00fcrgensen Thomsen and Hermann Grote","date":"Sunday October  4th, 2009","format":false,"excerpt":"Die geplante Ver\u00f6ffentlichung des Briefwechsels zwischen dem Begr\u00fcnder des Drei-Perioden-Systems (der Erkenntnis, da\u00df Funde der entsprechenden Materialien auf Stein-, Bronze- und Eisenzeit aufzuteilen sind) Christian J\u00fcrgensen Thomsen (Kopenhagen) und dem Numismatiker Hermann Grote (Hannover) aus den Jahren 1835 bis 1865 wurde bereits in den 1950er Jahren von Prof. Dr. Peter\u2026","rel":"","context":"In &quot;Research projects&quot;","img":{"alt_text":"","src":"","width":0,"height":0},"classes":[]},{"id":2287,"url":"https:\/\/www.hendrik.maekeler.eu\/en\/hendrik-maekeler-nya-uppdrag\/","url_meta":{"origin":1200,"position":5},"title":"(Deutsch) Hendrik M\u00e4keler till nya uppdrag","date":"Sunday December 24th, 2017","format":false,"excerpt":"Sorry, this entry is only available in German.Harald Nilsson: Hendrik M\u00e4keler till nya uppdrag, in: Svensk Numismatisk Tidskrift (2017) 8, S. 183-184.","rel":"","context":"In &quot;Press review&quot;","img":{"alt_text":"","src":"","width":0,"height":0},"classes":[]}],"_links":{"self":[{"href":"https:\/\/www.hendrik.maekeler.eu\/en\/wp-json\/wp\/v2\/posts\/1200"}],"collection":[{"href":"https:\/\/www.hendrik.maekeler.eu\/en\/wp-json\/wp\/v2\/posts"}],"about":[{"href":"https:\/\/www.hendrik.maekeler.eu\/en\/wp-json\/wp\/v2\/types\/post"}],"author":[{"embeddable":true,"href":"https:\/\/www.hendrik.maekeler.eu\/en\/wp-json\/wp\/v2\/users\/1"}],"replies":[{"embeddable":true,"href":"https:\/\/www.hendrik.maekeler.eu\/en\/wp-json\/wp\/v2\/comments?post=1200"}],"version-history":[{"count":2,"href":"https:\/\/www.hendrik.maekeler.eu\/en\/wp-json\/wp\/v2\/posts\/1200\/revisions"}],"predecessor-version":[{"id":1312,"href":"https:\/\/www.hendrik.maekeler.eu\/en\/wp-json\/wp\/v2\/posts\/1200\/revisions\/1312"}],"wp:attachment":[{"href":"https:\/\/www.hendrik.maekeler.eu\/en\/wp-json\/wp\/v2\/media?parent=1200"}],"wp:term":[{"taxonomy":"category","embeddable":true,"href":"https:\/\/www.hendrik.maekeler.eu\/en\/wp-json\/wp\/v2\/categories?post=1200"},{"taxonomy":"post_tag","embeddable":true,"href":"https:\/\/www.hendrik.maekeler.eu\/en\/wp-json\/wp\/v2\/tags?post=1200"}],"curies":[{"name":"wp","href":"https:\/\/api.w.org\/{rel}","templated":true}]}}