{"id":1263,"date":"2010-12-08T00:57:37","date_gmt":"2010-12-07T22:57:37","guid":{"rendered":"http:\/\/www.hendrik.maekeler.eu\/?p=1263"},"modified":"2010-12-08T00:57:37","modified_gmt":"2010-12-07T22:57:37","slug":"johan-sjoberg-universitetskanslern-axel-von-fersen","status":"publish","type":"post","link":"https:\/\/www.hendrik.maekeler.eu\/en\/johan-sjoberg-universitetskanslern-axel-von-fersen\/","title":{"rendered":"Johan Sj\u00f6berg: Universitetskanslern Axel von Fersen"},"content":{"rendered":"<p>Johan Sj\u00f6berg: Universitetskanslern Axel von Fersen. Till 200-\u00e5rsminnet av det fersenska mordet, in: Professorsinstallation vid Uppsala universitet h\u00f6stterminen 2010 (Acta Universitatis Upsaliensis. Skrifter r\u00f6rande Uppsala universitet, B 162), Uppsala 2010, pp. 6-24, here ill. p. 22 and cover.<\/p>\n<div class=\"sharedaddy sd-sharing-enabled\"><div class=\"robots-nocontent sd-block sd-social sd-social-icon sd-sharing\"><div class=\"sd-content\"><ul><li class=\"share-email\"><a rel=\"nofollow noopener noreferrer\" data-shared=\"\" class=\"share-email sd-button share-icon no-text\" href=\"https:\/\/www.hendrik.maekeler.eu\/en\/johan-sjoberg-universitetskanslern-axel-von-fersen\/?share=email\" target=\"_blank\" title=\"Click to email this to a friend\"><span><\/span><span class=\"sharing-screen-reader-text\">Click to email this to a friend (Opens in new window)<\/span><\/a><\/li><li class=\"share-print\"><a rel=\"nofollow noopener noreferrer\" data-shared=\"\" class=\"share-print sd-button share-icon no-text\" href=\"https:\/\/www.hendrik.maekeler.eu\/en\/johan-sjoberg-universitetskanslern-axel-von-fersen\/\" target=\"_blank\" title=\"Click to print\"><span><\/span><span class=\"sharing-screen-reader-text\">Click to print (Opens in new window)<\/span><\/a><\/li><li class=\"share-facebook\"><a rel=\"nofollow noopener noreferrer\" data-shared=\"sharing-facebook-1263\" class=\"share-facebook sd-button share-icon no-text\" href=\"https:\/\/www.hendrik.maekeler.eu\/en\/johan-sjoberg-universitetskanslern-axel-von-fersen\/?share=facebook\" target=\"_blank\" title=\"Click to share on Facebook\"><span><\/span><span class=\"sharing-screen-reader-text\">Click to share on Facebook (Opens in new window)<\/span><\/a><\/li><li class=\"share-twitter\"><a rel=\"nofollow noopener noreferrer\" data-shared=\"sharing-twitter-1263\" class=\"share-twitter sd-button share-icon no-text\" href=\"https:\/\/www.hendrik.maekeler.eu\/en\/johan-sjoberg-universitetskanslern-axel-von-fersen\/?share=twitter\" target=\"_blank\" title=\"Click to share on Twitter\"><span><\/span><span class=\"sharing-screen-reader-text\">Click to share on Twitter (Opens in new window)<\/span><\/a><\/li><li class=\"share-linkedin\"><a rel=\"nofollow noopener noreferrer\" data-shared=\"sharing-linkedin-1263\" class=\"share-linkedin sd-button share-icon no-text\" href=\"https:\/\/www.hendrik.maekeler.eu\/en\/johan-sjoberg-universitetskanslern-axel-von-fersen\/?share=linkedin\" target=\"_blank\" title=\"Click to share on LinkedIn\"><span><\/span><span class=\"sharing-screen-reader-text\">Click to share on LinkedIn (Opens in new window)<\/span><\/a><\/li><li class=\"share-pinterest\"><a rel=\"nofollow noopener noreferrer\" data-shared=\"sharing-pinterest-1263\" class=\"share-pinterest sd-button share-icon no-text\" href=\"https:\/\/www.hendrik.maekeler.eu\/en\/johan-sjoberg-universitetskanslern-axel-von-fersen\/?share=pinterest\" target=\"_blank\" title=\"Click to share on Pinterest\"><span><\/span><span class=\"sharing-screen-reader-text\">Click to share on Pinterest (Opens in new window)<\/span><\/a><\/li><li class=\"share-reddit\"><a rel=\"nofollow noopener noreferrer\" data-shared=\"\" class=\"share-reddit sd-button share-icon no-text\" href=\"https:\/\/www.hendrik.maekeler.eu\/en\/johan-sjoberg-universitetskanslern-axel-von-fersen\/?share=reddit\" target=\"_blank\" title=\"Click to share on Reddit\"><span><\/span><span class=\"sharing-screen-reader-text\">Click to share on Reddit (Opens in new window)<\/span><\/a><\/li><li class=\"share-tumblr\"><a rel=\"nofollow noopener noreferrer\" data-shared=\"\" class=\"share-tumblr sd-button share-icon no-text\" href=\"https:\/\/www.hendrik.maekeler.eu\/en\/johan-sjoberg-universitetskanslern-axel-von-fersen\/?share=tumblr\" target=\"_blank\" title=\"Click to share on Tumblr\"><span><\/span><span class=\"sharing-screen-reader-text\">Click to share on Tumblr (Opens in new window)<\/span><\/a><\/li><li class=\"share-jetpack-whatsapp\"><a rel=\"nofollow noopener noreferrer\" data-shared=\"\" class=\"share-jetpack-whatsapp sd-button share-icon no-text\" href=\"https:\/\/www.hendrik.maekeler.eu\/en\/johan-sjoberg-universitetskanslern-axel-von-fersen\/?share=jetpack-whatsapp\" target=\"_blank\" title=\"Click to share on WhatsApp\"><span><\/span><span class=\"sharing-screen-reader-text\">Click to share on WhatsApp (Opens in new window)<\/span><\/a><\/li><li class=\"share-end\"><\/li><\/ul><\/div><\/div><\/div>","protected":false},"excerpt":{"rendered":"<p>Johan Sj\u00f6berg: Universitetskanslern Axel von Fersen. Till 200-\u00e5rsminnet av det fersenska mordet, in: Professorsinstallation vid Uppsala universitet h\u00f6stterminen 2010 (Acta Universitatis Upsaliensis. Skrifter r\u00f6rande Uppsala universitet, B 162), Uppsala 2010, pp. 6-24, here ill. p. 22 and cover.<\/p>\n<div class=\"sharedaddy sd-sharing-enabled\"><div class=\"robots-nocontent sd-block sd-social sd-social-icon sd-sharing\"><div class=\"sd-content\"><ul><li class=\"share-email\"><a rel=\"nofollow noopener noreferrer\" data-shared=\"\" class=\"share-email sd-button share-icon no-text\" href=\"https:\/\/www.hendrik.maekeler.eu\/en\/johan-sjoberg-universitetskanslern-axel-von-fersen\/?share=email\" target=\"_blank\" title=\"Click to email this to a friend\"><span><\/span><span class=\"sharing-screen-reader-text\">Click to email this to a friend (Opens in new window)<\/span><\/a><\/li><li class=\"share-print\"><a rel=\"nofollow noopener noreferrer\" data-shared=\"\" class=\"share-print sd-button share-icon no-text\" href=\"https:\/\/www.hendrik.maekeler.eu\/en\/johan-sjoberg-universitetskanslern-axel-von-fersen\/\" target=\"_blank\" title=\"Click to print\"><span><\/span><span class=\"sharing-screen-reader-text\">Click to print (Opens in new window)<\/span><\/a><\/li><li class=\"share-facebook\"><a rel=\"nofollow noopener noreferrer\" data-shared=\"sharing-facebook-1263\" class=\"share-facebook sd-button share-icon no-text\" href=\"https:\/\/www.hendrik.maekeler.eu\/en\/johan-sjoberg-universitetskanslern-axel-von-fersen\/?share=facebook\" target=\"_blank\" title=\"Click to share on Facebook\"><span><\/span><span class=\"sharing-screen-reader-text\">Click to share on Facebook (Opens in new window)<\/span><\/a><\/li><li class=\"share-twitter\"><a rel=\"nofollow noopener noreferrer\" data-shared=\"sharing-twitter-1263\" class=\"share-twitter sd-button share-icon no-text\" href=\"https:\/\/www.hendrik.maekeler.eu\/en\/johan-sjoberg-universitetskanslern-axel-von-fersen\/?share=twitter\" target=\"_blank\" title=\"Click to share on Twitter\"><span><\/span><span class=\"sharing-screen-reader-text\">Click to share on Twitter (Opens in new window)<\/span><\/a><\/li><li class=\"share-linkedin\"><a rel=\"nofollow noopener noreferrer\" data-shared=\"sharing-linkedin-1263\" class=\"share-linkedin sd-button share-icon no-text\" href=\"https:\/\/www.hendrik.maekeler.eu\/en\/johan-sjoberg-universitetskanslern-axel-von-fersen\/?share=linkedin\" target=\"_blank\" title=\"Click to share on LinkedIn\"><span><\/span><span class=\"sharing-screen-reader-text\">Click to share on LinkedIn (Opens in new window)<\/span><\/a><\/li><li class=\"share-pinterest\"><a rel=\"nofollow noopener noreferrer\" data-shared=\"sharing-pinterest-1263\" class=\"share-pinterest sd-button share-icon no-text\" href=\"https:\/\/www.hendrik.maekeler.eu\/en\/johan-sjoberg-universitetskanslern-axel-von-fersen\/?share=pinterest\" target=\"_blank\" title=\"Click to share on Pinterest\"><span><\/span><span class=\"sharing-screen-reader-text\">Click to share on Pinterest (Opens in new window)<\/span><\/a><\/li><li class=\"share-reddit\"><a rel=\"nofollow noopener noreferrer\" data-shared=\"\" class=\"share-reddit sd-button share-icon no-text\" href=\"https:\/\/www.hendrik.maekeler.eu\/en\/johan-sjoberg-universitetskanslern-axel-von-fersen\/?share=reddit\" target=\"_blank\" title=\"Click to share on Reddit\"><span><\/span><span class=\"sharing-screen-reader-text\">Click to share on Reddit (Opens in new window)<\/span><\/a><\/li><li class=\"share-tumblr\"><a rel=\"nofollow noopener noreferrer\" data-shared=\"\" class=\"share-tumblr sd-button share-icon no-text\" href=\"https:\/\/www.hendrik.maekeler.eu\/en\/johan-sjoberg-universitetskanslern-axel-von-fersen\/?share=tumblr\" target=\"_blank\" title=\"Click to share on Tumblr\"><span><\/span><span class=\"sharing-screen-reader-text\">Click to share on Tumblr (Opens in new window)<\/span><\/a><\/li><li class=\"share-jetpack-whatsapp\"><a rel=\"nofollow noopener noreferrer\" data-shared=\"\" class=\"share-jetpack-whatsapp sd-button share-icon no-text\" href=\"https:\/\/www.hendrik.maekeler.eu\/en\/johan-sjoberg-universitetskanslern-axel-von-fersen\/?share=jetpack-whatsapp\" target=\"_blank\" title=\"Click to share on WhatsApp\"><span><\/span><span class=\"sharing-screen-reader-text\">Click to share on WhatsApp (Opens in new window)<\/span><\/a><\/li><li class=\"share-end\"><\/li><\/ul><\/div><\/div><\/div>","protected":false},"author":1,"featured_media":0,"comment_status":"closed","ping_status":"closed","sticky":false,"template":"","format":"standard","meta":{"spay_email":"","jetpack_publicize_message":"","jetpack_is_tweetstorm":false,"jetpack_publicize_feature_enabled":true},"categories":[26],"tags":[686,685,623],"geo":null,"jetpack_featured_media_url":"","jetpack_publicize_connections":[],"jetpack_sharing_enabled":true,"jetpack_shortlink":"https:\/\/wp.me\/p3fDqY-kn","jetpack-related-posts":[{"id":1929,"url":"https:\/\/www.hendrik.maekeler.eu\/en\/haestmotiv-uppsala-universitets-myntkabinett\/","url_meta":{"origin":1263,"position":0},"title":"H\u00e4stmotiv i Uppsala universitets myntkabinett","date":"Tuesday September 10th, 2013","format":false,"excerpt":"Ylva Haidenthaller and Hendrik M\u00e4keler: H\u00e4stmotiv i Uppsala universitets myntkabinett, in: Marianne Andersson und Johan Sj\u00f6berg (eds): Till h\u00e4st. Ridundervisningen vid Uppsala universitet 350 \u00e5r (Acta Universitatis Upsaliensis. Skrifter r\u00f6rande Uppsala universitet, C: Organisation och Historia, 98), Uppsala 2013, pp. 145-152.","rel":"","context":"In &quot;Minor articles&quot;","img":{"alt_text":"","src":"","width":0,"height":0},"classes":[]},{"id":1595,"url":"https:\/\/www.hendrik.maekeler.eu\/en\/uppsala-universitets-myntkabinett-2\/","url_meta":{"origin":1263,"position":1},"title":"Uppsala universitets myntkabinett","date":"Tuesday January 17th, 2012","format":false,"excerpt":"Hendrik M\u00e4keler: Uppsala universitets myntkabinett, in: Pernilla Bj\u00f6rk, Mattias Bolk\u00e9us Blom und Per Str\u00f6m (Red.): Det goda universitetet. Rektorsperioden 2006-2011. Festskrift till Anders Hallberg (Acta Universitatis Upsaliensis. Skrifter r\u00f6rande Uppsala universitet, C: Organisation och Historia, 93), Uppsala 2011, S. 391-395. Hendrik M\u00e4keler: Uppsala universitets myntkabinett, in: Pernilla Bj\u00f6rk, Mattias Bolk\u00e9us\u2026","rel":"","context":"In &quot;Minor articles&quot;","img":{"alt_text":"","src":"","width":0,"height":0},"classes":[]},{"id":1016,"url":"https:\/\/www.hendrik.maekeler.eu\/en\/harald-nilsson-hedersdoktor-i-historia-vid-uppsala-universitet\/","url_meta":{"origin":1263,"position":2},"title":"Harald Nilsson hedersdoktor i historia vid Uppsala universitet","date":"Wednesday February  3rd, 2010","format":false,"excerpt":"[gemeinsam mit Mikael Alm und Martin Johansson] Harald Nilsson hedersdoktor i historia vid Uppsala universitet, in: Svensk Numismatisk Tidskrift (2010) 1, S. 17. Text Historisk-filosofiska fakulteten vid Uppsala universitet har utsett Harald Nilsson till hedersdoktor i historia. Nilsson \u00e4r universitetets f.d. mynt- och medaljv\u00e5rdare och har genom sitt stora engagemang\u2026","rel":"","context":"In &quot;Minor articles&quot;","img":{"alt_text":"","src":"","width":0,"height":0},"classes":[]},{"id":2347,"url":"https:\/\/www.hendrik.maekeler.eu\/en\/numismatiska-och-penninghistoriska-avhandlingar-vid-uppsala-universitet\/","url_meta":{"origin":1263,"position":3},"title":"Numismatiska och penninghistoriska avhandlingar vid Uppsala universitet","date":"Saturday December  7th, 2019","format":false,"excerpt":"Hendrik M\u00e4keler: Numismatiska och penninghistoriska avhandlingar vid Uppsala universitet, in: Curt Ekstr\u00f6m, Bo Gunnarsson, Kjell Holmberg and Magnus Wijk (eds.): Samlad Gl\u00e4dje. Numismatiska klubben i Uppsala 1969-2019, Uppsala 2019, pp. 213-222.","rel":"","context":"In &quot;Articles&quot;","img":{"alt_text":"","src":"","width":0,"height":0},"classes":[]},{"id":748,"url":"https:\/\/www.hendrik.maekeler.eu\/en\/veroffentlichung-der-mittelalterlichen-deutschen-munzen-im-munzkabinett-der-universitat-uppsala\/","url_meta":{"origin":1263,"position":4},"title":"Publication of the medieval German coins in the Uppsala University Coin Cabinet","date":"Sunday October  4th, 2009","format":false,"excerpt":"Die Ver\u00f6ffentlichung der mittelalterlichen deutschen M\u00fcnzen im M\u00fcnzkabinett der Universit\u00e4t Uppsala wurde von Prof. Dr. Peter Berghaus (M\u00fcnster) begonnen, dessen Kartei der wikingerzeitlichen deutschen M\u00fcnzen um die deutschen M\u00fcnzen des sp\u00e4teren Mittelalters erg\u00e4nzt und in den Computer eingegeben wurde. S\u00e4mtliche M\u00fcnzen sind digital fotografiert und freigestellt worden. Die Seitenmontage ist\u2026","rel":"","context":"In &quot;Research projects&quot;","img":{"alt_text":"","src":"https:\/\/i2.wp.com\/www.hendrik.maekeler.eu\/uppsala-titel.jpg?resize=350%2C200","width":350,"height":200},"classes":[]},{"id":2141,"url":"https:\/\/www.hendrik.maekeler.eu\/en\/digitalisering-vid-uppsala-universitets-myntkabinett-katalogisering-av-numismatiska-objekt-alvin-portal-foer-kulturarvssamlingar\/","url_meta":{"origin":1263,"position":5},"title":"(Deutsch) Digitalisering vid Uppsala universitets myntkabinett. Katalogisering av numismatiska objekt i Alvin \u2013 portal f\u00f6r kulturarvssamlingar","date":"Monday September 12th, 2016","format":false,"excerpt":"Sorry, this entry is only available in German.Hendrik M\u00e4keler: Digitalisering vid Uppsala universitets myntkabinett. Katalogisering av numismatiska objekt i Alvin \u2013 portal f\u00f6r kulturarvssamlingar (Uppsala University Coin Cabinet Working Papers 21), Uppsala 2016. 33 S. http:\/\/urn.kb.se\/resolve?urn=urn:nbn:se:uu:diva-302899","rel":"","context":"In &quot;Articles&quot;","img":{"alt_text":"","src":"","width":0,"height":0},"classes":[]}],"_links":{"self":[{"href":"https:\/\/www.hendrik.maekeler.eu\/en\/wp-json\/wp\/v2\/posts\/1263"}],"collection":[{"href":"https:\/\/www.hendrik.maekeler.eu\/en\/wp-json\/wp\/v2\/posts"}],"about":[{"href":"https:\/\/www.hendrik.maekeler.eu\/en\/wp-json\/wp\/v2\/types\/post"}],"author":[{"embeddable":true,"href":"https:\/\/www.hendrik.maekeler.eu\/en\/wp-json\/wp\/v2\/users\/1"}],"replies":[{"embeddable":true,"href":"https:\/\/www.hendrik.maekeler.eu\/en\/wp-json\/wp\/v2\/comments?post=1263"}],"version-history":[{"count":1,"href":"https:\/\/www.hendrik.maekeler.eu\/en\/wp-json\/wp\/v2\/posts\/1263\/revisions"}],"predecessor-version":[{"id":1264,"href":"https:\/\/www.hendrik.maekeler.eu\/en\/wp-json\/wp\/v2\/posts\/1263\/revisions\/1264"}],"wp:attachment":[{"href":"https:\/\/www.hendrik.maekeler.eu\/en\/wp-json\/wp\/v2\/media?parent=1263"}],"wp:term":[{"taxonomy":"category","embeddable":true,"href":"https:\/\/www.hendrik.maekeler.eu\/en\/wp-json\/wp\/v2\/categories?post=1263"},{"taxonomy":"post_tag","embeddable":true,"href":"https:\/\/www.hendrik.maekeler.eu\/en\/wp-json\/wp\/v2\/tags?post=1263"}],"curies":[{"name":"wp","href":"https:\/\/api.w.org\/{rel}","templated":true}]}}