{"id":536,"date":"2009-10-01T01:07:11","date_gmt":"2009-09-30T23:07:11","guid":{"rendered":"http:\/\/www.hendrik.maekeler.eu\/?p=536"},"modified":"2009-10-01T01:08:24","modified_gmt":"2009-09-30T23:08:24","slug":"peter-weiss-nichts-karisches-sondern-ein-spates-litrengewicht-aus-stein-ikaunos-k-6-51","status":"publish","type":"post","link":"https:\/\/www.hendrik.maekeler.eu\/en\/peter-weiss-nichts-karisches-sondern-ein-spates-litrengewicht-aus-stein-ikaunos-k-6-51\/","title":{"rendered":"Peter Wei\u00df: Nichts Karisches, sondern ein sp\u00e4tes Litrengewicht aus Stein (IKaunos K 6; 51*)"},"content":{"rendered":"<p>[Photographs] Peter Wei\u00df: Nichts Karisches, sondern ein sp\u00e4tes Litrengewicht aus Stein (IKaunos K\u00a06; 51*), in: Zeitschrift f\u00fcr Papyrologie und Epigraphik 160 (2007), pp.\u00a0272-274.<\/p>\n<div class=\"sharedaddy sd-sharing-enabled\"><div class=\"robots-nocontent sd-block sd-social sd-social-icon sd-sharing\"><div class=\"sd-content\"><ul><li class=\"share-email\"><a rel=\"nofollow noopener noreferrer\" data-shared=\"\" class=\"share-email sd-button share-icon no-text\" href=\"https:\/\/www.hendrik.maekeler.eu\/en\/peter-weiss-nichts-karisches-sondern-ein-spates-litrengewicht-aus-stein-ikaunos-k-6-51\/?share=email\" target=\"_blank\" title=\"Click to email this to a friend\"><span><\/span><span class=\"sharing-screen-reader-text\">Click to email this to a friend (Opens in new window)<\/span><\/a><\/li><li class=\"share-print\"><a rel=\"nofollow noopener noreferrer\" data-shared=\"\" class=\"share-print sd-button share-icon no-text\" href=\"https:\/\/www.hendrik.maekeler.eu\/en\/peter-weiss-nichts-karisches-sondern-ein-spates-litrengewicht-aus-stein-ikaunos-k-6-51\/\" target=\"_blank\" title=\"Click to print\"><span><\/span><span class=\"sharing-screen-reader-text\">Click to print (Opens in new window)<\/span><\/a><\/li><li class=\"share-facebook\"><a rel=\"nofollow noopener noreferrer\" data-shared=\"sharing-facebook-536\" class=\"share-facebook sd-button share-icon no-text\" href=\"https:\/\/www.hendrik.maekeler.eu\/en\/peter-weiss-nichts-karisches-sondern-ein-spates-litrengewicht-aus-stein-ikaunos-k-6-51\/?share=facebook\" target=\"_blank\" title=\"Click to share on Facebook\"><span><\/span><span class=\"sharing-screen-reader-text\">Click to share on Facebook (Opens in new window)<\/span><\/a><\/li><li class=\"share-twitter\"><a rel=\"nofollow noopener noreferrer\" data-shared=\"sharing-twitter-536\" class=\"share-twitter sd-button share-icon no-text\" href=\"https:\/\/www.hendrik.maekeler.eu\/en\/peter-weiss-nichts-karisches-sondern-ein-spates-litrengewicht-aus-stein-ikaunos-k-6-51\/?share=twitter\" target=\"_blank\" title=\"Click to share on Twitter\"><span><\/span><span class=\"sharing-screen-reader-text\">Click to share on Twitter (Opens in new window)<\/span><\/a><\/li><li class=\"share-linkedin\"><a rel=\"nofollow noopener noreferrer\" data-shared=\"sharing-linkedin-536\" class=\"share-linkedin sd-button share-icon no-text\" href=\"https:\/\/www.hendrik.maekeler.eu\/en\/peter-weiss-nichts-karisches-sondern-ein-spates-litrengewicht-aus-stein-ikaunos-k-6-51\/?share=linkedin\" target=\"_blank\" title=\"Click to share on LinkedIn\"><span><\/span><span class=\"sharing-screen-reader-text\">Click to share on LinkedIn (Opens in new window)<\/span><\/a><\/li><li class=\"share-pinterest\"><a rel=\"nofollow noopener noreferrer\" data-shared=\"sharing-pinterest-536\" class=\"share-pinterest sd-button share-icon no-text\" href=\"https:\/\/www.hendrik.maekeler.eu\/en\/peter-weiss-nichts-karisches-sondern-ein-spates-litrengewicht-aus-stein-ikaunos-k-6-51\/?share=pinterest\" target=\"_blank\" title=\"Click to share on Pinterest\"><span><\/span><span class=\"sharing-screen-reader-text\">Click to share on Pinterest (Opens in new window)<\/span><\/a><\/li><li class=\"share-reddit\"><a rel=\"nofollow noopener noreferrer\" data-shared=\"\" class=\"share-reddit sd-button share-icon no-text\" href=\"https:\/\/www.hendrik.maekeler.eu\/en\/peter-weiss-nichts-karisches-sondern-ein-spates-litrengewicht-aus-stein-ikaunos-k-6-51\/?share=reddit\" target=\"_blank\" title=\"Click to share on Reddit\"><span><\/span><span class=\"sharing-screen-reader-text\">Click to share on Reddit (Opens in new window)<\/span><\/a><\/li><li class=\"share-tumblr\"><a rel=\"nofollow noopener noreferrer\" data-shared=\"\" class=\"share-tumblr sd-button share-icon no-text\" href=\"https:\/\/www.hendrik.maekeler.eu\/en\/peter-weiss-nichts-karisches-sondern-ein-spates-litrengewicht-aus-stein-ikaunos-k-6-51\/?share=tumblr\" target=\"_blank\" title=\"Click to share on Tumblr\"><span><\/span><span class=\"sharing-screen-reader-text\">Click to share on Tumblr (Opens in new window)<\/span><\/a><\/li><li class=\"share-jetpack-whatsapp\"><a rel=\"nofollow noopener noreferrer\" data-shared=\"\" class=\"share-jetpack-whatsapp sd-button share-icon no-text\" href=\"https:\/\/www.hendrik.maekeler.eu\/en\/peter-weiss-nichts-karisches-sondern-ein-spates-litrengewicht-aus-stein-ikaunos-k-6-51\/?share=jetpack-whatsapp\" target=\"_blank\" title=\"Click to share on WhatsApp\"><span><\/span><span class=\"sharing-screen-reader-text\">Click to share on WhatsApp (Opens in new window)<\/span><\/a><\/li><li class=\"share-end\"><\/li><\/ul><\/div><\/div><\/div>","protected":false},"excerpt":{"rendered":"<p>[Photographs] Peter Wei\u00df: Nichts Karisches, sondern ein sp\u00e4tes Litrengewicht aus Stein (IKaunos K\u00a06; 51*), in: Zeitschrift f\u00fcr Papyrologie und Epigraphik 160 (2007), pp.\u00a0272-274.<\/p>\n<div class=\"sharedaddy sd-sharing-enabled\"><div class=\"robots-nocontent sd-block sd-social sd-social-icon sd-sharing\"><div class=\"sd-content\"><ul><li class=\"share-email\"><a rel=\"nofollow noopener noreferrer\" data-shared=\"\" class=\"share-email sd-button share-icon no-text\" href=\"https:\/\/www.hendrik.maekeler.eu\/en\/peter-weiss-nichts-karisches-sondern-ein-spates-litrengewicht-aus-stein-ikaunos-k-6-51\/?share=email\" target=\"_blank\" title=\"Click to email this to a friend\"><span><\/span><span class=\"sharing-screen-reader-text\">Click to email this to a friend (Opens in new window)<\/span><\/a><\/li><li class=\"share-print\"><a rel=\"nofollow noopener noreferrer\" data-shared=\"\" class=\"share-print sd-button share-icon no-text\" href=\"https:\/\/www.hendrik.maekeler.eu\/en\/peter-weiss-nichts-karisches-sondern-ein-spates-litrengewicht-aus-stein-ikaunos-k-6-51\/\" target=\"_blank\" title=\"Click to print\"><span><\/span><span class=\"sharing-screen-reader-text\">Click to print (Opens in new window)<\/span><\/a><\/li><li class=\"share-facebook\"><a rel=\"nofollow noopener noreferrer\" data-shared=\"sharing-facebook-536\" class=\"share-facebook sd-button share-icon no-text\" href=\"https:\/\/www.hendrik.maekeler.eu\/en\/peter-weiss-nichts-karisches-sondern-ein-spates-litrengewicht-aus-stein-ikaunos-k-6-51\/?share=facebook\" target=\"_blank\" title=\"Click to share on Facebook\"><span><\/span><span class=\"sharing-screen-reader-text\">Click to share on Facebook (Opens in new window)<\/span><\/a><\/li><li class=\"share-twitter\"><a rel=\"nofollow noopener noreferrer\" data-shared=\"sharing-twitter-536\" class=\"share-twitter sd-button share-icon no-text\" href=\"https:\/\/www.hendrik.maekeler.eu\/en\/peter-weiss-nichts-karisches-sondern-ein-spates-litrengewicht-aus-stein-ikaunos-k-6-51\/?share=twitter\" target=\"_blank\" title=\"Click to share on Twitter\"><span><\/span><span class=\"sharing-screen-reader-text\">Click to share on Twitter (Opens in new window)<\/span><\/a><\/li><li class=\"share-linkedin\"><a rel=\"nofollow noopener noreferrer\" data-shared=\"sharing-linkedin-536\" class=\"share-linkedin sd-button share-icon no-text\" href=\"https:\/\/www.hendrik.maekeler.eu\/en\/peter-weiss-nichts-karisches-sondern-ein-spates-litrengewicht-aus-stein-ikaunos-k-6-51\/?share=linkedin\" target=\"_blank\" title=\"Click to share on LinkedIn\"><span><\/span><span class=\"sharing-screen-reader-text\">Click to share on LinkedIn (Opens in new window)<\/span><\/a><\/li><li class=\"share-pinterest\"><a rel=\"nofollow noopener noreferrer\" data-shared=\"sharing-pinterest-536\" class=\"share-pinterest sd-button share-icon no-text\" href=\"https:\/\/www.hendrik.maekeler.eu\/en\/peter-weiss-nichts-karisches-sondern-ein-spates-litrengewicht-aus-stein-ikaunos-k-6-51\/?share=pinterest\" target=\"_blank\" title=\"Click to share on Pinterest\"><span><\/span><span class=\"sharing-screen-reader-text\">Click to share on Pinterest (Opens in new window)<\/span><\/a><\/li><li class=\"share-reddit\"><a rel=\"nofollow noopener noreferrer\" data-shared=\"\" class=\"share-reddit sd-button share-icon no-text\" href=\"https:\/\/www.hendrik.maekeler.eu\/en\/peter-weiss-nichts-karisches-sondern-ein-spates-litrengewicht-aus-stein-ikaunos-k-6-51\/?share=reddit\" target=\"_blank\" title=\"Click to share on Reddit\"><span><\/span><span class=\"sharing-screen-reader-text\">Click to share on Reddit (Opens in new window)<\/span><\/a><\/li><li class=\"share-tumblr\"><a rel=\"nofollow noopener noreferrer\" data-shared=\"\" class=\"share-tumblr sd-button share-icon no-text\" href=\"https:\/\/www.hendrik.maekeler.eu\/en\/peter-weiss-nichts-karisches-sondern-ein-spates-litrengewicht-aus-stein-ikaunos-k-6-51\/?share=tumblr\" target=\"_blank\" title=\"Click to share on Tumblr\"><span><\/span><span class=\"sharing-screen-reader-text\">Click to share on Tumblr (Opens in new window)<\/span><\/a><\/li><li class=\"share-jetpack-whatsapp\"><a rel=\"nofollow noopener noreferrer\" data-shared=\"\" class=\"share-jetpack-whatsapp sd-button share-icon no-text\" href=\"https:\/\/www.hendrik.maekeler.eu\/en\/peter-weiss-nichts-karisches-sondern-ein-spates-litrengewicht-aus-stein-ikaunos-k-6-51\/?share=jetpack-whatsapp\" target=\"_blank\" title=\"Click to share on WhatsApp\"><span><\/span><span class=\"sharing-screen-reader-text\">Click to share on WhatsApp (Opens in new window)<\/span><\/a><\/li><li class=\"share-end\"><\/li><\/ul><\/div><\/div><\/div>","protected":false},"author":1,"featured_media":0,"comment_status":"closed","ping_status":"closed","sticky":false,"template":"","format":"standard","meta":{"spay_email":"","jetpack_publicize_message":"","jetpack_is_tweetstorm":false,"jetpack_publicize_feature_enabled":true},"categories":[26],"tags":[442,448],"geo":null,"jetpack_featured_media_url":"","jetpack_publicize_connections":[],"jetpack_sharing_enabled":true,"jetpack_shortlink":"https:\/\/wp.me\/p3fDqY-8E","jetpack-related-posts":[{"id":540,"url":"https:\/\/www.hendrik.maekeler.eu\/en\/peter-weiss-ein-militardiplom-hadrians-fur-thracia\/","url_meta":{"origin":536,"position":0},"title":"Peter Wei\u00df: Ein Milit\u00e4rdiplom Hadrians f\u00fcr Thracia","date":"Thursday October  1st, 2009","format":false,"excerpt":"[Abbildungen] Peter Wei\u00df: Ein Milit\u00e4rdiplom Hadrians f\u00fcr Thracia, in: Zeitschrift f\u00fcr Papyrologie und Epigraphik 163 (2007), S.\u00a0263-265.[Photographs] Peter Wei\u00df: Ein Milit\u00e4rdiplom Hadrians f\u00fcr Thracia, in: Zeitschrift f\u00fcr Papyrologie und Epigraphik 163 (2007), pp.\u00a0263-265.[Photographies] Peter Wei\u00df: Ein Milit\u00e4rdiplom Hadrians f\u00fcr Thracia, dans: Zeitschrift f\u00fcr Papyrologie und Epigraphik 163 (2007), pp.\u00a0263-265.[Bilder] Peter\u2026","rel":"","context":"In &quot;Digital images&quot;","img":{"alt_text":"","src":"","width":0,"height":0},"classes":[]},{"id":450,"url":"https:\/\/www.hendrik.maekeler.eu\/en\/peter-weiss-neue-militardiplome-fur-den-exercitus-von-britannia\/","url_meta":{"origin":536,"position":1},"title":"Peter Wei\u00df: Neue Milit\u00e4rdiplome f\u00fcr den Exercitus von Britannia","date":"Tuesday September 29th, 2009","format":false,"excerpt":"[Abbildungen] Peter Wei\u00df: Neue Milit\u00e4rdiplome f\u00fcr den Exercitus von Britannia, in: Zeitschrift f\u00fcr Papyrologie und Epigraphik 156 (2006), S. 245-254.[Photographs] Peter Wei\u00df: Neue Milit\u00e4rdiplome f\u00fcr den Exercitus von Britannia, in: Zeitschrift f\u00fcr Papyrologie und Epigraphik 156 (2006), pp. 245-254.[Photographies] Peter Wei\u00df: Neue Milit\u00e4rdiplome f\u00fcr den Exercitus von Britannia, dans: Zeitschrift\u2026","rel":"","context":"In &quot;Digital images&quot;","img":{"alt_text":"","src":"","width":0,"height":0},"classes":[]},{"id":545,"url":"https:\/\/www.hendrik.maekeler.eu\/en\/peter-weiss-gewichte-griechischer-stadte-i-byzantion-lampsakos-ilion-alexandreia-troas\/","url_meta":{"origin":536,"position":2},"title":"Peter Wei\u00df: Gewichte griechischer St\u00e4dte I: Byzantion, Lampsakos, Ilion, Alexandreia Troas","date":"Thursday October  1st, 2009","format":false,"excerpt":"[Abbildungen] Peter Wei\u00df: Gewichte griechischer St\u00e4dte\u00a0I: Byzantion, Lampsakos, Ilion, Alexandreia Troas, in: Vom Euphrat bis zum Bosporus. Kleinasien in der Antike. Festschrift f\u00fcr Elmar Schwertheim zum 65.\u00a0Geburtstag (Asia Minor Studien, 65), Bonn 2008, S.\u00a0709-724 mit Tafel\u00a085-88.[Photographs] Peter Wei\u00df: Gewichte griechischer St\u00e4dte\u00a0I: Byzantion, Lampsakos, Ilion, Alexandreia Troas, in: Vom Euphrat bis\u2026","rel":"","context":"In &quot;Digital images&quot;","img":{"alt_text":"","src":"","width":0,"height":0},"classes":[]},{"id":446,"url":"https:\/\/www.hendrik.maekeler.eu\/en\/rudolf-haensch-und-peter-weiss-gewichte-mit-nennung-von-statthaltern-von-pontus-et-bithynia\/","url_meta":{"origin":536,"position":3},"title":"Rudolf Haensch and Peter Wei\u00df: Gewichte mit Nennung von Statthaltern von Pontus et Bithynia","date":"Tuesday September 29th, 2009","format":false,"excerpt":"[Abbildungen] Rudolf Haensch und Peter Wei\u00df: Gewichte mit Nennung von Statthaltern von Pontus et Bithynia, in: Chiron 35 (2005), S. 443-498.[Photographs] Rudolf Haensch and Peter Wei\u00df: Gewichte mit Nennung von Statthaltern von Pontus et Bithynia, in: Chiron 35 (2005), pp. 443-498.[Photographies] Rudolf Haensch et Peter Wei\u00df: Gewichte mit Nennung von\u2026","rel":"","context":"In &quot;Digital images&quot;","img":{"alt_text":"","src":"","width":0,"height":0},"classes":[]},{"id":233,"url":"https:\/\/www.hendrik.maekeler.eu\/en\/deutsche-munzen-der-wikingerzeit-sowie-des-hohen-und-spaten-mittelalters\/","url_meta":{"origin":536,"position":4},"title":"Deutsche M\u00fcnzen der Wikingerzeit sowie des hohen und sp\u00e4ten Mittelalters","date":"Sunday September 27th, 2009","format":false,"excerpt":"[gemeinsam mit Peter Berghaus] M\u00fcnzkabinett der Universit\u00e4t Uppsala. Deutsche M\u00fcnzen der Wikingerzeit sowie des hohen und sp\u00e4ten Mittelalters (Studia Numismatica Upsaliensia, 2), Uppsala 2006. VIII, 168 S., davon 75 Tafeln mit 668 Katalognummern [Projektbeschreibung]. Bestellen: Deutsche M\u00fcnzen der Wikingerzeit sowie des hohen und sp\u00e4ten Mittelalters (Universit\u00e4t Uppsala) Bestellen: Deutsche M\u00fcnzen\u2026","rel":"","context":"In &quot;Monographs&quot;","img":{"alt_text":"","src":"https:\/\/i2.wp.com\/www.hendrik.maekeler.eu\/uppsalatitel.jpg?resize=350%2C200","width":350,"height":200},"classes":[]},{"id":281,"url":"https:\/\/www.hendrik.maekeler.eu\/en\/ulla-westermark-75-jahre\/","url_meta":{"origin":536,"position":5},"title":"Ulla Westermark 75 Jahre","date":"Sunday September 27th, 2009","format":false,"excerpt":"[gemeinsam mit Peter Berghaus] Ulla Westermark 75 Jahre, in: Numismatisches Nachrichtenblatt 51 (2002) 6, S. 231-233.[gemeinsam mit Peter Berghaus] Ulla Westermark 75 Jahre, in: Numismatisches Nachrichtenblatt 51 (2002) 6, p. 231-233.[gemeinsam mit Peter Berghaus] Ulla Westermark 75 Jahre, dans: Numismatisches Nachrichtenblatt 51 (2002) 6, p. 231-233.[gemeinsam mit Peter Berghaus] Ulla\u2026","rel":"","context":"In &quot;Minor articles&quot;","img":{"alt_text":"","src":"","width":0,"height":0},"classes":[]}],"_links":{"self":[{"href":"https:\/\/www.hendrik.maekeler.eu\/en\/wp-json\/wp\/v2\/posts\/536"}],"collection":[{"href":"https:\/\/www.hendrik.maekeler.eu\/en\/wp-json\/wp\/v2\/posts"}],"about":[{"href":"https:\/\/www.hendrik.maekeler.eu\/en\/wp-json\/wp\/v2\/types\/post"}],"author":[{"embeddable":true,"href":"https:\/\/www.hendrik.maekeler.eu\/en\/wp-json\/wp\/v2\/users\/1"}],"replies":[{"embeddable":true,"href":"https:\/\/www.hendrik.maekeler.eu\/en\/wp-json\/wp\/v2\/comments?post=536"}],"version-history":[{"count":2,"href":"https:\/\/www.hendrik.maekeler.eu\/en\/wp-json\/wp\/v2\/posts\/536\/revisions"}],"predecessor-version":[{"id":539,"href":"https:\/\/www.hendrik.maekeler.eu\/en\/wp-json\/wp\/v2\/posts\/536\/revisions\/539"}],"wp:attachment":[{"href":"https:\/\/www.hendrik.maekeler.eu\/en\/wp-json\/wp\/v2\/media?parent=536"}],"wp:term":[{"taxonomy":"category","embeddable":true,"href":"https:\/\/www.hendrik.maekeler.eu\/en\/wp-json\/wp\/v2\/categories?post=536"},{"taxonomy":"post_tag","embeddable":true,"href":"https:\/\/www.hendrik.maekeler.eu\/en\/wp-json\/wp\/v2\/tags?post=536"}],"curies":[{"name":"wp","href":"https:\/\/api.w.org\/{rel}","templated":true}]}}