{"id":598,"date":"2009-10-03T22:23:13","date_gmt":"2009-10-03T20:23:13","guid":{"rendered":"http:\/\/www.hendrik.maekeler.eu\/?p=598"},"modified":"2011-10-30T17:10:51","modified_gmt":"2011-10-30T15:10:51","slug":"handel-auf-rechnung-kaufmannische-praxis-und-schriftlichkeit-am-oberrhein-im-spaten-mittelalter-peter-drach","status":"publish","type":"post","link":"https:\/\/www.hendrik.maekeler.eu\/en\/handel-auf-rechnung-kaufmannische-praxis-und-schriftlichkeit-am-oberrhein-im-spaten-mittelalter-peter-drach\/","title":{"rendered":"Handel auf Rechnung. Kaufm\u00e4nnische Praxis und Schriftlichkeit am Oberrhein im sp\u00e4ten Mittelalter \u2013 Peter Drach"},"content":{"rendered":"<p><a href=\"http:\/\/www.ag-landeskunde-oberrhein.de\/\" target=\"_blank\">Arbeitsgemeinschaft f\u00fcr geschichtliche Landeskunde am Oberrhein<\/a>, Generallandesarchiv Karlsruhe, June 3<sup>rd<\/sup>, 2005: \u201c<a href=\"http:\/\/www.ag-landeskunde-oberrhein.de\/index.php?id=p444v\" target=\"_blank\">Handel auf Rechnung. Kaufm\u00e4nnische Praxis und Schriftlichkeit am Oberrhein im sp\u00e4ten Mittelalter \u2013 Peter Drach<\/a>\u201d (jointly with <a href=\"http:\/\/www.matthiassteinbrink.de\/\" target=\"_blank\">Matthias Steinbrink<\/a>, who read a paper on Ulrich Meltinger)<!--more--><\/p>\n<p><div class=\"gm-map\" style=\"position: relative;height: 200px; width: 200px;\"><iframe name=\"gm-map-2\" allowfullscreen src=\"https:\/\/www.hendrik.maekeler.eu\/en\/?geo_mashup_content=render-map&amp;map_data_key=9e4045e64d488a65a4652bb9c8a76abc&amp;name=gm-map-2&amp;map_content=contextual&amp;error_comment=&lt;!-- Geo Mashup found no objects to map in this context--&gt;\" style=\"position: absolute; top: 0; left: 0; width: 100%; height: 100%; border: none; overflow: hidden;\"><\/iframe><\/div><\/p>\n<div class=\"sharedaddy sd-sharing-enabled\"><div class=\"robots-nocontent sd-block sd-social sd-social-icon sd-sharing\"><div class=\"sd-content\"><ul><li class=\"share-email\"><a rel=\"nofollow noopener noreferrer\" data-shared=\"\" class=\"share-email sd-button share-icon no-text\" href=\"https:\/\/www.hendrik.maekeler.eu\/en\/handel-auf-rechnung-kaufmannische-praxis-und-schriftlichkeit-am-oberrhein-im-spaten-mittelalter-peter-drach\/?share=email\" target=\"_blank\" title=\"Click to email this to a friend\"><span><\/span><span class=\"sharing-screen-reader-text\">Click to email this to a friend (Opens in new window)<\/span><\/a><\/li><li class=\"share-print\"><a rel=\"nofollow noopener noreferrer\" data-shared=\"\" class=\"share-print sd-button share-icon no-text\" href=\"https:\/\/www.hendrik.maekeler.eu\/en\/handel-auf-rechnung-kaufmannische-praxis-und-schriftlichkeit-am-oberrhein-im-spaten-mittelalter-peter-drach\/\" target=\"_blank\" title=\"Click to print\"><span><\/span><span class=\"sharing-screen-reader-text\">Click to print (Opens in new window)<\/span><\/a><\/li><li class=\"share-facebook\"><a rel=\"nofollow noopener noreferrer\" data-shared=\"sharing-facebook-598\" class=\"share-facebook sd-button share-icon no-text\" href=\"https:\/\/www.hendrik.maekeler.eu\/en\/handel-auf-rechnung-kaufmannische-praxis-und-schriftlichkeit-am-oberrhein-im-spaten-mittelalter-peter-drach\/?share=facebook\" target=\"_blank\" title=\"Click to share on Facebook\"><span><\/span><span class=\"sharing-screen-reader-text\">Click to share on Facebook (Opens in new window)<\/span><\/a><\/li><li class=\"share-twitter\"><a rel=\"nofollow noopener noreferrer\" data-shared=\"sharing-twitter-598\" class=\"share-twitter sd-button share-icon no-text\" href=\"https:\/\/www.hendrik.maekeler.eu\/en\/handel-auf-rechnung-kaufmannische-praxis-und-schriftlichkeit-am-oberrhein-im-spaten-mittelalter-peter-drach\/?share=twitter\" target=\"_blank\" title=\"Click to share on Twitter\"><span><\/span><span class=\"sharing-screen-reader-text\">Click to share on Twitter (Opens in new window)<\/span><\/a><\/li><li class=\"share-linkedin\"><a rel=\"nofollow noopener noreferrer\" data-shared=\"sharing-linkedin-598\" class=\"share-linkedin sd-button share-icon no-text\" href=\"https:\/\/www.hendrik.maekeler.eu\/en\/handel-auf-rechnung-kaufmannische-praxis-und-schriftlichkeit-am-oberrhein-im-spaten-mittelalter-peter-drach\/?share=linkedin\" target=\"_blank\" title=\"Click to share on LinkedIn\"><span><\/span><span class=\"sharing-screen-reader-text\">Click to share on LinkedIn (Opens in new window)<\/span><\/a><\/li><li class=\"share-pinterest\"><a rel=\"nofollow noopener noreferrer\" data-shared=\"sharing-pinterest-598\" class=\"share-pinterest sd-button share-icon no-text\" href=\"https:\/\/www.hendrik.maekeler.eu\/en\/handel-auf-rechnung-kaufmannische-praxis-und-schriftlichkeit-am-oberrhein-im-spaten-mittelalter-peter-drach\/?share=pinterest\" target=\"_blank\" title=\"Click to share on Pinterest\"><span><\/span><span class=\"sharing-screen-reader-text\">Click to share on Pinterest (Opens in new window)<\/span><\/a><\/li><li class=\"share-reddit\"><a rel=\"nofollow noopener noreferrer\" data-shared=\"\" class=\"share-reddit sd-button share-icon no-text\" href=\"https:\/\/www.hendrik.maekeler.eu\/en\/handel-auf-rechnung-kaufmannische-praxis-und-schriftlichkeit-am-oberrhein-im-spaten-mittelalter-peter-drach\/?share=reddit\" target=\"_blank\" title=\"Click to share on Reddit\"><span><\/span><span class=\"sharing-screen-reader-text\">Click to share on Reddit (Opens in new window)<\/span><\/a><\/li><li class=\"share-tumblr\"><a rel=\"nofollow noopener noreferrer\" data-shared=\"\" class=\"share-tumblr sd-button share-icon no-text\" href=\"https:\/\/www.hendrik.maekeler.eu\/en\/handel-auf-rechnung-kaufmannische-praxis-und-schriftlichkeit-am-oberrhein-im-spaten-mittelalter-peter-drach\/?share=tumblr\" target=\"_blank\" title=\"Click to share on Tumblr\"><span><\/span><span class=\"sharing-screen-reader-text\">Click to share on Tumblr (Opens in new window)<\/span><\/a><\/li><li class=\"share-jetpack-whatsapp\"><a rel=\"nofollow noopener noreferrer\" data-shared=\"\" class=\"share-jetpack-whatsapp sd-button share-icon no-text\" href=\"https:\/\/www.hendrik.maekeler.eu\/en\/handel-auf-rechnung-kaufmannische-praxis-und-schriftlichkeit-am-oberrhein-im-spaten-mittelalter-peter-drach\/?share=jetpack-whatsapp\" target=\"_blank\" title=\"Click to share on WhatsApp\"><span><\/span><span class=\"sharing-screen-reader-text\">Click to share on WhatsApp (Opens in new window)<\/span><\/a><\/li><li class=\"share-end\"><\/li><\/ul><\/div><\/div><\/div>","protected":false},"excerpt":{"rendered":"<p>Arbeitsgemeinschaft f\u00fcr geschichtliche Landeskunde am Oberrhein, Generallandesarchiv Karlsruhe, June 3rd, 2005: \u201cHandel auf Rechnung. Kaufm\u00e4nnische Praxis und Schriftlichkeit am Oberrhein im sp\u00e4ten Mittelalter \u2013 Peter Drach\u201d (jointly with Matthias Steinbrink, who read a paper on Ulrich Meltinger)<\/p>\n<div class=\"sharedaddy sd-sharing-enabled\"><div class=\"robots-nocontent sd-block sd-social sd-social-icon sd-sharing\"><div class=\"sd-content\"><ul><li class=\"share-email\"><a rel=\"nofollow noopener noreferrer\" data-shared=\"\" class=\"share-email sd-button share-icon no-text\" href=\"https:\/\/www.hendrik.maekeler.eu\/en\/handel-auf-rechnung-kaufmannische-praxis-und-schriftlichkeit-am-oberrhein-im-spaten-mittelalter-peter-drach\/?share=email\" target=\"_blank\" title=\"Click to email this to a friend\"><span><\/span><span class=\"sharing-screen-reader-text\">Click to email this to a friend (Opens in new window)<\/span><\/a><\/li><li class=\"share-print\"><a rel=\"nofollow noopener noreferrer\" data-shared=\"\" class=\"share-print sd-button share-icon no-text\" href=\"https:\/\/www.hendrik.maekeler.eu\/en\/handel-auf-rechnung-kaufmannische-praxis-und-schriftlichkeit-am-oberrhein-im-spaten-mittelalter-peter-drach\/\" target=\"_blank\" title=\"Click to print\"><span><\/span><span class=\"sharing-screen-reader-text\">Click to print (Opens in new window)<\/span><\/a><\/li><li class=\"share-facebook\"><a rel=\"nofollow noopener noreferrer\" data-shared=\"sharing-facebook-598\" class=\"share-facebook sd-button share-icon no-text\" href=\"https:\/\/www.hendrik.maekeler.eu\/en\/handel-auf-rechnung-kaufmannische-praxis-und-schriftlichkeit-am-oberrhein-im-spaten-mittelalter-peter-drach\/?share=facebook\" target=\"_blank\" title=\"Click to share on Facebook\"><span><\/span><span class=\"sharing-screen-reader-text\">Click to share on Facebook (Opens in new window)<\/span><\/a><\/li><li class=\"share-twitter\"><a rel=\"nofollow noopener noreferrer\" data-shared=\"sharing-twitter-598\" class=\"share-twitter sd-button share-icon no-text\" href=\"https:\/\/www.hendrik.maekeler.eu\/en\/handel-auf-rechnung-kaufmannische-praxis-und-schriftlichkeit-am-oberrhein-im-spaten-mittelalter-peter-drach\/?share=twitter\" target=\"_blank\" title=\"Click to share on Twitter\"><span><\/span><span class=\"sharing-screen-reader-text\">Click to share on Twitter (Opens in new window)<\/span><\/a><\/li><li class=\"share-linkedin\"><a rel=\"nofollow noopener noreferrer\" data-shared=\"sharing-linkedin-598\" class=\"share-linkedin sd-button share-icon no-text\" href=\"https:\/\/www.hendrik.maekeler.eu\/en\/handel-auf-rechnung-kaufmannische-praxis-und-schriftlichkeit-am-oberrhein-im-spaten-mittelalter-peter-drach\/?share=linkedin\" target=\"_blank\" title=\"Click to share on LinkedIn\"><span><\/span><span class=\"sharing-screen-reader-text\">Click to share on LinkedIn (Opens in new window)<\/span><\/a><\/li><li class=\"share-pinterest\"><a rel=\"nofollow noopener noreferrer\" data-shared=\"sharing-pinterest-598\" class=\"share-pinterest sd-button share-icon no-text\" href=\"https:\/\/www.hendrik.maekeler.eu\/en\/handel-auf-rechnung-kaufmannische-praxis-und-schriftlichkeit-am-oberrhein-im-spaten-mittelalter-peter-drach\/?share=pinterest\" target=\"_blank\" title=\"Click to share on Pinterest\"><span><\/span><span class=\"sharing-screen-reader-text\">Click to share on Pinterest (Opens in new window)<\/span><\/a><\/li><li class=\"share-reddit\"><a rel=\"nofollow noopener noreferrer\" data-shared=\"\" class=\"share-reddit sd-button share-icon no-text\" href=\"https:\/\/www.hendrik.maekeler.eu\/en\/handel-auf-rechnung-kaufmannische-praxis-und-schriftlichkeit-am-oberrhein-im-spaten-mittelalter-peter-drach\/?share=reddit\" target=\"_blank\" title=\"Click to share on Reddit\"><span><\/span><span class=\"sharing-screen-reader-text\">Click to share on Reddit (Opens in new window)<\/span><\/a><\/li><li class=\"share-tumblr\"><a rel=\"nofollow noopener noreferrer\" data-shared=\"\" class=\"share-tumblr sd-button share-icon no-text\" href=\"https:\/\/www.hendrik.maekeler.eu\/en\/handel-auf-rechnung-kaufmannische-praxis-und-schriftlichkeit-am-oberrhein-im-spaten-mittelalter-peter-drach\/?share=tumblr\" target=\"_blank\" title=\"Click to share on Tumblr\"><span><\/span><span class=\"sharing-screen-reader-text\">Click to share on Tumblr (Opens in new window)<\/span><\/a><\/li><li class=\"share-jetpack-whatsapp\"><a rel=\"nofollow noopener noreferrer\" data-shared=\"\" class=\"share-jetpack-whatsapp sd-button share-icon no-text\" href=\"https:\/\/www.hendrik.maekeler.eu\/en\/handel-auf-rechnung-kaufmannische-praxis-und-schriftlichkeit-am-oberrhein-im-spaten-mittelalter-peter-drach\/?share=jetpack-whatsapp\" target=\"_blank\" title=\"Click to share on WhatsApp\"><span><\/span><span class=\"sharing-screen-reader-text\">Click to share on WhatsApp (Opens in new window)<\/span><\/a><\/li><li class=\"share-end\"><\/li><\/ul><\/div><\/div><\/div>","protected":false},"author":1,"featured_media":0,"comment_status":"closed","ping_status":"closed","sticky":false,"template":"","format":"standard","meta":{"spay_email":"","jetpack_publicize_message":"","jetpack_is_tweetstorm":false,"jetpack_publicize_feature_enabled":true},"categories":[474],"tags":[477,478,275,98,479],"geo":{"latitude":49.01293559999999871479303692467510700225830078125,"longitude":8.3832454999999992395487424801103770732879638671875,"description":"N\u00f6rdliche Hildapromenade 2, 76133 Karlsruhe, Deutschland"},"jetpack_featured_media_url":"","jetpack_publicize_connections":[],"jetpack_sharing_enabled":true,"jetpack_shortlink":"https:\/\/wp.me\/p3fDqY-9E","jetpack-related-posts":[{"id":404,"url":"https:\/\/www.hendrik.maekeler.eu\/en\/markus-a-denzel-jean-claude-hocquet-und-harald-witthoft-hrsg-kaufmannsbucher-und-handelspraktiken-vom-spatmittelalter-bis-zum-20-jahrhundert\/","url_meta":{"origin":598,"position":0},"title":"Markus A. Denzel, Jean Claude Hocquet und Harald Witth\u00f6ft (Hrsg.): Kaufmannsb\u00fccher und Handelspraktiken vom Sp\u00e4tmittelalter bis zum 20. Jahrhundert","date":"Monday September 28th, 2009","format":false,"excerpt":"Markus A. Denzel, Jean Claude Hocquet und Harald Witth\u00f6ft (Hrsg.): Kaufmannsb\u00fccher und Handelspraktiken vom Sp\u00e4tmittelalter bis zum 20. Jahrhundert \u2013 Merchant\u2019s Books and Mercantile Pratiche from the Late Middle Ages to the Beginnings of the 20th Century (Vierteljahrschrift f\u00fcr Sozial- und Wirtschaftsgeschichte, Beihefte 163) [\u2026], in: Geldgeschichtliche Nachrichten 38 (2003)\u2026","rel":"","context":"In &quot;Reviews&quot;","img":{"alt_text":"","src":"","width":0,"height":0},"classes":[]},{"id":155,"url":"https:\/\/www.hendrik.maekeler.eu\/en\/kaufleute-im-spaten-mittelalter\/","url_meta":{"origin":598,"position":1},"title":"Merchants in the later Middle Ages","date":"Sunday September 27th, 2009","format":false,"excerpt":"Christian-Albrechts-Universit\u00e4t zu Kiel Historisches Seminar \u00dcbung, 2 SWS Zeit und Ort: Fr 8:30 - 10:00, Leibniszstra\u00dfe 8 - R.101\/102 Kaufleute im Mittelalter \u2013 das waren sehr unterschiedliche Menschen, deren Denken doch bestimmte Gemeinsamkeiten kennzeichneten. Zu nennen sind in erster Linie Gewinnstreben und Rechenhaftigkeit bzw. Rationalit\u00e4t, aber auch eine berufsspezifische Fr\u00f6mmigkeit.\u2026","rel":"","context":"In &quot;2006 Summer Term&quot;","img":{"alt_text":"","src":"","width":0,"height":0},"classes":[]},{"id":437,"url":"https:\/\/www.hendrik.maekeler.eu\/en\/joseph-shatzmiller-shylock-geht-in-revision-juden-geldleihe-und-gesellschaft-im-mittelalter\/","url_meta":{"origin":598,"position":2},"title":"Joseph Shatzmiller: Shylock geht in Revision. Juden, Geldleihe und Gesellschaft im Mittelalter","date":"Tuesday September 29th, 2009","format":false,"excerpt":"Joseph Shatzmiller: Shylock geht in Revision. Juden, Geldleihe und Gesellschaft im Mittelalter [\u2026], in: Vierteljahrschrift f\u00fcr Sozial- und Wirtschaftsgeschichte 96 (2009) 1, S.\u00a086f. \u00a0 Rezension Mit seinem 1990 erschienen Werk \u201eShylock reconsidered. Jews, Moneylending, and Medieval Society\u201c verhalf Joseph Shatzmiller einem Proze\u00df vor dem Gericht der Unterstadt von Marseille im\u2026","rel":"","context":"In &quot;Reviews&quot;","img":{"alt_text":"","src":"","width":0,"height":0},"classes":[]},{"id":734,"url":"https:\/\/www.hendrik.maekeler.eu\/en\/das-rechnungsbuch-des-speyerer-druckherrn-peter-drach-d-m\/","url_meta":{"origin":598,"position":3},"title":"Master thesis: The account book of the printmaster Peter Drach of Speyer","date":"Sunday October  4th, 2009","format":false,"excerpt":"Das Rechnungsbuch des Speyerer Druckherrn Peter Drach d.M. ist eine einzigartige Quelle f\u00fcr die Untersuchung des inkunabelzeitlichen Buchhandels. Die Auswertung des Rechnungsbuches zeigt, dass Drachs \u00d6konomie wesentlich auf der Arbeitsbeteiligung seiner Familie beruhte, deren Mitglieder in dieser Arbeit ausf\u00fchrlich vorgestellt werden. Das Kapital, das f\u00fcr die Drucke gebraucht wurde, konnte\u2026","rel":"","context":"In &quot;Research projects&quot;","img":{"alt_text":"","src":"https:\/\/i2.wp.com\/www.hendrik.maekeler.eu\/drachtitel.jpg?resize=350%2C200","width":350,"height":200},"classes":[]},{"id":413,"url":"https:\/\/www.hendrik.maekeler.eu\/en\/lucia-travaini-monete-mercanti-e-matematica-le-monete-medievali-nei-trattati-di-aritmetica-e-nei-libri-di-mercatura\/","url_meta":{"origin":598,"position":4},"title":"Lucia Travaini: Monete Mercanti e Matematica. Le monete medievali nei trattati di aritmetica e nei libri di mercatura","date":"Monday September 28th, 2009","format":false,"excerpt":"Lucia Travaini: Monete Mercanti e Matematica. Le monete medievali nei trattati di aritmetica e nei libri di mercatura [\u2026], in: Geldgeschichtliche Nachrichten 39 (2004) 220, S. 253. Rezension Das Wort \u201eZahl\u201c leite sich vom Begriff \u201eM\u00fcnze\u201c ab (Numero nummus nomen dedit), so meinte jedenfalls Bischof Isidor von Sevilla (\u2020\u00a0636) im\u2026","rel":"","context":"In &quot;Reviews&quot;","img":{"alt_text":"","src":"","width":0,"height":0},"classes":[]},{"id":230,"url":"https:\/\/www.hendrik.maekeler.eu\/en\/das-rechnungsbuch-des-speyerer-druckherrn-peter-drach-d-m-um-1450-1504\/","url_meta":{"origin":598,"position":5},"title":"Das Rechnungsbuch des Speyerer Druckherrn Peter Drach d.M. (um 1450-1504)","date":"Sunday September 27th, 2009","format":false,"excerpt":"Das Rechnungsbuch des Speyerer Druckherrn Peter Drach\u00a0d.M. (um 1450-1504) (Sach\u00fcberlieferung und Geschichte, 38), St.\u00a0Katharinen 2005. 382 S. [Projektbeschreibung]. Rezensionen: Mitteilungen der Vereinigung \u00d6sterreichischer Bibliothekarinnen und Bibliothekare 60 (2007) 1, S. 86-88 (Josef Pauser). IASL online [17.09.2007] (Elisabeth Wunderle). Aus dem Antiquariat. Zeitschrift f\u00fcr Antiquare und B\u00fcchersammler, Neue Folge 5 (2007),\u2026","rel":"","context":"In &quot;Monographs&quot;","img":{"alt_text":"","src":"https:\/\/i2.wp.com\/www.hendrik.maekeler.eu\/drachtitel.jpg?resize=350%2C200","width":350,"height":200},"classes":[]}],"_links":{"self":[{"href":"https:\/\/www.hendrik.maekeler.eu\/en\/wp-json\/wp\/v2\/posts\/598"}],"collection":[{"href":"https:\/\/www.hendrik.maekeler.eu\/en\/wp-json\/wp\/v2\/posts"}],"about":[{"href":"https:\/\/www.hendrik.maekeler.eu\/en\/wp-json\/wp\/v2\/types\/post"}],"author":[{"embeddable":true,"href":"https:\/\/www.hendrik.maekeler.eu\/en\/wp-json\/wp\/v2\/users\/1"}],"replies":[{"embeddable":true,"href":"https:\/\/www.hendrik.maekeler.eu\/en\/wp-json\/wp\/v2\/comments?post=598"}],"version-history":[{"count":5,"href":"https:\/\/www.hendrik.maekeler.eu\/en\/wp-json\/wp\/v2\/posts\/598\/revisions"}],"predecessor-version":[{"id":1538,"href":"https:\/\/www.hendrik.maekeler.eu\/en\/wp-json\/wp\/v2\/posts\/598\/revisions\/1538"}],"wp:attachment":[{"href":"https:\/\/www.hendrik.maekeler.eu\/en\/wp-json\/wp\/v2\/media?parent=598"}],"wp:term":[{"taxonomy":"category","embeddable":true,"href":"https:\/\/www.hendrik.maekeler.eu\/en\/wp-json\/wp\/v2\/categories?post=598"},{"taxonomy":"post_tag","embeddable":true,"href":"https:\/\/www.hendrik.maekeler.eu\/en\/wp-json\/wp\/v2\/tags?post=598"}],"curies":[{"name":"wp","href":"https:\/\/api.w.org\/{rel}","templated":true}]}}