{"id":810,"date":"2009-10-19T11:57:14","date_gmt":"2009-10-19T09:57:14","guid":{"rendered":"http:\/\/www.hendrik.maekeler.eu\/?p=810"},"modified":"2011-01-04T23:42:53","modified_gmt":"2011-01-04T21:42:53","slug":"vernetzung-der-wikingerzeitlichen-munzpragung-im-europaischen-raum","status":"publish","type":"post","link":"https:\/\/www.hendrik.maekeler.eu\/en\/vernetzung-der-wikingerzeitlichen-munzpragung-im-europaischen-raum\/","title":{"rendered":"Die Vernetzung der wikingerzeitlichen M\u00fcnzpr\u00e4gung im europ\u00e4ischen Raum und deren Bedeutung f\u00fcr die Definition von Herrschaftsr\u00e4umen"},"content":{"rendered":"<p><\/p>\n<p>Workshop &#8220;<a href=\"http:\/\/www.histosem.uni-kiel.de\/Lehrstuehle\/wirtschaft\/tagungen\/Flyer%20Raumbildung%20durch%20Netzwerke.pdf\" target=\"_blank\">Raumbildung durch Netzwerke? Der Ostseeraum zwischen Kaiserzeit und Sp\u00e4tmittelalter aus arch\u00e4ologischer und geschichtswissenschaftlicher Perspektive<\/a>&#8220;, <a href=\"http:\/\/www.uni-kiel.de\/index-e.shtml\" target=\"_blank\">University of Kiel<\/a>, Internationales Begegnungszentrum, October 28<sup>th<\/sup> and 29<sup>th<\/sup>, 2010: &#8220;Die Vernetzung der wikingerzeitlichen M\u00fcnzpr\u00e4gung im europ\u00e4ischen Raum und deren Bedeutung f\u00fcr die Definition von Herrschaftsr\u00e4umen&#8221;<!--more--><div class=\"gm-map\" style=\"position: relative;height: 200px; width: 200px;\"><iframe name=\"gm-map-2\" allowfullscreen src=\"https:\/\/www.hendrik.maekeler.eu\/en\/?geo_mashup_content=render-map&amp;map_data_key=9e4045e64d488a65a4652bb9c8a76abc&amp;name=gm-map-2&amp;map_content=contextual&amp;error_comment=&lt;!-- Geo Mashup found no objects to map in this context--&gt;\" style=\"position: absolute; top: 0; left: 0; width: 100%; height: 100%; border: none; overflow: hidden;\"><\/iframe><\/div><\/p>\n<\/p>\n<p><\/p>\n<div class=\"sharedaddy sd-sharing-enabled\"><div class=\"robots-nocontent sd-block sd-social sd-social-icon sd-sharing\"><div class=\"sd-content\"><ul><li class=\"share-email\"><a rel=\"nofollow noopener noreferrer\" data-shared=\"\" class=\"share-email sd-button share-icon no-text\" href=\"https:\/\/www.hendrik.maekeler.eu\/en\/vernetzung-der-wikingerzeitlichen-munzpragung-im-europaischen-raum\/?share=email\" target=\"_blank\" title=\"Click to email this to a friend\"><span><\/span><span class=\"sharing-screen-reader-text\">Click to email this to a friend (Opens in new window)<\/span><\/a><\/li><li class=\"share-print\"><a rel=\"nofollow noopener noreferrer\" data-shared=\"\" class=\"share-print sd-button share-icon no-text\" href=\"https:\/\/www.hendrik.maekeler.eu\/en\/vernetzung-der-wikingerzeitlichen-munzpragung-im-europaischen-raum\/\" target=\"_blank\" title=\"Click to print\"><span><\/span><span class=\"sharing-screen-reader-text\">Click to print (Opens in new window)<\/span><\/a><\/li><li class=\"share-facebook\"><a rel=\"nofollow noopener noreferrer\" data-shared=\"sharing-facebook-810\" class=\"share-facebook sd-button share-icon no-text\" href=\"https:\/\/www.hendrik.maekeler.eu\/en\/vernetzung-der-wikingerzeitlichen-munzpragung-im-europaischen-raum\/?share=facebook\" target=\"_blank\" title=\"Click to share on Facebook\"><span><\/span><span class=\"sharing-screen-reader-text\">Click to share on Facebook (Opens in new window)<\/span><\/a><\/li><li class=\"share-twitter\"><a rel=\"nofollow noopener noreferrer\" data-shared=\"sharing-twitter-810\" class=\"share-twitter sd-button share-icon no-text\" href=\"https:\/\/www.hendrik.maekeler.eu\/en\/vernetzung-der-wikingerzeitlichen-munzpragung-im-europaischen-raum\/?share=twitter\" target=\"_blank\" title=\"Click to share on Twitter\"><span><\/span><span class=\"sharing-screen-reader-text\">Click to share on Twitter (Opens in new window)<\/span><\/a><\/li><li class=\"share-linkedin\"><a rel=\"nofollow noopener noreferrer\" data-shared=\"sharing-linkedin-810\" class=\"share-linkedin sd-button share-icon no-text\" href=\"https:\/\/www.hendrik.maekeler.eu\/en\/vernetzung-der-wikingerzeitlichen-munzpragung-im-europaischen-raum\/?share=linkedin\" target=\"_blank\" title=\"Click to share on LinkedIn\"><span><\/span><span class=\"sharing-screen-reader-text\">Click to share on LinkedIn (Opens in new window)<\/span><\/a><\/li><li class=\"share-pinterest\"><a rel=\"nofollow noopener noreferrer\" data-shared=\"sharing-pinterest-810\" class=\"share-pinterest sd-button share-icon no-text\" href=\"https:\/\/www.hendrik.maekeler.eu\/en\/vernetzung-der-wikingerzeitlichen-munzpragung-im-europaischen-raum\/?share=pinterest\" target=\"_blank\" title=\"Click to share on Pinterest\"><span><\/span><span class=\"sharing-screen-reader-text\">Click to share on Pinterest (Opens in new window)<\/span><\/a><\/li><li class=\"share-reddit\"><a rel=\"nofollow noopener noreferrer\" data-shared=\"\" class=\"share-reddit sd-button share-icon no-text\" href=\"https:\/\/www.hendrik.maekeler.eu\/en\/vernetzung-der-wikingerzeitlichen-munzpragung-im-europaischen-raum\/?share=reddit\" target=\"_blank\" title=\"Click to share on Reddit\"><span><\/span><span class=\"sharing-screen-reader-text\">Click to share on Reddit (Opens in new window)<\/span><\/a><\/li><li class=\"share-tumblr\"><a rel=\"nofollow noopener noreferrer\" data-shared=\"\" class=\"share-tumblr sd-button share-icon no-text\" href=\"https:\/\/www.hendrik.maekeler.eu\/en\/vernetzung-der-wikingerzeitlichen-munzpragung-im-europaischen-raum\/?share=tumblr\" target=\"_blank\" title=\"Click to share on Tumblr\"><span><\/span><span class=\"sharing-screen-reader-text\">Click to share on Tumblr (Opens in new window)<\/span><\/a><\/li><li class=\"share-jetpack-whatsapp\"><a rel=\"nofollow noopener noreferrer\" data-shared=\"\" class=\"share-jetpack-whatsapp sd-button share-icon no-text\" href=\"https:\/\/www.hendrik.maekeler.eu\/en\/vernetzung-der-wikingerzeitlichen-munzpragung-im-europaischen-raum\/?share=jetpack-whatsapp\" target=\"_blank\" title=\"Click to share on WhatsApp\"><span><\/span><span class=\"sharing-screen-reader-text\">Click to share on WhatsApp (Opens in new window)<\/span><\/a><\/li><li class=\"share-end\"><\/li><\/ul><\/div><\/div><\/div>","protected":false},"excerpt":{"rendered":"<p>Workshop &#8220;Raumbildung durch Netzwerke? Der Ostseeraum zwischen Kaiserzeit und Sp\u00e4tmittelalter aus arch\u00e4ologischer und geschichtswissenschaftlicher Perspektive&#8220;, University of Kiel, Internationales Begegnungszentrum, October 28th and 29th, 2010: &#8220;Die Vernetzung der wikingerzeitlichen M\u00fcnzpr\u00e4gung im europ\u00e4ischen Raum und deren Bedeutung f\u00fcr die Definition von Herrschaftsr\u00e4umen&#8221;<\/p>\n<div class=\"sharedaddy sd-sharing-enabled\"><div class=\"robots-nocontent sd-block sd-social sd-social-icon sd-sharing\"><div class=\"sd-content\"><ul><li class=\"share-email\"><a rel=\"nofollow noopener noreferrer\" data-shared=\"\" class=\"share-email sd-button share-icon no-text\" href=\"https:\/\/www.hendrik.maekeler.eu\/en\/vernetzung-der-wikingerzeitlichen-munzpragung-im-europaischen-raum\/?share=email\" target=\"_blank\" title=\"Click to email this to a friend\"><span><\/span><span class=\"sharing-screen-reader-text\">Click to email this to a friend (Opens in new window)<\/span><\/a><\/li><li class=\"share-print\"><a rel=\"nofollow noopener noreferrer\" data-shared=\"\" class=\"share-print sd-button share-icon no-text\" href=\"https:\/\/www.hendrik.maekeler.eu\/en\/vernetzung-der-wikingerzeitlichen-munzpragung-im-europaischen-raum\/\" target=\"_blank\" title=\"Click to print\"><span><\/span><span class=\"sharing-screen-reader-text\">Click to print (Opens in new window)<\/span><\/a><\/li><li class=\"share-facebook\"><a rel=\"nofollow noopener noreferrer\" data-shared=\"sharing-facebook-810\" class=\"share-facebook sd-button share-icon no-text\" href=\"https:\/\/www.hendrik.maekeler.eu\/en\/vernetzung-der-wikingerzeitlichen-munzpragung-im-europaischen-raum\/?share=facebook\" target=\"_blank\" title=\"Click to share on Facebook\"><span><\/span><span class=\"sharing-screen-reader-text\">Click to share on Facebook (Opens in new window)<\/span><\/a><\/li><li class=\"share-twitter\"><a rel=\"nofollow noopener noreferrer\" data-shared=\"sharing-twitter-810\" class=\"share-twitter sd-button share-icon no-text\" href=\"https:\/\/www.hendrik.maekeler.eu\/en\/vernetzung-der-wikingerzeitlichen-munzpragung-im-europaischen-raum\/?share=twitter\" target=\"_blank\" title=\"Click to share on Twitter\"><span><\/span><span class=\"sharing-screen-reader-text\">Click to share on Twitter (Opens in new window)<\/span><\/a><\/li><li class=\"share-linkedin\"><a rel=\"nofollow noopener noreferrer\" data-shared=\"sharing-linkedin-810\" class=\"share-linkedin sd-button share-icon no-text\" href=\"https:\/\/www.hendrik.maekeler.eu\/en\/vernetzung-der-wikingerzeitlichen-munzpragung-im-europaischen-raum\/?share=linkedin\" target=\"_blank\" title=\"Click to share on LinkedIn\"><span><\/span><span class=\"sharing-screen-reader-text\">Click to share on LinkedIn (Opens in new window)<\/span><\/a><\/li><li class=\"share-pinterest\"><a rel=\"nofollow noopener noreferrer\" data-shared=\"sharing-pinterest-810\" class=\"share-pinterest sd-button share-icon no-text\" href=\"https:\/\/www.hendrik.maekeler.eu\/en\/vernetzung-der-wikingerzeitlichen-munzpragung-im-europaischen-raum\/?share=pinterest\" target=\"_blank\" title=\"Click to share on Pinterest\"><span><\/span><span class=\"sharing-screen-reader-text\">Click to share on Pinterest (Opens in new window)<\/span><\/a><\/li><li class=\"share-reddit\"><a rel=\"nofollow noopener noreferrer\" data-shared=\"\" class=\"share-reddit sd-button share-icon no-text\" href=\"https:\/\/www.hendrik.maekeler.eu\/en\/vernetzung-der-wikingerzeitlichen-munzpragung-im-europaischen-raum\/?share=reddit\" target=\"_blank\" title=\"Click to share on Reddit\"><span><\/span><span class=\"sharing-screen-reader-text\">Click to share on Reddit (Opens in new window)<\/span><\/a><\/li><li class=\"share-tumblr\"><a rel=\"nofollow noopener noreferrer\" data-shared=\"\" class=\"share-tumblr sd-button share-icon no-text\" href=\"https:\/\/www.hendrik.maekeler.eu\/en\/vernetzung-der-wikingerzeitlichen-munzpragung-im-europaischen-raum\/?share=tumblr\" target=\"_blank\" title=\"Click to share on Tumblr\"><span><\/span><span class=\"sharing-screen-reader-text\">Click to share on Tumblr (Opens in new window)<\/span><\/a><\/li><li class=\"share-jetpack-whatsapp\"><a rel=\"nofollow noopener noreferrer\" data-shared=\"\" class=\"share-jetpack-whatsapp sd-button share-icon no-text\" href=\"https:\/\/www.hendrik.maekeler.eu\/en\/vernetzung-der-wikingerzeitlichen-munzpragung-im-europaischen-raum\/?share=jetpack-whatsapp\" target=\"_blank\" title=\"Click to share on WhatsApp\"><span><\/span><span class=\"sharing-screen-reader-text\">Click to share on WhatsApp (Opens in new window)<\/span><\/a><\/li><li class=\"share-end\"><\/li><\/ul><\/div><\/div><\/div>","protected":false},"author":1,"featured_media":0,"comment_status":"closed","ping_status":"closed","sticky":false,"template":"","format":"standard","meta":{"spay_email":"","jetpack_publicize_message":"","jetpack_is_tweetstorm":false,"jetpack_publicize_feature_enabled":true},"categories":[474],"tags":[427,232,515,33,42,135,134,136,516,124],"geo":{"latitude":54.3285369999999971923898556269705295562744140625,"longitude":10.1471108999999994892959875869564712047576904296875,"description":"Kiellinie 5, 24105 Kiel, Germany"},"jetpack_featured_media_url":"","jetpack_publicize_connections":[],"jetpack_sharing_enabled":true,"jetpack_shortlink":"https:\/\/wp.me\/p3fDqY-d4","jetpack-related-posts":[{"id":1750,"url":"https:\/\/www.hendrik.maekeler.eu\/en\/vernetzung-der-wikingerzeitlichen-munzpragung\/","url_meta":{"origin":810,"position":0},"title":"Die Vernetzung der wikingerzeitlichen M\u00fcnzpr\u00e4gung im europ\u00e4ischen Raum und deren Bedeutung f\u00fcr die Definition von Herrschaftsr\u00e4umen","date":"Tuesday September 11th, 2012","format":false,"excerpt":"Hendrik M\u00e4keler: Die Vernetzung der wikingerzeitlichen M\u00fcnzpr\u00e4gung im europ\u00e4ischen Raum und deren Bedeutung f\u00fcr die Definition von Herrschaftsr\u00e4umen, in: Sunhild Kleing\u00e4rtner und Gabriel Zeilinger (Hrsg.): Raumbildung durch Netzwerke? Der Ostseeraum zwischen Wikingerzeit und Sp\u00e4tmittelalter aus arch\u00e4ologischer und geschichtswissenschaftlicher Perspektive. Beitr\u00e4ge des am 28. und 29. Oktober 2010 in Kiel veranstalteten\u2026","rel":"","context":"In &quot;Articles&quot;","img":{"alt_text":"","src":"","width":0,"height":0},"classes":[]},{"id":1899,"url":"https:\/\/www.hendrik.maekeler.eu\/en\/peter-berghaus-1919-2012\/","url_meta":{"origin":810,"position":1},"title":"Peter Berghaus (1919-2012)","date":"Thursday May 23rd, 2013","format":false,"excerpt":"Hendrik M\u00e4keler: Peter Berghaus (1919-2012), in: Secr\u00e9tariat du Conseil International de Numismatique (ed.): Compte rendu 59 (2012), pp. 78-82. Am 16. November 2012 ist mit Peter Berghaus \u201eone of the most eminent numismatists of this century\u201c (so Philip Grierson 1986 im ersten Band der \u201eMedieval European Coinage\u201c) in M\u00fcnster verstorben.\u2026","rel":"","context":"In &quot;Minor articles&quot;","img":{"alt_text":"","src":"https:\/\/i2.wp.com\/www.hendrik.maekeler.eu\/wp-content\/uploads\/2013\/05\/Peter-Berghaus-2004-213x300.jpg?resize=350%2C200","width":350,"height":200},"classes":[]},{"id":249,"url":"https:\/\/www.hendrik.maekeler.eu\/en\/wikingerzeitlicher-geldumlauf-im-ostseeraum-neue-perspektiven\/","url_meta":{"origin":810,"position":2},"title":"Wikingerzeitlicher Geldumlauf im Ostseeraum \u2013 Neue Perspektiven","date":"Tuesday September 27th, 2005","format":false,"excerpt":"Wikingerzeitlicher Geldumlauf im Ostseeraum \u2013 Neue Perspektiven, in: Quaestiones Medii Aevi Novae 10 (2005), S.\u00a0121-149.Wikingerzeitlicher Geldumlauf im Ostseeraum \u2013 Neue Perspektiven, in: Quaestiones Medii Aevi Novae 10 (2005), pp.\u00a0121-149.Wikingerzeitlicher Geldumlauf im Ostseeraum \u2013 Neue Perspektiven, dans: Quaestiones Medii Aevi Novae 10 (2005), pp.\u00a0121-149.Wikingerzeitlicher Geldumlauf im Ostseeraum \u2013 Neue Perspektiven, i:\u2026","rel":"","context":"In &quot;Articles&quot;","img":{"alt_text":"","src":"","width":0,"height":0},"classes":[]},{"id":638,"url":"https:\/\/www.hendrik.maekeler.eu\/en\/globalisierter-handel-um-die-jahrtausendwende-die-ausdehnung-des-wikingerzeitlichen-handelsraums\/","url_meta":{"origin":810,"position":3},"title":"Globalisierter Handel um die Jahrtausendwende? Die Ausdehnung des wikingerzeitlichen Handelsraums","date":"Sunday October  4th, 2009","format":false,"excerpt":"Gesellschaft f\u00fcr Sozial- und Wirtschaftsgeschichte, 23.\u00a0Arbeitstagung, Universit\u00e4t Kiel, 18. bis 21.\u00a0M\u00e4rz 2009: \u201eGlobalisierter Handel um die Jahrtausendwende? Die Ausdehnung des wikingerzeitlichen Handelsraums\u201c (Tagungsbericht)Gesellschaft f\u00fcr Sozial- und Wirtschaftsgeschichte, 23.\u00a0Arbeitstagung, Kiel University, March 18th to 21st, 2009: \u201cGlobalisierter Handel um die Jahrtausendwende? Die Ausdehnung des wikingerzeitlichen Handelsraums\u201d (Conference review)Gesellschaft f\u00fcr Sozial- und\u2026","rel":"","context":"In &quot;Past Conferences&quot;","img":{"alt_text":"","src":"","width":0,"height":0},"classes":[]},{"id":1334,"url":"https:\/\/www.hendrik.maekeler.eu\/en\/globalisierter-handel-um-die-jahrtausendwende\/","url_meta":{"origin":810,"position":4},"title":"Globalisierter Handel um die Jahrtausendwende. Die Ausdehnung des wikingerzeitlichen Handelsraums","date":"Wednesday February 23rd, 2011","format":false,"excerpt":"Hendrik M\u00e4keler: Globalisierter Handel um die Jahrtausendwende. Die Ausdehnung des wikingerzeitlichen Handelsraums, in: Rolf Walter (Hrsg.): Globalisierung in der Geschichte. Ertr\u00e4ge der 23. Arbeitstagung der Gesellschaft f\u00fcr Sozial- und Wirtschaftsgeschichte vom 18. bis 21. M\u00e4rz 2009 in Kiel (Vierteljahrschrift f\u00fcr Sozial- und Wirtschaftsgeschichte. Beihefte, 214), Stuttgart 2011, S. 15-45.Hendrik M\u00e4keler:\u2026","rel":"","context":"In &quot;Articles&quot;","img":{"alt_text":"","src":"","width":0,"height":0},"classes":[]},{"id":2216,"url":"https:\/\/www.hendrik.maekeler.eu\/en\/imitationen-imitationen-von-imitationen-und-antizipierende-imitationen\/","url_meta":{"origin":810,"position":5},"title":"(Deutsch) Imitationen, Imitationen von Imitationen und antizipierende Imitationen","date":"Thursday February  9th, 2017","format":false,"excerpt":"Sorry, this entry is only available in German.Jagen, Sammeln, Plagiieren. Imitieren als kulturelles Prinzip im Mittelalter. Interdisziplin\u00e4re Tagung des DFG-Netzwerks \u201eImitation\u201c, 9.-11. Februar 2017 (Universit\u00e4t Z\u00fcrich, R\u00e4mistrasse 59, H\u00f6rsaal RAA G-01): \"Imitationen, Imitationen von Imitationen und antizipierende Imitationen. Das Beispiel der M\u00fcnzpr\u00e4gung\"","rel":"","context":"In &quot;Past Conferences&quot;","img":{"alt_text":"","src":"","width":0,"height":0},"classes":[]}],"_links":{"self":[{"href":"https:\/\/www.hendrik.maekeler.eu\/en\/wp-json\/wp\/v2\/posts\/810"}],"collection":[{"href":"https:\/\/www.hendrik.maekeler.eu\/en\/wp-json\/wp\/v2\/posts"}],"about":[{"href":"https:\/\/www.hendrik.maekeler.eu\/en\/wp-json\/wp\/v2\/types\/post"}],"author":[{"embeddable":true,"href":"https:\/\/www.hendrik.maekeler.eu\/en\/wp-json\/wp\/v2\/users\/1"}],"replies":[{"embeddable":true,"href":"https:\/\/www.hendrik.maekeler.eu\/en\/wp-json\/wp\/v2\/comments?post=810"}],"version-history":[{"count":14,"href":"https:\/\/www.hendrik.maekeler.eu\/en\/wp-json\/wp\/v2\/posts\/810\/revisions"}],"predecessor-version":[{"id":1165,"href":"https:\/\/www.hendrik.maekeler.eu\/en\/wp-json\/wp\/v2\/posts\/810\/revisions\/1165"}],"wp:attachment":[{"href":"https:\/\/www.hendrik.maekeler.eu\/en\/wp-json\/wp\/v2\/media?parent=810"}],"wp:term":[{"taxonomy":"category","embeddable":true,"href":"https:\/\/www.hendrik.maekeler.eu\/en\/wp-json\/wp\/v2\/categories?post=810"},{"taxonomy":"post_tag","embeddable":true,"href":"https:\/\/www.hendrik.maekeler.eu\/en\/wp-json\/wp\/v2\/tags?post=810"}],"curies":[{"name":"wp","href":"https:\/\/api.w.org\/{rel}","templated":true}]}}