{"id":116,"date":"2009-09-27T11:14:28","date_gmt":"2009-09-27T09:14:28","guid":{"rendered":"http:\/\/www.hendrik.maekeler.eu\/?p=116"},"modified":"2009-09-27T12:12:17","modified_gmt":"2009-09-27T10:12:17","slug":"handbucher","status":"publish","type":"post","link":"https:\/\/www.hendrik.maekeler.eu\/fr\/handbucher\/","title":{"rendered":"Manuels"},"content":{"rendered":"<p class=\"qtranxs-available-languages-message qtranxs-available-languages-message-fr\">D\u00e9sol\u00e9, cet article est seulement disponible en <a href=\"https:\/\/www.hendrik.maekeler.eu\/de\/wp-json\/wp\/v2\/posts\/116\" class=\"qtranxs-available-language-link qtranxs-available-language-link-de\" title=\"Deutsch\">Allemand<\/a>.<\/p><p>Bislang sind in der universit\u00e4ren historischen Ausbildung kaum Lehrb\u00fccher eingesetzt worden, was ein Wissenschaftsverst\u00e4ndnis reflektiert, das Geschichte nicht als etwas Definitives betrachtet. <!--more-->Vielmehr geht man davon aus, da\u00df \u201ejede Generation ihre eigene Geschichte schreiben\u201c m\u00fcsse, um ein h\u00e4ufig vorgebrachtes Argument zu verwenden. Ein Proseminar hat daher das Ziel, die F\u00e4higkeit zu vermitteln, Geschichte eigenst\u00e4ndig in wissenschaftlicher Form aus den Quellen zu rekonstruieren.<\/p>\n<p>Wenn an dieser Stelle dennoch eine Auswahl an Lehr- und Handb\u00fcchern aufgef\u00fchrt ist, soll dieses Angebot ausschlie\u00dflich als eine erste Orientierungshilfe f\u00fcr Studenten verstanden werden, die mit den entsprechenden Werken noch unvertraut sind.<\/p>\n<p>\u00a0<\/p>\n<p><strong>Enzyklop\u00e4die deutscher Geschichte (EdG)<\/strong><\/p>\n<p>Pohl, Walter: Die Germanen (Enzyklop\u00e4die deutscher Geschichte, 57), 2. Aufl., M\u00fcnchen 2004.<\/p>\n<p>Kaiser, Reinhold: Das r\u00f6mische Erbe und das Merowingerreich (Enzyklop\u00e4die deutscher Geschichte, 26), 3. Aufl., M\u00fcnchen 2004.<\/p>\n<p>Ehlers, Joachim: Die Entstehung des Deutschen Reiches (Enzyklop\u00e4die deutscher Geschichte, 31), 2. Aufl., M\u00fcnchen 1998.<\/p>\n<figure style=\"width: 190px\" class=\"wp-caption aligncenter\"><img loading=\"lazy\" title=\"Egon Boshof: K\u00f6nigtum und K\u00f6nigsherrschaft im 10. und 11. Jahrhundert\" src=\"http:\/\/www.hendrik.maekeler.eu\/lehrbuecher-boshof.jpg\" alt=\"Egon Boshof: K\u00f6nigtum und K\u00f6nigsherrschaft im 10. und 11. Jahrhundert\" width=\"190\" height=\"300\" \/><figcaption class=\"wp-caption-text\">Egon Boshof: K\u00f6nigtum und K\u00f6nigsherrschaft im 10. und 11. Jahrhundert<\/figcaption><\/figure>\n<p>Boshof, Egon: K\u00f6nigtum und K\u00f6nigsherrschaft im 10. und 11.\u00a0Jahrhundert (Enzyklop\u00e4die deutscher Geschichte, 27), 2.\u00a0Aufl., M\u00fcnchen 1997.<\/p>\n<p>Hartmann, Wilfried: Der Investiturstreit (Enzyklop\u00e4die deutscher Geschichte, 21), 2.\u00a0Aufl., M\u00fcnchen 1996.<\/p>\n<p>Schimmelpfennig, Bernhard: K\u00f6nige und F\u00fcrsten, Kaiser und Papst nach dem Wormser Konkordat (Enzyklop\u00e4die deutscher Geschichte, 37), M\u00fcnchen 1996.<\/p>\n<p>Krieger, Karl-Friedrich: K\u00f6nig, Reich und Reichsreform im Sp\u00e4tmittelalter (Enzyklop\u00e4die deutscher Geschichte, 14), M\u00fcnchen 1992.<\/p>\n<p>Schubert, Ernst: F\u00fcrstliche Herrschaft und Territorium im sp\u00e4ten Mittelalter (Enzyklop\u00e4die deutscher Geschichte, 35), M\u00fcnchen 1996.<\/p>\n<p>Angenendt, Arnold: Grundformen der Fr\u00f6mmigkeit im Mittelalter (Enzyklop\u00e4die deutscher Geschichte, 68), 2. Aufl., M\u00fcnchen 2004.<\/p>\n<p>Berg, Dieter: Deutschland und seine Nachbarn 1200-1500 (Enzyklop\u00e4die deutscher Geschichte, 40), M\u00fcnchen 1997.<\/p>\n<p>Borgolte, Michael: Die mittelalterliche Kirche (Enzyklop\u00e4die deutscher Geschichte, 17), 2. Aufl., M\u00fcnchen 2004.<\/p>\n<p>Hammerstein, Notker: Bildung und Wissenschaft vom 15. bis zum 17. Jahrhundert (Enzyklop\u00e4die deutscher Geschichte, 64), M\u00fcnchen 2003.<\/p>\n<p>Hechberger, Werner: Adel, Ministerialit\u00e4t und Rittertum im Mittelalter (Enzyklop\u00e4die deutscher Geschichte, 72), M\u00fcnchen 2004.<\/p>\n<p>Paravicini, Werner: Die ritterlich-h\u00f6fische Kultur des Mittelalters (Enzyklop\u00e4die deutscher Geschichte, 32), M\u00fcnchen 1994.<\/p>\n<p>R\u00f6sener, Werner: Agrarwirtschaft, Agrarverfassung und l\u00e4ndliche Gesellschaft im Mittelalter (Enzyklop\u00e4die deutscher Geschichte, 13), M\u00fcnchen 1992.<\/p>\n<p>Toch, Michael: Die Juden im mittelalterlichen Reich (Enzyklop\u00e4die deutscher Geschichte, 44), 2.\u00a0Aufl., M\u00fcnchen 2003.<\/p>\n<p>\u00a0<\/p>\n<p><strong>Gebhardt. Handbuch der deutschen Geschichte<\/strong><\/p>\n<p>Haverkamp, Alfred: Perspektiven deutscher Geschichte w\u00e4hrend des Mittelalters (Gebhardt. Handbuch der deutschen Geschichte, 1), 10.\u00a0Aufl., Stuttgart 2004, S.\u00a01-143.<\/p>\n<p>Prinz, Friedrich: Europ\u00e4ische Grundlagen deutscher Geschichte (4.-8.\u00a0Jahrhundert) (Gebhardt. Handbuch der deutschen Geschichte, 1), 10.\u00a0Aufl., Stuttgart 2004, S.\u00a0145-647.<\/p>\n<p>Schieffer, Rudolf: Die Zeit des karolingischen Gro\u00dfreichs (714-887) (Gebhardt. Handbuch der deutschen Geschichte, 2), 10.\u00a0Aufl., Stuttgart 2005.<\/p>\n<p>Haverkamp, Alfred: Zw\u00f6lftes Jahrhundert 1125-1198 (Gebhardt. Handbuch der deutschen Geschichte, 5), 10.\u00a0Aufl., Stuttgart 2003.<\/p>\n<p>St\u00fcrner, Wolfgang: Dreizehntes Jahrhundert 1198-1273 (Gebhardt. Handbuch der deutschen Geschichte, 6), 10.\u00a0Aufl., Stuttgart 2007.<\/p>\n<figure style=\"width: 178px\" class=\"wp-caption aligncenter\"><img loading=\"lazy\" title=\"Hartmut Boockmann und Heinrich Dormeier: Konzilien, Kirchen- und Reichsreform\" src=\"http:\/\/www.hendrik.maekeler.eu\/lehrbuecher-dormeier.jpg\" alt=\"Hartmut Boockmann und Heinrich Dormeier: Konzilien, Kirchen- und Reichsreform\" width=\"178\" height=\"300\" \/><figcaption class=\"wp-caption-text\">Hartmut Boockmann und Heinrich Dormeier: Konzilien, Kirchen- und Reichsreform<\/figcaption><\/figure>\n<p>Boockmann, Hartmut und Dormeier, Heinrich: Konzilien, Kirchen- und Reichsreform (1410-1495) (Gebhardt. Handbuch der deutschen Geschichte, 8), 10.\u00a0Aufl., Stuttgart 2005.<\/p>\n<p>Reinhard, Wolfgang: Probleme deutscher Geschichte 1495-1806. Reichsreform und Reformation 1495-1555 (Gebhardt. Handbuch der deutschen Geschichte, 9), 10.\u00a0Aufl., Stuttgart 2001.<\/p>\n<p>\u00a0<\/p>\n<p><strong>Neue deutsche Geschichte<\/strong><\/p>\n<p>Prinz, Friedrich: Grundlagen und Anf\u00e4nge. Deutschland bis 1056 (Neue Deutsche Geschichte, 1), 2.\u00a0Aufl., M\u00fcnchen 1993.<\/p>\n<figure style=\"width: 182px\" class=\"wp-caption aligncenter\"><img loading=\"lazy\" title=\"Alfred Haverkamp: Aufbruch und Gestaltung\" src=\"http:\/\/www.hendrik.maekeler.eu\/lehrbuecher-haverkamp.jpg\" alt=\"Alfred Haverkamp: Aufbruch und Gestaltung\" width=\"182\" height=\"300\" \/><figcaption class=\"wp-caption-text\">Alfred Haverkamp: Aufbruch und Gestaltung<\/figcaption><\/figure>\n<p>Haverkamp, Alfred: Aufbruch und Gestaltung. Deutschland 1056-1273 (Neue Deutsche Geschichte, 2), 2.\u00a0Aufl., M\u00fcnchen 1993.<\/p>\n<p>\u00a0<\/p>\n<p><strong>Oldenbourg Grundri\u00df der Geschichte<\/strong><\/p>\n<p>Martin, Jochen: Sp\u00e4tantike und V\u00f6lkerwanderung (Oldenbourg Grundriss der Geschichte, 4), 4.\u00a0Aufl., M\u00fcnchen 2001.<\/p>\n<p>Schneider, Reinhard: Das Frankenreich (Oldenbourg Grundriss der Geschichte, 5), 4.\u00a0Aufl., M\u00fcnchen 2001.<\/p>\n<p>Fried, Johannes: Die Formierung Europas 840-1046 (Oldenbourg Grundriss der Geschichte, 6), 3.\u00a0Aufl., M\u00fcnchen 2008<\/p>\n<p>Jakobs, Hermann: Kirchenreform und Hochmittelalter 1046-1215 (Oldenbourg Grundriss der Geschichte, 7), 4.\u00a0Aufl., M\u00fcnchen 1999.<\/p>\n<figure style=\"width: 191px\" class=\"wp-caption aligncenter\"><img loading=\"lazy\" title=\"Ulf Dirlmeier u.a.: Europa im Sp\u00e4tmittelalter\" src=\"http:\/\/www.hendrik.maekeler.eu\/lehrbuecher-dirlmeier.jpg\" alt=\"Ulf Dirlmeier u.a.: Europa im Sp\u00e4tmittelalter\" width=\"191\" height=\"300\" \/><figcaption class=\"wp-caption-text\">Ulf Dirlmeier u.a.: Europa im Sp\u00e4tmittelalter<\/figcaption><\/figure>\n<p>Dirlmeier, Ulf u.a.: Europa im Sp\u00e4tmittelalter 1215-1378 (Oldenbourg Grundri\u00df der Geschichte, 8), M\u00fcnchen 2003.<\/p>\n<p>Meuthen, Erich: Das 15.\u00a0Jahrhundert (Oldenbourg Grundri\u00df der Geschichte, 9), 4.\u00a0Aufl., M\u00fcnchen 2006.<\/p>\n<p>\u00a0<\/p>\n<p><strong>Propyl\u00e4en Geschichte Deutschlands<\/strong><\/p>\n<p>Fried, Johannes: Der Weg in die Geschichte. Die Urspr\u00fcnge Deutschlands bis 1024 (Propyl\u00e4en Geschichte Deutschlands, 1), Berlin 1994.<\/p>\n<p>Keller, Hagen: Zwischen regionaler Begrenzung und universalem Horizont. Deutschland im Imperium der Salier und Staufer 1024 bis 1250 (Propyl\u00e4en Geschichte Deutschlands, 2), Berlin 1986.<\/p>\n<figure style=\"width: 193px\" class=\"wp-caption aligncenter\"><img loading=\"lazy\" title=\"Peter Moraw: Von offener Verfassung zu gestalteter Verdichtung\" src=\"http:\/\/www.hendrik.maekeler.eu\/lehrbuecher-moraw.jpg\" alt=\"Peter Moraw: Von offener Verfassung zu gestalteter Verdichtung\" width=\"193\" height=\"294\" \/><figcaption class=\"wp-caption-text\">Peter Moraw: Von offener Verfassung zu gestalteter Verdichtung<\/figcaption><\/figure>\n<p>Moraw, Peter: Von offener Verfassung zu gestalteter Verdichtung. Das Reich im sp\u00e4ten Mittelalter 1250 bis 1490 (Propyl\u00e4en Geschichte Deutschlands, 3), Berlin 1985.<\/p>\n<p>Lutz, Heinrich: Das Ringen um deutsche Einheit und kirchliche Erneuerung. Von Maximilian\u00a0I. bis zum Westf\u00e4lischen Frieden 1490 bis 1648 (Propyl\u00e4en Geschichte Deutschlands, 4), Berlin 1983.<\/p>\n<p>\u00a0<\/p>\n<p><strong>Siedler deutsche Geschichte<\/strong><\/p>\n<p>Wolfram, Herwig: Das Reich und die Germanen. Zwischen Antike und Mittelalter (Das Reich und die Deutschen, 1), Berlin 1990.<\/p>\n<p>Schulze, Hans K.: Vom Reich der Franken zum Land der Deutschen. Merowinger und Karolinger (Das Reich und die Deutschen, 2), Berlin 1987.<\/p>\n<p>Schulze, Hans K.: Hegemoniales Kaisertum. Ottonen und Salier (Das Reich und die Deutschen, 3), Berlin 1991.<\/p>\n<figure style=\"width: 205px\" class=\"wp-caption aligncenter\"><img loading=\"lazy\" title=\"Hartmut Boockmann: Stauferzeit und sp\u00e4tes Mittelalter\" src=\"http:\/\/www.hendrik.maekeler.eu\/lehrbuecher-boockmann.jpg\" alt=\"Hartmut Boockmann: Stauferzeit und sp\u00e4tes Mittelalter\" width=\"205\" height=\"300\" \/><figcaption class=\"wp-caption-text\">Hartmut Boockmann: Stauferzeit und sp\u00e4tes Mittelalter<\/figcaption><\/figure>\n<p>Boockmann, Hartmut: Stauferzeit und sp\u00e4tes Mittelalter. Deutschland 1125-1517 (Das Reich und die Deutschen, 4), Berlin 1987.<\/p>\n<p>\u00a0<\/p>\n<p><strong>Urban Taschenb\u00fccher<\/strong><\/p>\n<p><em>In der Reihe der Urban Taschenb\u00fccher erscheinen Monographien zu den einzelnen Herrscherdynastien des Mittelalters, womit eine weitere sinnvolle Darstellungsgliederung der mittelalterlichen Geschichte vorliegt.<\/em><\/p>\n<p>Ewig, Eugen: Die Merowinger und das Frankenreich (Urban Taschenb\u00fccher, 392), 5.\u00a0Aufl., Stuttgart 2006.<\/p>\n<p>Schieffer, Rudolf: Die Karolinger (Urban Taschenb\u00fccher, 411), 4.\u00a0Aufl., Stuttgart 2006.<\/p>\n<p>Althoff, Gerd: Die Ottonen. K\u00f6nigsherrschaft ohne Staat (Urban Taschenb\u00fccher, 473), 2.\u00a0Aufl., Stuttgart 2005.<\/p>\n<p>Beumann, Helmut: Die Ottonen (Urban Taschenb\u00fccher, 384), 5.\u00a0Aufl., Stuttgart 2000.<\/p>\n<p>Engels, Odilo: Die Staufer (Urban Taschenb\u00fccher, 154), 8.\u00a0Aufl., Stuttgart 2005.<\/p>\n<p>Schneidm\u00fcller, Bernd: Die Welfen. Herrschaft und Erinnerung (819-1252) (Urban Taschenb\u00fccher, 465), Stuttgart 2000.<\/p>\n<p>Boshof, Egon: Die Salier (Urban Taschenb\u00fccher, 387), 4.\u00a0Aufl., Stuttgart 2000.<\/p>\n<p>Krieger, Karl-Friedrich: Die Habsburger im Mittelalter. Von Rudolf\u00a0I. bis Friedrich\u00a0III. (Urban Taschenb\u00fccher, 452), 2.\u00a0Aufl., Stuttgart 2004.<\/p>\n<p>Erbe, Michael: Die Habsburger 1493-1918. Eine Dynastie im Reich und in Europa (Urban Taschenb\u00fccher, 454), Stuttgart 2000.<\/p>\n<figure style=\"width: 186px\" class=\"wp-caption aligncenter\"><img loading=\"lazy\" title=\"J\u00f6rg K. Hoensch: Die Luxemburger\" src=\"http:\/\/www.hendrik.maekeler.eu\/lehrbuecher-hoensch.jpg\" alt=\"J\u00f6rg K. Hoensch: Die Luxemburger\" width=\"186\" height=\"300\" \/><figcaption class=\"wp-caption-text\">J\u00f6rg K. Hoensch: Die Luxemburger<\/figcaption><\/figure>\n<p>Hoensch, J\u00f6rg K.: Die Luxemburger. Eine sp\u00e4tmittelalterliche Dynastie gesamteurop\u00e4ischer Bedeutung 1308-1437 (Urban Taschenb\u00fccher, 407), Stuttgart 2000.<\/p>\n<p>Holzfurtner, Ludwig: Die Wittelsbacher. Staat und Dynastie in acht Jahrhunderten (Urban Taschenb\u00fccher, 592), Stuttgart 2005.<\/p>\n<p>Ehlers, Joachim: Die Kapetinger (Urban Taschenb\u00fccher, 471), Stuttgart 2000.<\/p>\n<p>Berg, Dieter: Die Anjou-Plantagenet. Die englischen K\u00f6nige im Europa des Mittelalters (1100-1400) (Urban Taschenb\u00fccher, 577), Stuttgart 2003.<\/p>\n<p>\u00a0<\/p>\n<p><strong>The New Cambridge Medieval History<\/strong><\/p>\n<p><a href=\"http:\/\/histories.cambridge.org\/collection?id=set_new_cambridge_medieval_history\">Die New Cambridge Medieval History ist ebenfalls online verf\u00fcgbar.<\/a><\/p>\n<h4>Band\u00a01<\/h4>\n<p>Fouracre, Paul (Hrsg.): The New Cambridge Medieval History, Band\u00a01: c.500\u2013c.700, Cambridge u.a. 2005.<br \/>\nEnth\u00e4lt: Fouracre, Paul: Introduction. The History of Europe 500-700; Gerberding, Richard: The later Roman Empire; Halsall, Guy: The barbarian invasions; Halsall, Guy: The sources and their interpretation; Louth, Andrew: The eastern empire in the sixth century; Moorhead, John: The Byzantines in the West in the sixth century; Moorhead, John: Ostrogothic Italy and the Lombard invasions; Barbero, A. und Loring, M.I.: The formation of the Sueve and Visigothic kingdoms in Spain; Van Dam, Raymond: Merovingian Gaul and the Frankish Conquests; Davies, Wendy: The Celtic kingdoms; Hamerow, Helena: The earliest Anglo-Saxon kingdoms; Louth, Andrew: The Byzantine empire in the seventh century; Hillenbrand, Carole: Muhammad and the rise of Islam; Barbero, A. und Loring, M.I.: The Catholic Visigothic Kingdom; Fouracre, Paul: Francia in the seventh century; Stancliffe, Clare: Religion and society in Ireland; Stancliffe, Clare: Christianity amongst the Britons, D\u00e1lriadan Irish and Picts; Thacker, Alan: England in the seventh century; Hedeager, Lotte: Scandinavia (c.500-700 AD; Kobylinski, Zbigniew: The Slavs 500-700 AD; Toch, Michael: The Jews in Europe, 500-1050; Wormald, Patrick: Kings and kingship; Loseby, Simon: The Mediterranean economy; Lebecq, St\u00e9phane: The Northern seas (fifth to eighth centuries); Blackburn, Mark: Money and coinage; Scheibelreiter, Georg: Church structure and organisation; Wood, Ian: Christianisation and the dissemination of Christian teaching; Fontaine, Jacques: Education and learning (500-700); Wood, Ian: Art and architecture of western Europe, 500-700; Brubaker, Leslie: Art and architecture, 500-700: the East<\/p>\n<figure style=\"width: 201px\" class=\"wp-caption aligncenter\"><img loading=\"lazy\" title=\"Rosamond McKitterick: The New Cambridge Medieval History\" src=\"http:\/\/www.hendrik.maekeler.eu\/lehrbuecher-ncmh.jpg\" alt=\"Rosamond McKitterick: The New Cambridge Medieval History\" width=\"201\" height=\"300\" \/><figcaption class=\"wp-caption-text\">Rosamond McKitterick: The New Cambridge Medieval History<\/figcaption><\/figure>\n<p><strong>Band\u00a02<\/strong><\/p>\n<p>McKitterick, Rosamond (Hrsg.): The New Cambridge Medieval History, Band\u00a02: c.700\u2013c.900, Cambridge u.a. 1995.<br \/>\nEnth\u00e4lt: McKitterick, Rosamond: Introduction. Sources and interpretation; Keynes, Simon: England, 700-900; \u00d3 Corr\u00e1in, Donnchadh: Ireland, Scotland and Wales, c.700 to the early eleventh century; McKitterick, Rosamond: England and the Continent; Fouracre, Paul: Frankish Gaul to 814; Nelson, Janet L.: The Frankish kingdoms, 814-898. The West; Fried, Johannes: The Frankish kingdoms, 817-911. The East and Middle kingdoms; Smith, Julia M.H.: <em>Fines imperii<\/em>. The marches; Coupland, Simon: The Vikings in Francia and Anglo-Saxon England to 911; Lund, Niels: Scandinavia, c.700-1066; Shepard, Jonathan: Slavs and Bulgars; Kennedy, Hugh: The Muslims in Europe; Collins, Roger: Spain. The northern kingdoms and the Basques, 711-910; Delogu, Paolo: Lombard and Carolingian Italy; Brown, T.S.: Byzantine Italy, c.680-876; McCormick, Michael: Byzantium and the west, 700-900; Nelson, Janet L.: Kingship and royal government; Airlie, Stuart: The aristocracy; Goetz, Hans-Werner: Social and military institutions; Verhulst, Adriaan: Economic organisation; Wickham, Chris: Rural society in Carolingian Europe; Blackburn, Mark: Money and coinage; Noble, Thomas F.X.: The papacy in the eighth and ninth centuries; Reynolds, Roger E.: The organisation, law and liturgy of the western church, 700-900; de Jong, Mayke: Carolingian monasticism. The power of prayer; Smith, Julia M.H.: Religion and lay society; McKitterick, Rosamond: Eighth-century foundations; Banniard, Michel: Language and communication in Carolingian Europe; Contreni, John J.: The Carolingian renaissance. Education and literary culture; Ganz, David: Theology and the organisation of thought; Ganz, David: Book production in the Carolingian empire and the spread of Caroline minuscule; Nees, Lawrence: Art and Architecture; McKitterick, Rosamond: Conclusion.<\/p>\n<h4>Band\u00a03<\/h4>\n<p>Reuter, Timothy (Hrsg.): The New Cambridge Medieval History, Band\u00a03: c.900-c.1024, Cambridge u.a. 1999.<br \/>\nEnth\u00e4lt: Reuter, Timothy: Introduction; Fossier, Robert: Rural economy and country life; Johanek, Peter: Merchants, markets and towns; Nelson, Janet: Rulers and government; McKitterick, Rosamond: The Church; Wollasch, Joachim: Monasticism; Leonardi, Claudio: Intellectual life; Mayr-Hartin, Henry: Artists and patrons; M\u00fcller-Mertens, Eckhard: The Ottonians as kings and queens; Althoff, Gerd: Saxony and the Elbe slavs in the tenth century; Wolfram, Herwig: Bavaria in the tenth and early eleventh centuries; Parisse, Michel: Lotharingia; Bouchard, Constance: Burgundy and Provence, 879-1032; Sergi, Giuseppe: The kingdom of Italy; Dunbabin, Jean: West Francia. The kingdom; Bates, David: West Francia. The northern principalities; Zimmermann, Michel: West Francia. The southern principalities; Keynes, Simon: England; Noonan, Thomas: European Russia, c.500-c.1050; Strzelczyk, Jerzy: Bohemia and Poland; Bakay, Korn\u00e9l: Hungary; Shepard, Jonathan: Byzantium in equlilibrium, 886-944; Shepard, Jonathan: Bulgaria. The other Balkan \u2018empire\u2019; Shepard, Jonathan: Byzantium and the west; Loud, Graham: Southern Italy in the tenth century; Kennedy, Hugh: Sicily and al-Andalus under Muslim rule; Collins, Roger: The Spanish kingdoms.<\/p>\n<h4>Band\u00a04, Teil\u00a01<\/h4>\n<p>Luscombe, David und Riley-Smith, Jonathan (Hrsg.): The New Cambridge Medieval History, Band\u00a04: c.1024-c.1198, Teil\u00a01, Cambridge u.a. 2004.<br \/>\nEnth\u00e4lt: Luscombe, David und Riley-Smith, Jonathan: Introduction; The rural economy and demographic growth Robert Fossier; Keene, Derek: Towns and the growth of trade; Reynolds, Susan: Government and community, 1024-1204; Landau, Peter: The development of law; Flori, Jean: Knightly society; Hehl, Ernst-Dieter: War, peace and the Christian order, 1024-1204; Cowdrey, H.E.J.: The structure of the church, 1024-1073; Robinson, I.S.: Reform and the church, 1073-1122; Constable, Giles: Religious communities, 1024-1215; Robinson, I.S.: The institutions of the church, 1073-1216; Luscombe, D.E.: Thought and learning; Hamilton, Bernard: Religion and laity (including popular devotions and heresy); Riley-Smith, Jonathan: The crusades, 1095-1198; Richard, Jean: The eastern churches; Kennedy, Hugh: Muslim Spain and Portugal. Al-Andalus and its neighbours, 1025-1198; Chazan, Robert: The Jews in Europe and the Mediterranean basin in the eleventh and twelfth centuries; Ziolkowski, Jan: Literature (Latin and vernacular); Kidson, Patrick: Romanesque and gothic. Architecture and the arts.<\/p>\n<h4>Band\u00a04, Teil\u00a02<\/h4>\n<p>Luscombe, David und Riley-Smith, Jonathan (Hrsg.): The New Cambridge Medieval History, Band 4: c.1024-c.1198, Teil 2, Cambridge u.a. 2004.<br \/>\nEnth\u00e4lt: Riley-Smith, Jonathan und Luscombe David: Introduction; Blumenthal, Uta-Renate: The papacy, 1024-1122; Vollrath, Hanna: The western empire (including the French speaking imperial lands) under the Salians; Tabacco, Giovanni: Italy in the eleventh century. Northern and central Italy; Loud, Graham: Italy in the eleventh century. Southern Italy Graham Loud; Bouchard, Constance: The kingdom of the Franks to 1108; Barton, Simon: Spain in the eleventh century; Chibnall, Marjorie: England and Normandy, 1042-1137; Angold, Michael: The Byzantine empire, 1025-1118; Dimnik, Martin: Russia, the Bulgars and the southern Slavs, 1024-c. 1200; Wyrozumski, Jerzy: Poland in the eleventh and twelfth centuries; Sawyer, Peter: Scandinavia in the eleventh and twelfth centuries; Berend, Nora: Hungary in the eleventh and twelfth centuries; Robinson, I.S.: The papacy, 1122-1198; Arnold, Benjamin: The western empire, 1125-1197; Tabacco, Giovanni: Italy in the twelfth century. Northern and central Italy; Loud, Graham: Italy in the twelfth century. Norman Sicily; Linehan, Peter: Spain in the twelfth century; Baldwin, John W.: The kingdom of the Franks from Louis VI to Philip II. Crown and government; Bur, Michel: The kingdom of the Franks from Louis VI to Philip II. The seigneuries Michel Bur; Keefe, Thomas K.: England and the Angevin dominions, 1137-1204; Barrow, Geoffrey: Scotland, Wales and Ireland in the twelfth century; Magdalino, Paul: The Byzantine empire, 1118-1204; Mayer, Hans: The Latin east, 1098-1204; Brett, Michael: Abbasids, Fatimids and Seljuqs; Humphreys, Stephen: Zangids, Ayyubids and Seljuqs.<\/p>\n<h4>Band\u00a05<\/h4>\n<p>Abulafia, David (Hrsg.): The New Cambridge Medieval History, Band 5: c.1198-c.1300, Cambridge u.a. 1999.<br \/>\nEnth\u00e4lt: Abulafia, David: Introduction; Stacey, Robert: Social change in the thirteenth century. Nobles and knights; Epstein, Steven: Social change in the thirteenth century. Urban society; Siv\u00e9ry, G\u00e9rard Social change in the thirteenth century. Rural society; Reyerson, Kathryn: Commerce and communications; Smith, Colin: The vernacular; Binski, Paul: Thirteenth-century art and architecture; Watt, J.A.: The papacy in the thirteenth century; Hamilton, Bernard: The Albigensian Crusades and heresy; Vauchez, Andr\u00e9: The Church and the laity; Verger, Jacques: The universities and scholasticism; Jordan, William Chester: The Capetians from Philip\u00a0II to Philip\u00a0IV; Carpenter, David: The Plantagenet kings; Cox, Eugene: The kingdom of Burgundy, the lands of Savoy and adjacent territories; Toch, Michael: Welfs, Hohenstaufen and Habsburgs in Germany, 1197-1308; Blockmans, Wim: Flanders in the thirteenth century; Pryor, John: Northern Italy. The maritime republics; Tangheroni, Marco: Sardinia and Corsica from the mid-twelfth to the early fourteenth century; Trevor, Dean: The rise of the signori; Green, Louis: Florence; Abulafia, David: The kingdom of Sicily under Hohenstaufen and Angevin rule; Jacoby, David: Byzantium after the Fourth Crusade. The Latin empire of Constantinople and the Frankish states in Greece; Angold, Michael: Byzantium after the Fourth Crusade. The Greek rump states and the recovery of Byzantium Michael Angold; Housley, Norman: The thirteenth-century crusades in the Mediterranean; Edbury, Peter: The Crusader states and Cyprus; Irwin, Robert: The rise of the Mamluks; (b) Brett, Michael: The Maghrib; Abulafia, David: The Nasrid kingdom of Granada; Abulafia, David: The rise of Aragon-Catalonia; Linehan, Peter: Castile, Portugal and Navarre; Jackson, Peter: The Mongols and Europe; Bagge, Sverre: The Scandinavian kingdoms; Burleigh, Michael: The military orders in the Baltic; Rowell, S.C.: The central European kingdoms; Ducellier, Alain: Albania, Serbia and Bulgaria; Franklin, Simon: Russia; Bartlett, Robert: The Celtic lands.<\/p>\n<h4>Band\u00a06<\/h4>\n<p>Jones, Michael (Hrsg.): The New Cambridge Medieval History, Band 6: c.1300-c.1415, Cambridge u.a. 2000.<br \/>\nEnth\u00e4lt: Jones, Michael: Introduction; Rigaudi\u00e8re, Albert: The theory and practice of government in western Europe; Catto, Jeremy: Currents of religious thought and expression; Verger, Jacques: The universities; Freedman, Paul: Rural society; Leguay, Jean-Pierre: Urban life; Klapisch-Zuber, Christiane: Plague and family life; Spufford, Peter: Trade in fourteenth-century Europe; Keen, Maurice: Chivalry and the aristocracy; Binski, Paul: Court patronage and international gothic; Crossley, Paul: Architecture; Havely, Nick: Literature in Italian, French and English. Uses and muses of the vernacular; Ormrod, Mark: England. Edward\u00a0II and Edward\u00a0III; Barron, Caroline M.: England. The reign of Richard\u00a0II; Carr, A.D.: Wales; Grant, Alexander: Fourteenth-century Scotland; Frame, Robin: Ireland; Jones, Michael: France. The last Capetians and the early Valois kings, 1314-1364; Autrand, Fran\u00e7oise: France under Charles\u00a0V and Charles\u00a0VI; Law, John: Italy in the age of Dante and Petrarch. The north; Green, Louis: Italy in the age of Dante and Petrarch. Florence and the republican tradition; Abulafia, David: Italy in the age of Dante and Petrarch. The Italian south; Herde, Peter: The Empire. From Adolph I to Lewis of Bavaria, 1292-1347; Hlavacek, Ivan: The Empire. The Luxemburgs and Rupert of the Palatinate, 1347-1410; Prevenier, Walter: The Low Countries, 1290-1415; Forey, Alan: The Iberian Peninsula. The crown of Aragon; Linehan, Peter: The Iberian Peninsula. Castile, Navarre and Portugal; Zutshi, Patrick: The Avignon papacy; Kaminsky, Howard: The Great Schism; Rowell, S.C.: Baltic Europe; Michaud, Claude: The kingdoms of central Europe in the fourteenth century; Kollmann, Nancy Shields: The principalities of Rus&rsquo; in the fourteenth century; Laiou, Angeliki E.: The Byzantine empire in the fourteenth century; Balard, Michel: Latins in the Aegean and the Balkans in the fourteenth century; Kunt, I. Metin: The rise of the Ottomans; Edbury, Peter: Christians and Muslims in the eastern Mediterranean.<\/p>\n<h4>Band\u00a07<\/h4>\n<p>Allmand, Christopher (Hrsg.): The New Cambridge Medieval History, Band 7: c.1415-c.1500, Cambridge u.a. 1998.<br \/>\nEnth\u00e4lt: Genet, Jean-Philippe: Politics. Theory and practice; Blockmans, Wim: Representation (since the thirteenth century); Black, Antony: Popes and councils; Contamine, Philippe: The European nobility; Dyer, Christoper: Rural Europe; Dobson, Barrie: Urban Europe; Childs, Wendy: Commerce and trade; Allmand, Christopher: War; Fern\u00e0ndez-Armesto, Felipe: Exploration and discovery; Rapp, Francis: Religious belief and practice; Verger, Jacques: Schools and universities; Black, Robert: Humanism; Vale, Malcolm: Manuscripts and books; McKitterick, David: The beginning of printing; Crossley, Paul: Architecture and painting; 16. Curtis, Gareth: Music; Scott, Tom: Germany and the Empire; Klassen, John: Hus, the Hussites and Bohemia; Vale, Malcolm: France at the end of the Hundred Years War (c. 1420-1461); Chevalier, Bernard: The recovery of France, 1450-1520; Schnerb, Bertrand: Burgundy; Powell, Edward: Lancastrian England; Horrox, Rosemary: Yorkist and early Tudor England; Cosgrove, Art: Ireland; Wormald, Jenny: Scotland: 1406-1513; Mallett, Michael: The northern Italian states; Ryder, Alan: The papal states and the kingdom of Naples; Mario Del Treppo: Aragon; MacKay, Angus: Castile and Navarre; de Sousa, Armindo: Portugal; Sablonier, Roger: The Swiss Confederation; Riis, Thomas: The states of Scandinavia c.1390-c.1536; Bak, Janos: Hungary. Crown and estates; Gieysztor, Aleksander: The kingdom of Poland and the grand duchy of Lithuania, 1370-1506; Shields Kollmann, Nancy: Russia; Bryer, Anthony: Byzantium. The Roman Orthodox world, 1393-1492; Luttrell, Anthony: The Latin east; Zachariadou, Elizabeth: The Ottoman world; Allmand, Christopher: Conclusion.<\/p>\n<div class=\"sharedaddy sd-sharing-enabled\"><div class=\"robots-nocontent sd-block sd-social sd-social-icon sd-sharing\"><div class=\"sd-content\"><ul><li class=\"share-email\"><a rel=\"nofollow noopener noreferrer\" data-shared=\"\" class=\"share-email sd-button share-icon no-text\" href=\"https:\/\/www.hendrik.maekeler.eu\/fr\/handbucher\/?share=email\" target=\"_blank\" title=\"Cliquez pour envoyer par e-mail \u00e0 un ami\"><span><\/span><span class=\"sharing-screen-reader-text\">Cliquez pour envoyer par e-mail \u00e0 un ami(ouvre dans une nouvelle fen\u00eatre)<\/span><\/a><\/li><li class=\"share-print\"><a rel=\"nofollow noopener noreferrer\" data-shared=\"\" class=\"share-print sd-button share-icon no-text\" href=\"https:\/\/www.hendrik.maekeler.eu\/fr\/handbucher\/\" target=\"_blank\" title=\"Cliquer pour imprimer\"><span><\/span><span class=\"sharing-screen-reader-text\">Cliquer pour imprimer(ouvre dans une nouvelle fen\u00eatre)<\/span><\/a><\/li><li class=\"share-facebook\"><a rel=\"nofollow noopener noreferrer\" data-shared=\"sharing-facebook-116\" class=\"share-facebook sd-button share-icon no-text\" href=\"https:\/\/www.hendrik.maekeler.eu\/fr\/handbucher\/?share=facebook\" target=\"_blank\" title=\"Cliquez pour partager sur Facebook\"><span><\/span><span class=\"sharing-screen-reader-text\">Cliquez pour partager sur Facebook(ouvre dans une nouvelle fen\u00eatre)<\/span><\/a><\/li><li class=\"share-twitter\"><a rel=\"nofollow noopener noreferrer\" data-shared=\"sharing-twitter-116\" class=\"share-twitter sd-button share-icon no-text\" href=\"https:\/\/www.hendrik.maekeler.eu\/fr\/handbucher\/?share=twitter\" target=\"_blank\" title=\"Cliquez pour partager sur Twitter\"><span><\/span><span class=\"sharing-screen-reader-text\">Cliquez pour partager sur Twitter(ouvre dans une nouvelle fen\u00eatre)<\/span><\/a><\/li><li class=\"share-linkedin\"><a rel=\"nofollow noopener noreferrer\" data-shared=\"sharing-linkedin-116\" class=\"share-linkedin sd-button share-icon no-text\" href=\"https:\/\/www.hendrik.maekeler.eu\/fr\/handbucher\/?share=linkedin\" target=\"_blank\" title=\"Cliquez pour partager sur LinkedIn\"><span><\/span><span class=\"sharing-screen-reader-text\">Cliquez pour partager sur LinkedIn(ouvre dans une nouvelle fen\u00eatre)<\/span><\/a><\/li><li class=\"share-pinterest\"><a rel=\"nofollow noopener noreferrer\" data-shared=\"sharing-pinterest-116\" class=\"share-pinterest sd-button share-icon no-text\" href=\"https:\/\/www.hendrik.maekeler.eu\/fr\/handbucher\/?share=pinterest\" target=\"_blank\" title=\"Cliquez pour partager sur Pinterest\"><span><\/span><span class=\"sharing-screen-reader-text\">Cliquez pour partager sur Pinterest(ouvre dans une nouvelle fen\u00eatre)<\/span><\/a><\/li><li class=\"share-reddit\"><a rel=\"nofollow noopener noreferrer\" data-shared=\"\" class=\"share-reddit sd-button share-icon no-text\" href=\"https:\/\/www.hendrik.maekeler.eu\/fr\/handbucher\/?share=reddit\" target=\"_blank\" title=\"Cliquez pour partager sur Reddit\"><span><\/span><span class=\"sharing-screen-reader-text\">Cliquez pour partager sur Reddit(ouvre dans une nouvelle fen\u00eatre)<\/span><\/a><\/li><li class=\"share-tumblr\"><a rel=\"nofollow noopener noreferrer\" data-shared=\"\" class=\"share-tumblr sd-button share-icon no-text\" href=\"https:\/\/www.hendrik.maekeler.eu\/fr\/handbucher\/?share=tumblr\" target=\"_blank\" title=\"Cliquez pour partager sur Tumblr\"><span><\/span><span class=\"sharing-screen-reader-text\">Cliquez pour partager sur Tumblr(ouvre dans une nouvelle fen\u00eatre)<\/span><\/a><\/li><li class=\"share-jetpack-whatsapp\"><a rel=\"nofollow noopener noreferrer\" data-shared=\"\" class=\"share-jetpack-whatsapp sd-button share-icon no-text\" href=\"https:\/\/www.hendrik.maekeler.eu\/fr\/handbucher\/?share=jetpack-whatsapp\" target=\"_blank\" title=\"Cliquez pour partager sur WhatsApp\"><span><\/span><span class=\"sharing-screen-reader-text\">Cliquez pour partager sur WhatsApp(ouvre dans une nouvelle fen\u00eatre)<\/span><\/a><\/li><li class=\"share-end\"><\/li><\/ul><\/div><\/div><\/div>","protected":false},"excerpt":{"rendered":"<p>D\u00e9sol\u00e9, cet article est seulement disponible en Allemand.Bislang sind in der universit\u00e4ren historischen Ausbildung kaum Lehrb\u00fccher eingesetzt worden, was ein Wissenschaftsverst\u00e4ndnis reflektiert, das Geschichte nicht als etwas Definitives betrachtet.<\/p>\n<div class=\"sharedaddy sd-sharing-enabled\"><div class=\"robots-nocontent sd-block sd-social sd-social-icon sd-sharing\"><div class=\"sd-content\"><ul><li class=\"share-email\"><a rel=\"nofollow noopener noreferrer\" data-shared=\"\" class=\"share-email sd-button share-icon no-text\" href=\"https:\/\/www.hendrik.maekeler.eu\/fr\/handbucher\/?share=email\" target=\"_blank\" title=\"Cliquez pour envoyer par e-mail \u00e0 un ami\"><span><\/span><span class=\"sharing-screen-reader-text\">Cliquez pour envoyer par e-mail \u00e0 un ami(ouvre dans une nouvelle fen\u00eatre)<\/span><\/a><\/li><li class=\"share-print\"><a rel=\"nofollow noopener noreferrer\" data-shared=\"\" class=\"share-print sd-button share-icon no-text\" href=\"https:\/\/www.hendrik.maekeler.eu\/fr\/handbucher\/\" target=\"_blank\" title=\"Cliquer pour imprimer\"><span><\/span><span class=\"sharing-screen-reader-text\">Cliquer pour imprimer(ouvre dans une nouvelle fen\u00eatre)<\/span><\/a><\/li><li class=\"share-facebook\"><a rel=\"nofollow noopener noreferrer\" data-shared=\"sharing-facebook-116\" class=\"share-facebook sd-button share-icon no-text\" href=\"https:\/\/www.hendrik.maekeler.eu\/fr\/handbucher\/?share=facebook\" target=\"_blank\" title=\"Cliquez pour partager sur Facebook\"><span><\/span><span class=\"sharing-screen-reader-text\">Cliquez pour partager sur Facebook(ouvre dans une nouvelle fen\u00eatre)<\/span><\/a><\/li><li class=\"share-twitter\"><a rel=\"nofollow noopener noreferrer\" data-shared=\"sharing-twitter-116\" class=\"share-twitter sd-button share-icon no-text\" href=\"https:\/\/www.hendrik.maekeler.eu\/fr\/handbucher\/?share=twitter\" target=\"_blank\" title=\"Cliquez pour partager sur Twitter\"><span><\/span><span class=\"sharing-screen-reader-text\">Cliquez pour partager sur Twitter(ouvre dans une nouvelle fen\u00eatre)<\/span><\/a><\/li><li class=\"share-linkedin\"><a rel=\"nofollow noopener noreferrer\" data-shared=\"sharing-linkedin-116\" class=\"share-linkedin sd-button share-icon no-text\" href=\"https:\/\/www.hendrik.maekeler.eu\/fr\/handbucher\/?share=linkedin\" target=\"_blank\" title=\"Cliquez pour partager sur LinkedIn\"><span><\/span><span class=\"sharing-screen-reader-text\">Cliquez pour partager sur LinkedIn(ouvre dans une nouvelle fen\u00eatre)<\/span><\/a><\/li><li class=\"share-pinterest\"><a rel=\"nofollow noopener noreferrer\" data-shared=\"sharing-pinterest-116\" class=\"share-pinterest sd-button share-icon no-text\" href=\"https:\/\/www.hendrik.maekeler.eu\/fr\/handbucher\/?share=pinterest\" target=\"_blank\" title=\"Cliquez pour partager sur Pinterest\"><span><\/span><span class=\"sharing-screen-reader-text\">Cliquez pour partager sur Pinterest(ouvre dans une nouvelle fen\u00eatre)<\/span><\/a><\/li><li class=\"share-reddit\"><a rel=\"nofollow noopener noreferrer\" data-shared=\"\" class=\"share-reddit sd-button share-icon no-text\" href=\"https:\/\/www.hendrik.maekeler.eu\/fr\/handbucher\/?share=reddit\" target=\"_blank\" title=\"Cliquez pour partager sur Reddit\"><span><\/span><span class=\"sharing-screen-reader-text\">Cliquez pour partager sur Reddit(ouvre dans une nouvelle fen\u00eatre)<\/span><\/a><\/li><li class=\"share-tumblr\"><a rel=\"nofollow noopener noreferrer\" data-shared=\"\" class=\"share-tumblr sd-button share-icon no-text\" href=\"https:\/\/www.hendrik.maekeler.eu\/fr\/handbucher\/?share=tumblr\" target=\"_blank\" title=\"Cliquez pour partager sur Tumblr\"><span><\/span><span class=\"sharing-screen-reader-text\">Cliquez pour partager sur Tumblr(ouvre dans une nouvelle fen\u00eatre)<\/span><\/a><\/li><li class=\"share-jetpack-whatsapp\"><a rel=\"nofollow noopener noreferrer\" data-shared=\"\" class=\"share-jetpack-whatsapp sd-button share-icon no-text\" href=\"https:\/\/www.hendrik.maekeler.eu\/fr\/handbucher\/?share=jetpack-whatsapp\" target=\"_blank\" title=\"Cliquez pour partager sur WhatsApp\"><span><\/span><span class=\"sharing-screen-reader-text\">Cliquez pour partager sur WhatsApp(ouvre dans une nouvelle fen\u00eatre)<\/span><\/a><\/li><li class=\"share-end\"><\/li><\/ul><\/div><\/div><\/div>","protected":false},"author":1,"featured_media":0,"comment_status":"closed","ping_status":"closed","sticky":false,"template":"","format":"standard","meta":{"spay_email":"","jetpack_publicize_message":"","jetpack_is_tweetstorm":false,"jetpack_publicize_feature_enabled":true},"categories":[11],"tags":[],"geo":null,"jetpack_featured_media_url":"","jetpack_publicize_connections":[],"jetpack_sharing_enabled":true,"jetpack_shortlink":"https:\/\/wp.me\/p3fDqY-1S","jetpack-related-posts":[{"id":134,"url":"https:\/\/www.hendrik.maekeler.eu\/fr\/die-europaischen-juden-im-mittelalter\/","url_meta":{"origin":116,"position":0},"title":"(Deutsch) Die europ\u00e4ischen Juden im Mittelalter","date":"dimanche 27 septembre 2009","format":false,"excerpt":"Christian-Albrechts-Universit\u00e4t zu Kiel Historisches Seminar Proseminar, 2 SWS, benoteter Schein Zeit und Ort: Fr 8:30 - 10:00, Leibnizstra\u00dfe 8 - R.101\/102 ab 18.4.2008 Die Geschichte europ\u00e4ischen Judentums im Mittelalter ist, angefangen von den Pogromen in rheinischen Judengemeinden des ersten Kreuzuges (1096) bis hin zur Vertreibung in der Mark Brandenburg (1510)\u2026","rel":"","context":"Dans &quot;2008 Semestre d'\u00e9t\u00e9&quot;","img":{"alt_text":"","src":"","width":0,"height":0},"classes":[]},{"id":128,"url":"https:\/\/www.hendrik.maekeler.eu\/fr\/die-salier\/","url_meta":{"origin":116,"position":1},"title":"La dynastie salique","date":"dimanche 27 septembre 2009","format":false,"excerpt":"Christian-Albrechts-Universit\u00e4t zu Kiel Historisches Seminar Proseminar, 2 SWS, benoteter Schein Zeit und Ort: Mo 12:00 - 14:00, Leibnizstra\u00dfe 8 - R.101\/102 ab 14.4.2008 Dem rheinfr\u00e4nkischen Adelsgeschlecht der Salier gelang es zwischen 1014 und 1125, seinem Haus die Krone des Reiches zu sichern. In die Regierungszeit der salischen Herrscher fallen der\u2026","rel":"","context":"Dans &quot;2008 Semestre d'\u00e9t\u00e9&quot;","img":{"alt_text":"","src":"","width":0,"height":0},"classes":[]},{"id":29,"url":"https:\/\/www.hendrik.maekeler.eu\/fr\/proseminar-mittelalter\/","url_meta":{"origin":116,"position":2},"title":"Cours pour \u00e9tudiants d\u00e9butants Moyen \u00c2ge","date":"samedi 26 septembre 2009","format":false,"excerpt":"Ziel des Proseminars Mittelalter ist es, die Teilnehmer in das wissenschaftliche Arbeiten im Bereich der mittelalterlichen Geschichte einzuf\u00fchren.\u00a0Die F\u00e4higkeit zu wissenschaftlichem Arbeiten soll in der abschlie\u00dfenden Hausarbeit unter Beweis gestellt werden. Dies geschieht, indem man auf der Grundlage der Quellen und in Kenntnis der Sekund\u00e4rliteratur eine Fragestellung untersucht. Den Studenten\u2026","rel":"","context":"Dans &quot;Cours pour \u00e9tudiants d\u00e9butants Moyen \u00c2ge&quot;","img":{"alt_text":"","src":"","width":0,"height":0},"classes":[]},{"id":149,"url":"https:\/\/www.hendrik.maekeler.eu\/fr\/stadte-im-mittelalter\/","url_meta":{"origin":116,"position":3},"title":"Villes au Moyen \u00c2ge","date":"dimanche 27 septembre 2009","format":false,"excerpt":"Christian-Albrechts-Universit\u00e4t zu Kiel Historisches Seminar Proseminar, 2 SWS, benoteter Schein Zeit und Ort: Mi 16:15 - 17:45, Leibnizstra\u00dfe 4 - R.027 ab 22.11.2006 Studierende im Studiengang Lehramt Realschule ohne Lateinkenntnisse sind gehalten, im Wintersemester 2006\/07 dieses Proseminar zu besuchen, da keine lateinischen Texte gelesen werden.\u00a0Studierenden im Studiengang Lehramt Realschule mit\u2026","rel":"","context":"Dans &quot;2006\/07 Semestre d'hiver&quot;","img":{"alt_text":"","src":"","width":0,"height":0},"classes":[]},{"id":139,"url":"https:\/\/www.hendrik.maekeler.eu\/fr\/das-interregnum\/","url_meta":{"origin":116,"position":4},"title":"Le Grand interr\u00e8gne","date":"dimanche 27 septembre 2009","format":false,"excerpt":"Christian-Albrechts-Universit\u00e4t zu Kiel Historisches Seminar Proseminar, 2 SWS, benoteter Schein Zeit und Ort: Di 8:00 - 10:00, Leibnizstra\u00dfe 8 - R.101\/102 ab 30.10.2007 Mit dem Begriff \u201eInterregnum\u201c wird eine \u201eZwischenregierung\u201c oder auch eine kaiserlose Zeit bezeichnet. Wenn von dem Interregnum die Rede ist, dann meint man gemeinhin die Zeit zwischen\u2026","rel":"","context":"Dans &quot;2007\/08 Semestre d'hiver&quot;","img":{"alt_text":"","src":"","width":0,"height":0},"classes":[]},{"id":95,"url":"https:\/\/www.hendrik.maekeler.eu\/fr\/bibliographien-und-bibliothekskataloge\/","url_meta":{"origin":116,"position":5},"title":"Bibliographies et catalogues de biblioth\u00e8que","date":"dimanche 27 septembre 2009","format":false,"excerpt":"Regesta Imperii Opac Die umfangreichste Literaturdatenbank zur mittelalterlichen Geschichte stellen die Regesta Imperii mit ihrem Opac zur Verf\u00fcgung. \u00dcber die dortige Suchfunktion lassen sich die entsprechenden Titel recherchieren. Regesta Imperii Regesta Imperii Opac Bibliothekskataloge Wissenschaftliche Bibliotheken in Schleswig-Holstein GBV (Gemeinsamer Bibliotheksverbund) KVK (Karlsruher Virtueller Katalog) Allgemeine Bibliographien Deutsche Nationalbibliographie online\u2026","rel":"","context":"Dans &quot;Cours pour \u00e9tudiants d\u00e9butants Moyen \u00c2ge&quot;","img":{"alt_text":"Regesta Imperii Website","src":"https:\/\/i2.wp.com\/www.hendrik.maekeler.eu\/bibliographien-ri.jpg?resize=350%2C200","width":350,"height":200},"classes":[]}],"_links":{"self":[{"href":"https:\/\/www.hendrik.maekeler.eu\/fr\/wp-json\/wp\/v2\/posts\/116"}],"collection":[{"href":"https:\/\/www.hendrik.maekeler.eu\/fr\/wp-json\/wp\/v2\/posts"}],"about":[{"href":"https:\/\/www.hendrik.maekeler.eu\/fr\/wp-json\/wp\/v2\/types\/post"}],"author":[{"embeddable":true,"href":"https:\/\/www.hendrik.maekeler.eu\/fr\/wp-json\/wp\/v2\/users\/1"}],"replies":[{"embeddable":true,"href":"https:\/\/www.hendrik.maekeler.eu\/fr\/wp-json\/wp\/v2\/comments?post=116"}],"version-history":[{"count":11,"href":"https:\/\/www.hendrik.maekeler.eu\/fr\/wp-json\/wp\/v2\/posts\/116\/revisions"}],"predecessor-version":[{"id":127,"href":"https:\/\/www.hendrik.maekeler.eu\/fr\/wp-json\/wp\/v2\/posts\/116\/revisions\/127"}],"wp:attachment":[{"href":"https:\/\/www.hendrik.maekeler.eu\/fr\/wp-json\/wp\/v2\/media?parent=116"}],"wp:term":[{"taxonomy":"category","embeddable":true,"href":"https:\/\/www.hendrik.maekeler.eu\/fr\/wp-json\/wp\/v2\/categories?post=116"},{"taxonomy":"post_tag","embeddable":true,"href":"https:\/\/www.hendrik.maekeler.eu\/fr\/wp-json\/wp\/v2\/tags?post=116"}],"curies":[{"name":"wp","href":"https:\/\/api.w.org\/{rel}","templated":true}]}}