{"id":1266,"date":"2010-12-08T16:07:51","date_gmt":"2010-12-08T14:07:51","guid":{"rendered":"http:\/\/www.hendrik.maekeler.eu\/?p=1266"},"modified":"2010-12-12T02:38:27","modified_gmt":"2010-12-12T00:38:27","slug":"leif-aberg-bland-medikamenter-och-decimalvagar","status":"publish","type":"post","link":"https:\/\/www.hendrik.maekeler.eu\/fr\/leif-aberg-bland-medikamenter-och-decimalvagar\/","title":{"rendered":"Leif \u00c5berg: Bland medikamenter och decimalv\u00e5gar"},"content":{"rendered":"<p>Leif \u00c5berg: Bland medikamenter och decimalv\u00e5gar &#8211; om apotekens  historia och Stig Ekstr\u00f6ms k\u00e4rlek till yrket, Uppsala 2010, fig. p. 65.<\/p>\n<div class=\"sharedaddy sd-sharing-enabled\"><div class=\"robots-nocontent sd-block sd-social sd-social-icon sd-sharing\"><div class=\"sd-content\"><ul><li class=\"share-email\"><a rel=\"nofollow noopener noreferrer\" data-shared=\"\" class=\"share-email sd-button share-icon no-text\" href=\"https:\/\/www.hendrik.maekeler.eu\/fr\/leif-aberg-bland-medikamenter-och-decimalvagar\/?share=email\" target=\"_blank\" title=\"Cliquez pour envoyer par e-mail \u00e0 un ami\"><span><\/span><span class=\"sharing-screen-reader-text\">Cliquez pour envoyer par e-mail \u00e0 un ami(ouvre dans une nouvelle fen\u00eatre)<\/span><\/a><\/li><li class=\"share-print\"><a rel=\"nofollow noopener noreferrer\" data-shared=\"\" class=\"share-print sd-button share-icon no-text\" href=\"https:\/\/www.hendrik.maekeler.eu\/fr\/leif-aberg-bland-medikamenter-och-decimalvagar\/\" target=\"_blank\" title=\"Cliquer pour imprimer\"><span><\/span><span class=\"sharing-screen-reader-text\">Cliquer pour imprimer(ouvre dans une nouvelle fen\u00eatre)<\/span><\/a><\/li><li class=\"share-facebook\"><a rel=\"nofollow noopener noreferrer\" data-shared=\"sharing-facebook-1266\" class=\"share-facebook sd-button share-icon no-text\" href=\"https:\/\/www.hendrik.maekeler.eu\/fr\/leif-aberg-bland-medikamenter-och-decimalvagar\/?share=facebook\" target=\"_blank\" title=\"Cliquez pour partager sur Facebook\"><span><\/span><span class=\"sharing-screen-reader-text\">Cliquez pour partager sur Facebook(ouvre dans une nouvelle fen\u00eatre)<\/span><\/a><\/li><li class=\"share-twitter\"><a rel=\"nofollow noopener noreferrer\" data-shared=\"sharing-twitter-1266\" class=\"share-twitter sd-button share-icon no-text\" href=\"https:\/\/www.hendrik.maekeler.eu\/fr\/leif-aberg-bland-medikamenter-och-decimalvagar\/?share=twitter\" target=\"_blank\" title=\"Cliquez pour partager sur Twitter\"><span><\/span><span class=\"sharing-screen-reader-text\">Cliquez pour partager sur Twitter(ouvre dans une nouvelle fen\u00eatre)<\/span><\/a><\/li><li class=\"share-linkedin\"><a rel=\"nofollow noopener noreferrer\" data-shared=\"sharing-linkedin-1266\" class=\"share-linkedin sd-button share-icon no-text\" href=\"https:\/\/www.hendrik.maekeler.eu\/fr\/leif-aberg-bland-medikamenter-och-decimalvagar\/?share=linkedin\" target=\"_blank\" title=\"Cliquez pour partager sur LinkedIn\"><span><\/span><span class=\"sharing-screen-reader-text\">Cliquez pour partager sur LinkedIn(ouvre dans une nouvelle fen\u00eatre)<\/span><\/a><\/li><li class=\"share-pinterest\"><a rel=\"nofollow noopener noreferrer\" data-shared=\"sharing-pinterest-1266\" class=\"share-pinterest sd-button share-icon no-text\" href=\"https:\/\/www.hendrik.maekeler.eu\/fr\/leif-aberg-bland-medikamenter-och-decimalvagar\/?share=pinterest\" target=\"_blank\" title=\"Cliquez pour partager sur Pinterest\"><span><\/span><span class=\"sharing-screen-reader-text\">Cliquez pour partager sur Pinterest(ouvre dans une nouvelle fen\u00eatre)<\/span><\/a><\/li><li class=\"share-reddit\"><a rel=\"nofollow noopener noreferrer\" data-shared=\"\" class=\"share-reddit sd-button share-icon no-text\" href=\"https:\/\/www.hendrik.maekeler.eu\/fr\/leif-aberg-bland-medikamenter-och-decimalvagar\/?share=reddit\" target=\"_blank\" title=\"Cliquez pour partager sur Reddit\"><span><\/span><span class=\"sharing-screen-reader-text\">Cliquez pour partager sur Reddit(ouvre dans une nouvelle fen\u00eatre)<\/span><\/a><\/li><li class=\"share-tumblr\"><a rel=\"nofollow noopener noreferrer\" data-shared=\"\" class=\"share-tumblr sd-button share-icon no-text\" href=\"https:\/\/www.hendrik.maekeler.eu\/fr\/leif-aberg-bland-medikamenter-och-decimalvagar\/?share=tumblr\" target=\"_blank\" title=\"Cliquez pour partager sur Tumblr\"><span><\/span><span class=\"sharing-screen-reader-text\">Cliquez pour partager sur Tumblr(ouvre dans une nouvelle fen\u00eatre)<\/span><\/a><\/li><li class=\"share-jetpack-whatsapp\"><a rel=\"nofollow noopener noreferrer\" data-shared=\"\" class=\"share-jetpack-whatsapp sd-button share-icon no-text\" href=\"https:\/\/www.hendrik.maekeler.eu\/fr\/leif-aberg-bland-medikamenter-och-decimalvagar\/?share=jetpack-whatsapp\" target=\"_blank\" title=\"Cliquez pour partager sur WhatsApp\"><span><\/span><span class=\"sharing-screen-reader-text\">Cliquez pour partager sur WhatsApp(ouvre dans une nouvelle fen\u00eatre)<\/span><\/a><\/li><li class=\"share-end\"><\/li><\/ul><\/div><\/div><\/div>","protected":false},"excerpt":{"rendered":"<p>Leif \u00c5berg: Bland medikamenter och decimalv\u00e5gar &#8211; om apotekens historia och Stig Ekstr\u00f6ms k\u00e4rlek till yrket, Uppsala 2010, fig. p. 65.<\/p>\n<div class=\"sharedaddy sd-sharing-enabled\"><div class=\"robots-nocontent sd-block sd-social sd-social-icon sd-sharing\"><div class=\"sd-content\"><ul><li class=\"share-email\"><a rel=\"nofollow noopener noreferrer\" data-shared=\"\" class=\"share-email sd-button share-icon no-text\" href=\"https:\/\/www.hendrik.maekeler.eu\/fr\/leif-aberg-bland-medikamenter-och-decimalvagar\/?share=email\" target=\"_blank\" title=\"Cliquez pour envoyer par e-mail \u00e0 un ami\"><span><\/span><span class=\"sharing-screen-reader-text\">Cliquez pour envoyer par e-mail \u00e0 un ami(ouvre dans une nouvelle fen\u00eatre)<\/span><\/a><\/li><li class=\"share-print\"><a rel=\"nofollow noopener noreferrer\" data-shared=\"\" class=\"share-print sd-button share-icon no-text\" href=\"https:\/\/www.hendrik.maekeler.eu\/fr\/leif-aberg-bland-medikamenter-och-decimalvagar\/\" target=\"_blank\" title=\"Cliquer pour imprimer\"><span><\/span><span class=\"sharing-screen-reader-text\">Cliquer pour imprimer(ouvre dans une nouvelle fen\u00eatre)<\/span><\/a><\/li><li class=\"share-facebook\"><a rel=\"nofollow noopener noreferrer\" data-shared=\"sharing-facebook-1266\" class=\"share-facebook sd-button share-icon no-text\" href=\"https:\/\/www.hendrik.maekeler.eu\/fr\/leif-aberg-bland-medikamenter-och-decimalvagar\/?share=facebook\" target=\"_blank\" title=\"Cliquez pour partager sur Facebook\"><span><\/span><span class=\"sharing-screen-reader-text\">Cliquez pour partager sur Facebook(ouvre dans une nouvelle fen\u00eatre)<\/span><\/a><\/li><li class=\"share-twitter\"><a rel=\"nofollow noopener noreferrer\" data-shared=\"sharing-twitter-1266\" class=\"share-twitter sd-button share-icon no-text\" href=\"https:\/\/www.hendrik.maekeler.eu\/fr\/leif-aberg-bland-medikamenter-och-decimalvagar\/?share=twitter\" target=\"_blank\" title=\"Cliquez pour partager sur Twitter\"><span><\/span><span class=\"sharing-screen-reader-text\">Cliquez pour partager sur Twitter(ouvre dans une nouvelle fen\u00eatre)<\/span><\/a><\/li><li class=\"share-linkedin\"><a rel=\"nofollow noopener noreferrer\" data-shared=\"sharing-linkedin-1266\" class=\"share-linkedin sd-button share-icon no-text\" href=\"https:\/\/www.hendrik.maekeler.eu\/fr\/leif-aberg-bland-medikamenter-och-decimalvagar\/?share=linkedin\" target=\"_blank\" title=\"Cliquez pour partager sur LinkedIn\"><span><\/span><span class=\"sharing-screen-reader-text\">Cliquez pour partager sur LinkedIn(ouvre dans une nouvelle fen\u00eatre)<\/span><\/a><\/li><li class=\"share-pinterest\"><a rel=\"nofollow noopener noreferrer\" data-shared=\"sharing-pinterest-1266\" class=\"share-pinterest sd-button share-icon no-text\" href=\"https:\/\/www.hendrik.maekeler.eu\/fr\/leif-aberg-bland-medikamenter-och-decimalvagar\/?share=pinterest\" target=\"_blank\" title=\"Cliquez pour partager sur Pinterest\"><span><\/span><span class=\"sharing-screen-reader-text\">Cliquez pour partager sur Pinterest(ouvre dans une nouvelle fen\u00eatre)<\/span><\/a><\/li><li class=\"share-reddit\"><a rel=\"nofollow noopener noreferrer\" data-shared=\"\" class=\"share-reddit sd-button share-icon no-text\" href=\"https:\/\/www.hendrik.maekeler.eu\/fr\/leif-aberg-bland-medikamenter-och-decimalvagar\/?share=reddit\" target=\"_blank\" title=\"Cliquez pour partager sur Reddit\"><span><\/span><span class=\"sharing-screen-reader-text\">Cliquez pour partager sur Reddit(ouvre dans une nouvelle fen\u00eatre)<\/span><\/a><\/li><li class=\"share-tumblr\"><a rel=\"nofollow noopener noreferrer\" data-shared=\"\" class=\"share-tumblr sd-button share-icon no-text\" href=\"https:\/\/www.hendrik.maekeler.eu\/fr\/leif-aberg-bland-medikamenter-och-decimalvagar\/?share=tumblr\" target=\"_blank\" title=\"Cliquez pour partager sur Tumblr\"><span><\/span><span class=\"sharing-screen-reader-text\">Cliquez pour partager sur Tumblr(ouvre dans une nouvelle fen\u00eatre)<\/span><\/a><\/li><li class=\"share-jetpack-whatsapp\"><a rel=\"nofollow noopener noreferrer\" data-shared=\"\" class=\"share-jetpack-whatsapp sd-button share-icon no-text\" href=\"https:\/\/www.hendrik.maekeler.eu\/fr\/leif-aberg-bland-medikamenter-och-decimalvagar\/?share=jetpack-whatsapp\" target=\"_blank\" title=\"Cliquez pour partager sur WhatsApp\"><span><\/span><span class=\"sharing-screen-reader-text\">Cliquez pour partager sur WhatsApp(ouvre dans une nouvelle fen\u00eatre)<\/span><\/a><\/li><li class=\"share-end\"><\/li><\/ul><\/div><\/div><\/div>","protected":false},"author":1,"featured_media":0,"comment_status":"closed","ping_status":"closed","sticky":false,"template":"","format":"standard","meta":{"spay_email":"","jetpack_publicize_message":"","jetpack_is_tweetstorm":false,"jetpack_publicize_feature_enabled":true},"categories":[26],"tags":[687,691,688],"geo":null,"jetpack_featured_media_url":"","jetpack_publicize_connections":[],"jetpack_sharing_enabled":true,"jetpack_shortlink":"https:\/\/wp.me\/p3fDqY-kq","jetpack-related-posts":[{"id":839,"url":"https:\/\/www.hendrik.maekeler.eu\/fr\/vikingataget-till-melle-ar-848-och-fyndet-fran-kattilstorp\/","url_meta":{"origin":1266,"position":0},"title":"Vikingat\u00e5get till Melle \u00e5r 848 och fyndet fr\u00e5n K\u00e4ttilstorp i V\u00e4sterg\u00f6tland","date":"lundi 26 octobre 2009","format":false,"excerpt":"Numismatische Forschungsgruppe, Universit\u00e4t Stockholm, Forskarseminarium, 17. Februar 2010: \"Vikingat\u00e5get till Melle \u00e5r 848 och fyndet fr\u00e5n K\u00e4ttilstorp i V\u00e4sterg\u00f6tland\" Under seminariet kommer fyndet fr\u00e5n K\u00e4ttilstorp att behandlas som ett exempel p\u00e5 vilken information man kan f\u00e5 fram om man utv\u00e4rderar \u00e4ldre vetenskapliga brevv\u00e4xlingar och fyndprotokoll samt hur fyndet kan tolkas\u2026","rel":"","context":"Dans &quot;Conf\u00e9rences pass\u00e9es&quot;","img":{"alt_text":"","src":"","width":0,"height":0},"classes":[]},{"id":1929,"url":"https:\/\/www.hendrik.maekeler.eu\/fr\/haestmotiv-uppsala-universitets-myntkabinett\/","url_meta":{"origin":1266,"position":1},"title":"H\u00e4stmotiv i Uppsala universitets myntkabinett","date":"mardi 10 septembre 2013","format":false,"excerpt":"Ylva Haidenthaller et Hendrik M\u00e4keler: H\u00e4stmotiv i Uppsala universitets myntkabinett, dans: Marianne Andersson et Johan Sj\u00f6berg (dir.): Till h\u00e4st. Ridundervisningen vid Uppsala universitet 350 \u00e5r (Acta Universitatis Upsaliensis. Skrifter r\u00f6rande Uppsala universitet, C: Organisation och Historia, 98), Uppsala 2013, p. 145-152.","rel":"","context":"Dans &quot;Articles mineurs&quot;","img":{"alt_text":"","src":"","width":0,"height":0},"classes":[]},{"id":1595,"url":"https:\/\/www.hendrik.maekeler.eu\/fr\/uppsala-universitets-myntkabinett-2\/","url_meta":{"origin":1266,"position":2},"title":"Uppsala universitets myntkabinett","date":"mardi 17 janvier 2012","format":false,"excerpt":"Hendrik M\u00e4keler: Uppsala universitets myntkabinett, in: Pernilla Bj\u00f6rk, Mattias Bolk\u00e9us Blom und Per Str\u00f6m (Red.): Det goda universitetet. Rektorsperioden 2006-2011. Festskrift till Anders Hallberg (Acta Universitatis Upsaliensis. Skrifter r\u00f6rande Uppsala universitet, C: Organisation och Historia, 93), Uppsala 2011, S. 391-395. Hendrik M\u00e4keler: Uppsala universitets myntkabinett, in: Pernilla Bj\u00f6rk, Mattias Bolk\u00e9us\u2026","rel":"","context":"Dans &quot;Articles mineurs&quot;","img":{"alt_text":"","src":"","width":0,"height":0},"classes":[]},{"id":1016,"url":"https:\/\/www.hendrik.maekeler.eu\/fr\/harald-nilsson-hedersdoktor-i-historia-vid-uppsala-universitet\/","url_meta":{"origin":1266,"position":3},"title":"Harald Nilsson hedersdoktor i historia vid Uppsala universitet","date":"mercredi  3 f\u00e9vrier 2010","format":false,"excerpt":"[gemeinsam mit Mikael Alm und Martin Johansson] Harald Nilsson hedersdoktor i historia vid Uppsala universitet, in: Svensk Numismatisk Tidskrift (2010) 1, S. 17. Text Historisk-filosofiska fakulteten vid Uppsala universitet har utsett Harald Nilsson till hedersdoktor i historia. Nilsson \u00e4r universitetets f.d. mynt- och medaljv\u00e5rdare och har genom sitt stora engagemang\u2026","rel":"","context":"Dans &quot;Articles mineurs&quot;","img":{"alt_text":"","src":"","width":0,"height":0},"classes":[]},{"id":577,"url":"https:\/\/www.hendrik.maekeler.eu\/fr\/falska-mynt-mer-varda-an-akta\/","url_meta":{"origin":1266,"position":4},"title":"Falska mynt mer v\u00e4rda \u00e4n \u00e4kta","date":"samedi  3 octobre 2009","format":false,"excerpt":"24. August\u00a02009, Sveriges Radio P4 Uppland, Christer Engqvist: Falska mynt mer v\u00e4rda \u00e4n \u00e4kta \"I fredags d\u00f6mdes sex medlemmar i en falskmyntarliga till f\u00e4ngelsestraff. Det var\u00a0i mars som polisen slog till och beslagtog falska dollar- och eurosedlar v\u00e4rda 2,5 miljoner svenska kronor. Dollar \u00e4r den vanligaste valutan som f\u00f6rfalskas, men\u2026","rel":"","context":"Dans &quot;Revue de presse&quot;","img":{"alt_text":"","src":"","width":0,"height":0},"classes":[]},{"id":1263,"url":"https:\/\/www.hendrik.maekeler.eu\/fr\/johan-sjoberg-universitetskanslern-axel-von-fersen\/","url_meta":{"origin":1266,"position":5},"title":"Johan Sj\u00f6berg: Universitetskanslern Axel von Fersen","date":"mercredi  8 d\u00e9cembre 2010","format":false,"excerpt":"Johan Sj\u00f6berg: Universitetskanslern Axel von Fersen. Till 200-\u00e5rsminnet av det fersenska mordet, in: Professorsinstallation vid Uppsala universitet h\u00f6stterminen 2010 (Acta Universitatis Upsaliensis. Skrifter r\u00f6rande Uppsala universitet, B 162), Uppsala 2010, S. 6-24, hier Abb. S. 22 und Umschlag.Johan Sj\u00f6berg: Universitetskanslern Axel von Fersen. Till 200-\u00e5rsminnet av det fersenska mordet, in:\u2026","rel":"","context":"Dans &quot;Illustrations num\u00e9riques&quot;","img":{"alt_text":"","src":"","width":0,"height":0},"classes":[]}],"_links":{"self":[{"href":"https:\/\/www.hendrik.maekeler.eu\/fr\/wp-json\/wp\/v2\/posts\/1266"}],"collection":[{"href":"https:\/\/www.hendrik.maekeler.eu\/fr\/wp-json\/wp\/v2\/posts"}],"about":[{"href":"https:\/\/www.hendrik.maekeler.eu\/fr\/wp-json\/wp\/v2\/types\/post"}],"author":[{"embeddable":true,"href":"https:\/\/www.hendrik.maekeler.eu\/fr\/wp-json\/wp\/v2\/users\/1"}],"replies":[{"embeddable":true,"href":"https:\/\/www.hendrik.maekeler.eu\/fr\/wp-json\/wp\/v2\/comments?post=1266"}],"version-history":[{"count":2,"href":"https:\/\/www.hendrik.maekeler.eu\/fr\/wp-json\/wp\/v2\/posts\/1266\/revisions"}],"predecessor-version":[{"id":1273,"href":"https:\/\/www.hendrik.maekeler.eu\/fr\/wp-json\/wp\/v2\/posts\/1266\/revisions\/1273"}],"wp:attachment":[{"href":"https:\/\/www.hendrik.maekeler.eu\/fr\/wp-json\/wp\/v2\/media?parent=1266"}],"wp:term":[{"taxonomy":"category","embeddable":true,"href":"https:\/\/www.hendrik.maekeler.eu\/fr\/wp-json\/wp\/v2\/categories?post=1266"},{"taxonomy":"post_tag","embeddable":true,"href":"https:\/\/www.hendrik.maekeler.eu\/fr\/wp-json\/wp\/v2\/tags?post=1266"}],"curies":[{"name":"wp","href":"https:\/\/api.w.org\/{rel}","templated":true}]}}