{"id":1334,"date":"2011-02-23T22:37:43","date_gmt":"2011-02-23T20:37:43","guid":{"rendered":"http:\/\/www.hendrik.maekeler.eu\/?p=1334"},"modified":"2014-11-14T23:27:08","modified_gmt":"2014-11-14T22:27:08","slug":"globalisierter-handel-um-die-jahrtausendwende","status":"publish","type":"post","link":"https:\/\/www.hendrik.maekeler.eu\/fr\/globalisierter-handel-um-die-jahrtausendwende\/","title":{"rendered":"Globalisierter Handel um die Jahrtausendwende. Die Ausdehnung des wikingerzeitlichen Handelsraums"},"content":{"rendered":"<p><img loading=\"lazy\" class=\"alignright size-full wp-image-2050\" src=\"http:\/\/www.hendrik.maekeler.eu\/wp-content\/uploads\/2011\/02\/walterglobalisierung.jpg\" alt=\"Globalisierung in der Geschichte\" width=\"150\" height=\"212\" \/>Hendrik M\u00e4keler: Globalisierter Handel um die Jahrtausendwende. Die Ausdehnung des wikingerzeitlichen Handelsraums, dans: Rolf Walter (dir.): Globalisierung in der Geschichte. Ertr\u00e4ge der 23. Arbeitstagung der Gesellschaft f\u00fcr Sozial- und Wirtschaftsgeschichte vom 18. bis 21. M\u00e4rz 2009 in Kiel (Vierteljahrschrift f\u00fcr Sozial- und Wirtschaftsgeschichte. Beihefte, 214), Stuttgart 2011, pp. 15-45.<\/p>\n<div class=\"sharedaddy sd-sharing-enabled\"><div class=\"robots-nocontent sd-block sd-social sd-social-icon sd-sharing\"><div class=\"sd-content\"><ul><li class=\"share-email\"><a rel=\"nofollow noopener noreferrer\" data-shared=\"\" class=\"share-email sd-button share-icon no-text\" href=\"https:\/\/www.hendrik.maekeler.eu\/fr\/globalisierter-handel-um-die-jahrtausendwende\/?share=email\" target=\"_blank\" title=\"Cliquez pour envoyer par e-mail \u00e0 un ami\"><span><\/span><span class=\"sharing-screen-reader-text\">Cliquez pour envoyer par e-mail \u00e0 un ami(ouvre dans une nouvelle fen\u00eatre)<\/span><\/a><\/li><li class=\"share-print\"><a rel=\"nofollow noopener noreferrer\" data-shared=\"\" class=\"share-print sd-button share-icon no-text\" href=\"https:\/\/www.hendrik.maekeler.eu\/fr\/globalisierter-handel-um-die-jahrtausendwende\/\" target=\"_blank\" title=\"Cliquer pour imprimer\"><span><\/span><span class=\"sharing-screen-reader-text\">Cliquer pour imprimer(ouvre dans une nouvelle fen\u00eatre)<\/span><\/a><\/li><li class=\"share-facebook\"><a rel=\"nofollow noopener noreferrer\" data-shared=\"sharing-facebook-1334\" class=\"share-facebook sd-button share-icon no-text\" href=\"https:\/\/www.hendrik.maekeler.eu\/fr\/globalisierter-handel-um-die-jahrtausendwende\/?share=facebook\" target=\"_blank\" title=\"Cliquez pour partager sur Facebook\"><span><\/span><span class=\"sharing-screen-reader-text\">Cliquez pour partager sur Facebook(ouvre dans une nouvelle fen\u00eatre)<\/span><\/a><\/li><li class=\"share-twitter\"><a rel=\"nofollow noopener noreferrer\" data-shared=\"sharing-twitter-1334\" class=\"share-twitter sd-button share-icon no-text\" href=\"https:\/\/www.hendrik.maekeler.eu\/fr\/globalisierter-handel-um-die-jahrtausendwende\/?share=twitter\" target=\"_blank\" title=\"Cliquez pour partager sur Twitter\"><span><\/span><span class=\"sharing-screen-reader-text\">Cliquez pour partager sur Twitter(ouvre dans une nouvelle fen\u00eatre)<\/span><\/a><\/li><li class=\"share-linkedin\"><a rel=\"nofollow noopener noreferrer\" data-shared=\"sharing-linkedin-1334\" class=\"share-linkedin sd-button share-icon no-text\" href=\"https:\/\/www.hendrik.maekeler.eu\/fr\/globalisierter-handel-um-die-jahrtausendwende\/?share=linkedin\" target=\"_blank\" title=\"Cliquez pour partager sur LinkedIn\"><span><\/span><span class=\"sharing-screen-reader-text\">Cliquez pour partager sur LinkedIn(ouvre dans une nouvelle fen\u00eatre)<\/span><\/a><\/li><li class=\"share-pinterest\"><a rel=\"nofollow noopener noreferrer\" data-shared=\"sharing-pinterest-1334\" class=\"share-pinterest sd-button share-icon no-text\" href=\"https:\/\/www.hendrik.maekeler.eu\/fr\/globalisierter-handel-um-die-jahrtausendwende\/?share=pinterest\" target=\"_blank\" title=\"Cliquez pour partager sur Pinterest\"><span><\/span><span class=\"sharing-screen-reader-text\">Cliquez pour partager sur Pinterest(ouvre dans une nouvelle fen\u00eatre)<\/span><\/a><\/li><li class=\"share-reddit\"><a rel=\"nofollow noopener noreferrer\" data-shared=\"\" class=\"share-reddit sd-button share-icon no-text\" href=\"https:\/\/www.hendrik.maekeler.eu\/fr\/globalisierter-handel-um-die-jahrtausendwende\/?share=reddit\" target=\"_blank\" title=\"Cliquez pour partager sur Reddit\"><span><\/span><span class=\"sharing-screen-reader-text\">Cliquez pour partager sur Reddit(ouvre dans une nouvelle fen\u00eatre)<\/span><\/a><\/li><li class=\"share-tumblr\"><a rel=\"nofollow noopener noreferrer\" data-shared=\"\" class=\"share-tumblr sd-button share-icon no-text\" href=\"https:\/\/www.hendrik.maekeler.eu\/fr\/globalisierter-handel-um-die-jahrtausendwende\/?share=tumblr\" target=\"_blank\" title=\"Cliquez pour partager sur Tumblr\"><span><\/span><span class=\"sharing-screen-reader-text\">Cliquez pour partager sur Tumblr(ouvre dans une nouvelle fen\u00eatre)<\/span><\/a><\/li><li class=\"share-jetpack-whatsapp\"><a rel=\"nofollow noopener noreferrer\" data-shared=\"\" class=\"share-jetpack-whatsapp sd-button share-icon no-text\" href=\"https:\/\/www.hendrik.maekeler.eu\/fr\/globalisierter-handel-um-die-jahrtausendwende\/?share=jetpack-whatsapp\" target=\"_blank\" title=\"Cliquez pour partager sur WhatsApp\"><span><\/span><span class=\"sharing-screen-reader-text\">Cliquez pour partager sur WhatsApp(ouvre dans une nouvelle fen\u00eatre)<\/span><\/a><\/li><li class=\"share-end\"><\/li><\/ul><\/div><\/div><\/div>","protected":false},"excerpt":{"rendered":"<p>Hendrik M\u00e4keler: Globalisierter Handel um die Jahrtausendwende. Die Ausdehnung des wikingerzeitlichen Handelsraums, dans: Rolf Walter (dir.): Globalisierung in der Geschichte. Ertr\u00e4ge der 23. Arbeitstagung der Gesellschaft f\u00fcr Sozial- und Wirtschaftsgeschichte vom 18. bis 21. M\u00e4rz 2009 in Kiel (Vierteljahrschrift f\u00fcr Sozial- und Wirtschaftsgeschichte. Beihefte, 214), Stuttgart 2011, pp. 15-45.<\/p>\n<div class=\"sharedaddy sd-sharing-enabled\"><div class=\"robots-nocontent sd-block sd-social sd-social-icon sd-sharing\"><div class=\"sd-content\"><ul><li class=\"share-email\"><a rel=\"nofollow noopener noreferrer\" data-shared=\"\" class=\"share-email sd-button share-icon no-text\" href=\"https:\/\/www.hendrik.maekeler.eu\/fr\/globalisierter-handel-um-die-jahrtausendwende\/?share=email\" target=\"_blank\" title=\"Cliquez pour envoyer par e-mail \u00e0 un ami\"><span><\/span><span class=\"sharing-screen-reader-text\">Cliquez pour envoyer par e-mail \u00e0 un ami(ouvre dans une nouvelle fen\u00eatre)<\/span><\/a><\/li><li class=\"share-print\"><a rel=\"nofollow noopener noreferrer\" data-shared=\"\" class=\"share-print sd-button share-icon no-text\" href=\"https:\/\/www.hendrik.maekeler.eu\/fr\/globalisierter-handel-um-die-jahrtausendwende\/\" target=\"_blank\" title=\"Cliquer pour imprimer\"><span><\/span><span class=\"sharing-screen-reader-text\">Cliquer pour imprimer(ouvre dans une nouvelle fen\u00eatre)<\/span><\/a><\/li><li class=\"share-facebook\"><a rel=\"nofollow noopener noreferrer\" data-shared=\"sharing-facebook-1334\" class=\"share-facebook sd-button share-icon no-text\" href=\"https:\/\/www.hendrik.maekeler.eu\/fr\/globalisierter-handel-um-die-jahrtausendwende\/?share=facebook\" target=\"_blank\" title=\"Cliquez pour partager sur Facebook\"><span><\/span><span class=\"sharing-screen-reader-text\">Cliquez pour partager sur Facebook(ouvre dans une nouvelle fen\u00eatre)<\/span><\/a><\/li><li class=\"share-twitter\"><a rel=\"nofollow noopener noreferrer\" data-shared=\"sharing-twitter-1334\" class=\"share-twitter sd-button share-icon no-text\" href=\"https:\/\/www.hendrik.maekeler.eu\/fr\/globalisierter-handel-um-die-jahrtausendwende\/?share=twitter\" target=\"_blank\" title=\"Cliquez pour partager sur Twitter\"><span><\/span><span class=\"sharing-screen-reader-text\">Cliquez pour partager sur Twitter(ouvre dans une nouvelle fen\u00eatre)<\/span><\/a><\/li><li class=\"share-linkedin\"><a rel=\"nofollow noopener noreferrer\" data-shared=\"sharing-linkedin-1334\" class=\"share-linkedin sd-button share-icon no-text\" href=\"https:\/\/www.hendrik.maekeler.eu\/fr\/globalisierter-handel-um-die-jahrtausendwende\/?share=linkedin\" target=\"_blank\" title=\"Cliquez pour partager sur LinkedIn\"><span><\/span><span class=\"sharing-screen-reader-text\">Cliquez pour partager sur LinkedIn(ouvre dans une nouvelle fen\u00eatre)<\/span><\/a><\/li><li class=\"share-pinterest\"><a rel=\"nofollow noopener noreferrer\" data-shared=\"sharing-pinterest-1334\" class=\"share-pinterest sd-button share-icon no-text\" href=\"https:\/\/www.hendrik.maekeler.eu\/fr\/globalisierter-handel-um-die-jahrtausendwende\/?share=pinterest\" target=\"_blank\" title=\"Cliquez pour partager sur Pinterest\"><span><\/span><span class=\"sharing-screen-reader-text\">Cliquez pour partager sur Pinterest(ouvre dans une nouvelle fen\u00eatre)<\/span><\/a><\/li><li class=\"share-reddit\"><a rel=\"nofollow noopener noreferrer\" data-shared=\"\" class=\"share-reddit sd-button share-icon no-text\" href=\"https:\/\/www.hendrik.maekeler.eu\/fr\/globalisierter-handel-um-die-jahrtausendwende\/?share=reddit\" target=\"_blank\" title=\"Cliquez pour partager sur Reddit\"><span><\/span><span class=\"sharing-screen-reader-text\">Cliquez pour partager sur Reddit(ouvre dans une nouvelle fen\u00eatre)<\/span><\/a><\/li><li class=\"share-tumblr\"><a rel=\"nofollow noopener noreferrer\" data-shared=\"\" class=\"share-tumblr sd-button share-icon no-text\" href=\"https:\/\/www.hendrik.maekeler.eu\/fr\/globalisierter-handel-um-die-jahrtausendwende\/?share=tumblr\" target=\"_blank\" title=\"Cliquez pour partager sur Tumblr\"><span><\/span><span class=\"sharing-screen-reader-text\">Cliquez pour partager sur Tumblr(ouvre dans une nouvelle fen\u00eatre)<\/span><\/a><\/li><li class=\"share-jetpack-whatsapp\"><a rel=\"nofollow noopener noreferrer\" data-shared=\"\" class=\"share-jetpack-whatsapp sd-button share-icon no-text\" href=\"https:\/\/www.hendrik.maekeler.eu\/fr\/globalisierter-handel-um-die-jahrtausendwende\/?share=jetpack-whatsapp\" target=\"_blank\" title=\"Cliquez pour partager sur WhatsApp\"><span><\/span><span class=\"sharing-screen-reader-text\">Cliquez pour partager sur WhatsApp(ouvre dans une nouvelle fen\u00eatre)<\/span><\/a><\/li><li class=\"share-end\"><\/li><\/ul><\/div><\/div><\/div>","protected":false},"author":1,"featured_media":0,"comment_status":"closed","ping_status":"closed","sticky":false,"template":"","format":"standard","meta":{"spay_email":"","jetpack_publicize_message":"","jetpack_is_tweetstorm":false,"jetpack_publicize_feature_enabled":true},"categories":[22],"tags":[498,232,486,92,710,436,750,84,124],"geo":null,"jetpack_featured_media_url":"","jetpack_publicize_connections":[],"jetpack_sharing_enabled":true,"jetpack_shortlink":"https:\/\/wp.me\/p3fDqY-lw","jetpack-related-posts":[{"id":638,"url":"https:\/\/www.hendrik.maekeler.eu\/fr\/globalisierter-handel-um-die-jahrtausendwende-die-ausdehnung-des-wikingerzeitlichen-handelsraums\/","url_meta":{"origin":1334,"position":0},"title":"Globalisierter Handel um die Jahrtausendwende? Die Ausdehnung des wikingerzeitlichen Handelsraums","date":"dimanche  4 octobre 2009","format":false,"excerpt":"Gesellschaft f\u00fcr Sozial- und Wirtschaftsgeschichte, 23.\u00a0Arbeitstagung, Universit\u00e4t Kiel, 18. bis 21.\u00a0M\u00e4rz 2009: \u201eGlobalisierter Handel um die Jahrtausendwende? Die Ausdehnung des wikingerzeitlichen Handelsraums\u201c (Tagungsbericht)Gesellschaft f\u00fcr Sozial- und Wirtschaftsgeschichte, 23.\u00a0Arbeitstagung, Kiel University, March 18th to 21st, 2009: \u201cGlobalisierter Handel um die Jahrtausendwende? Die Ausdehnung des wikingerzeitlichen Handelsraums\u201d (Conference review)Gesellschaft f\u00fcr Sozial- und\u2026","rel":"","context":"Dans &quot;Conf\u00e9rences pass\u00e9es&quot;","img":{"alt_text":"","src":"","width":0,"height":0},"classes":[]},{"id":204,"url":"https:\/\/www.hendrik.maekeler.eu\/fr\/archaologie-der-wikingerzeit\/","url_meta":{"origin":1334,"position":1},"title":"(Deutsch) Arch\u00e4ologie der Wikingerzeit","date":"dimanche 27 septembre 2009","format":false,"excerpt":"Die Wikingerzeit stellt ein Faszinosum f\u00fcr sich dar. Die materiellen Hinterlassenschaften aus dem Raum zwischen Nordamerika und Asien, die von einer weitgehend globalisierten\u00a0Gesellschaft zeugen, sind eine der Hauptquellen f\u00fcr die Rekonstruktion von deren Geschichte.","rel":"","context":"Dans &quot;Int\u00e9r\u00eats de recherche&quot;","img":{"alt_text":"","src":"","width":0,"height":0},"classes":[]},{"id":810,"url":"https:\/\/www.hendrik.maekeler.eu\/fr\/vernetzung-der-wikingerzeitlichen-munzpragung-im-europaischen-raum\/","url_meta":{"origin":1334,"position":2},"title":"Die Vernetzung der wikingerzeitlichen M\u00fcnzpr\u00e4gung im europ\u00e4ischen Raum und deren Bedeutung f\u00fcr die Definition von Herrschaftsr\u00e4umen","date":"lundi 19 octobre 2009","format":false,"excerpt":"Workshop \"Raumbildung durch Netzwerke? Der Ostseeraum zwischen Kaiserzeit und Sp\u00e4tmittelalter aus arch\u00e4ologischer und geschichtswissenschaftlicher Perspektive\", Universit\u00e4t Kiel, Internationales Begegnungszentrum, 28. und 29. Oktober 2010: \"Die Vernetzung der wikingerzeitlichen M\u00fcnzpr\u00e4gung im europ\u00e4ischen Raum und deren Bedeutung f\u00fcr die Definition von Herrschaftsr\u00e4umen\" Tagungsbericht von Stephan Meinhardt Workshop \"Raumbildung durch Netzwerke? Der Ostseeraum\u2026","rel":"","context":"Dans &quot;Conf\u00e9rences pass\u00e9es&quot;","img":{"alt_text":"","src":"","width":0,"height":0},"classes":[]},{"id":233,"url":"https:\/\/www.hendrik.maekeler.eu\/fr\/deutsche-munzen-der-wikingerzeit-sowie-des-hohen-und-spaten-mittelalters\/","url_meta":{"origin":1334,"position":3},"title":"Deutsche M\u00fcnzen der Wikingerzeit sowie des hohen und sp\u00e4ten Mittelalters","date":"dimanche 27 septembre 2009","format":false,"excerpt":"[gemeinsam mit Peter Berghaus] M\u00fcnzkabinett der Universit\u00e4t Uppsala. Deutsche M\u00fcnzen der Wikingerzeit sowie des hohen und sp\u00e4ten Mittelalters (Studia Numismatica Upsaliensia, 2), Uppsala 2006. VIII, 168 S., davon 75 Tafeln mit 668 Katalognummern [Projektbeschreibung]. Bestellen: Deutsche M\u00fcnzen der Wikingerzeit sowie des hohen und sp\u00e4ten Mittelalters (Universit\u00e4t Uppsala) Bestellen: Deutsche M\u00fcnzen\u2026","rel":"","context":"Dans &quot;Monographies&quot;","img":{"alt_text":"","src":"https:\/\/i2.wp.com\/www.hendrik.maekeler.eu\/uppsalatitel.jpg?resize=350%2C200","width":350,"height":200},"classes":[]},{"id":1750,"url":"https:\/\/www.hendrik.maekeler.eu\/fr\/vernetzung-der-wikingerzeitlichen-munzpragung\/","url_meta":{"origin":1334,"position":4},"title":"Die Vernetzung der wikingerzeitlichen M\u00fcnzpr\u00e4gung im europ\u00e4ischen Raum und deren Bedeutung f\u00fcr die Definition von Herrschaftsr\u00e4umen","date":"mardi 11 septembre 2012","format":false,"excerpt":"Hendrik M\u00e4keler: Die Vernetzung der wikingerzeitlichen M\u00fcnzpr\u00e4gung im europ\u00e4ischen Raum und deren Bedeutung f\u00fcr die Definition von Herrschaftsr\u00e4umen, in: Sunhild Kleing\u00e4rtner und Gabriel Zeilinger (Hrsg.): Raumbildung durch Netzwerke? Der Ostseeraum zwischen Wikingerzeit und Sp\u00e4tmittelalter aus arch\u00e4ologischer und geschichtswissenschaftlicher Perspektive. Beitr\u00e4ge des am 28. und 29. Oktober 2010 in Kiel veranstalteten\u2026","rel":"","context":"Dans &quot;Articles&quot;","img":{"alt_text":"","src":"","width":0,"height":0},"classes":[]},{"id":796,"url":"https:\/\/www.hendrik.maekeler.eu\/fr\/vad-kan-ett-globaliserat-penningsystem-lara-av-vikingatidens-myntvasende\/","url_meta":{"origin":1334,"position":5},"title":"Vad kan ett globaliserat penningsystem l\u00e4ra av vikingatidens myntv\u00e4sende?","date":"vendredi 16 octobre 2009","format":false,"excerpt":"Symposium \u201eMynt, makt och m\u00e4nniskor - vikingatidens silverpenningar\u201c, K\u00f6nigliches M\u00fcnzkabinett, Stockholm, 27. M\u00e4rz 2010: \u201eVad kan ett globaliserat penningsystem l\u00e4ra av vikingatidens myntv\u00e4sende?\u201cSymposium \"Mynt, makt och m\u00e4nniskor - vikingatidens silverpenningar\", Royal Coin Cabinet, Stockholm, March 27th, 2010: \"Vad kan ett globaliserat penningsystem l\u00e4ra av vikingatidens myntv\u00e4sende?\" Symposium \u201eMynt, makt och\u2026","rel":"","context":"Dans &quot;Conf\u00e9rences pass\u00e9es&quot;","img":{"alt_text":"","src":"","width":0,"height":0},"classes":[]}],"_links":{"self":[{"href":"https:\/\/www.hendrik.maekeler.eu\/fr\/wp-json\/wp\/v2\/posts\/1334"}],"collection":[{"href":"https:\/\/www.hendrik.maekeler.eu\/fr\/wp-json\/wp\/v2\/posts"}],"about":[{"href":"https:\/\/www.hendrik.maekeler.eu\/fr\/wp-json\/wp\/v2\/types\/post"}],"author":[{"embeddable":true,"href":"https:\/\/www.hendrik.maekeler.eu\/fr\/wp-json\/wp\/v2\/users\/1"}],"replies":[{"embeddable":true,"href":"https:\/\/www.hendrik.maekeler.eu\/fr\/wp-json\/wp\/v2\/comments?post=1334"}],"version-history":[{"count":6,"href":"https:\/\/www.hendrik.maekeler.eu\/fr\/wp-json\/wp\/v2\/posts\/1334\/revisions"}],"predecessor-version":[{"id":2053,"href":"https:\/\/www.hendrik.maekeler.eu\/fr\/wp-json\/wp\/v2\/posts\/1334\/revisions\/2053"}],"wp:attachment":[{"href":"https:\/\/www.hendrik.maekeler.eu\/fr\/wp-json\/wp\/v2\/media?parent=1334"}],"wp:term":[{"taxonomy":"category","embeddable":true,"href":"https:\/\/www.hendrik.maekeler.eu\/fr\/wp-json\/wp\/v2\/categories?post=1334"},{"taxonomy":"post_tag","embeddable":true,"href":"https:\/\/www.hendrik.maekeler.eu\/fr\/wp-json\/wp\/v2\/tags?post=1334"}],"curies":[{"name":"wp","href":"https:\/\/api.w.org\/{rel}","templated":true}]}}