{"id":1684,"date":"2012-07-09T18:42:35","date_gmt":"2012-07-09T16:42:35","guid":{"rendered":"http:\/\/www.hendrik.maekeler.eu\/?p=1684"},"modified":"2012-10-11T20:28:44","modified_gmt":"2012-10-11T18:28:44","slug":"verlorenes-jahrzehnt-der-europapolitik","status":"publish","type":"post","link":"https:\/\/www.hendrik.maekeler.eu\/fr\/verlorenes-jahrzehnt-der-europapolitik\/","title":{"rendered":"Verlorenes Jahrzehnt der Europapolitik"},"content":{"rendered":"<p><\/p>\n<p><\/p>\n<div class=\"sharedaddy sd-sharing-enabled\"><div class=\"robots-nocontent sd-block sd-social sd-social-icon sd-sharing\"><div class=\"sd-content\"><ul><li class=\"share-email\"><a rel=\"nofollow noopener noreferrer\" data-shared=\"\" class=\"share-email sd-button share-icon no-text\" href=\"https:\/\/www.hendrik.maekeler.eu\/fr\/verlorenes-jahrzehnt-der-europapolitik\/?share=email\" target=\"_blank\" title=\"Cliquez pour envoyer par e-mail \u00e0 un ami\"><span><\/span><span class=\"sharing-screen-reader-text\">Cliquez pour envoyer par e-mail \u00e0 un ami(ouvre dans une nouvelle fen\u00eatre)<\/span><\/a><\/li><li class=\"share-print\"><a rel=\"nofollow noopener noreferrer\" data-shared=\"\" class=\"share-print sd-button share-icon no-text\" href=\"https:\/\/www.hendrik.maekeler.eu\/fr\/verlorenes-jahrzehnt-der-europapolitik\/\" target=\"_blank\" title=\"Cliquer pour imprimer\"><span><\/span><span class=\"sharing-screen-reader-text\">Cliquer pour imprimer(ouvre dans une nouvelle fen\u00eatre)<\/span><\/a><\/li><li class=\"share-facebook\"><a rel=\"nofollow noopener noreferrer\" data-shared=\"sharing-facebook-1684\" class=\"share-facebook sd-button share-icon no-text\" href=\"https:\/\/www.hendrik.maekeler.eu\/fr\/verlorenes-jahrzehnt-der-europapolitik\/?share=facebook\" target=\"_blank\" title=\"Cliquez pour partager sur Facebook\"><span><\/span><span class=\"sharing-screen-reader-text\">Cliquez pour partager sur Facebook(ouvre dans une nouvelle fen\u00eatre)<\/span><\/a><\/li><li class=\"share-twitter\"><a rel=\"nofollow noopener noreferrer\" data-shared=\"sharing-twitter-1684\" class=\"share-twitter sd-button share-icon no-text\" href=\"https:\/\/www.hendrik.maekeler.eu\/fr\/verlorenes-jahrzehnt-der-europapolitik\/?share=twitter\" target=\"_blank\" title=\"Cliquez pour partager sur Twitter\"><span><\/span><span class=\"sharing-screen-reader-text\">Cliquez pour partager sur Twitter(ouvre dans une nouvelle fen\u00eatre)<\/span><\/a><\/li><li class=\"share-linkedin\"><a rel=\"nofollow noopener noreferrer\" data-shared=\"sharing-linkedin-1684\" class=\"share-linkedin sd-button share-icon no-text\" href=\"https:\/\/www.hendrik.maekeler.eu\/fr\/verlorenes-jahrzehnt-der-europapolitik\/?share=linkedin\" target=\"_blank\" title=\"Cliquez pour partager sur LinkedIn\"><span><\/span><span class=\"sharing-screen-reader-text\">Cliquez pour partager sur LinkedIn(ouvre dans une nouvelle fen\u00eatre)<\/span><\/a><\/li><li class=\"share-pinterest\"><a rel=\"nofollow noopener noreferrer\" data-shared=\"sharing-pinterest-1684\" class=\"share-pinterest sd-button share-icon no-text\" href=\"https:\/\/www.hendrik.maekeler.eu\/fr\/verlorenes-jahrzehnt-der-europapolitik\/?share=pinterest\" target=\"_blank\" title=\"Cliquez pour partager sur Pinterest\"><span><\/span><span class=\"sharing-screen-reader-text\">Cliquez pour partager sur Pinterest(ouvre dans une nouvelle fen\u00eatre)<\/span><\/a><\/li><li class=\"share-reddit\"><a rel=\"nofollow noopener noreferrer\" data-shared=\"\" class=\"share-reddit sd-button share-icon no-text\" href=\"https:\/\/www.hendrik.maekeler.eu\/fr\/verlorenes-jahrzehnt-der-europapolitik\/?share=reddit\" target=\"_blank\" title=\"Cliquez pour partager sur Reddit\"><span><\/span><span class=\"sharing-screen-reader-text\">Cliquez pour partager sur Reddit(ouvre dans une nouvelle fen\u00eatre)<\/span><\/a><\/li><li class=\"share-tumblr\"><a rel=\"nofollow noopener noreferrer\" data-shared=\"\" class=\"share-tumblr sd-button share-icon no-text\" href=\"https:\/\/www.hendrik.maekeler.eu\/fr\/verlorenes-jahrzehnt-der-europapolitik\/?share=tumblr\" target=\"_blank\" title=\"Cliquez pour partager sur Tumblr\"><span><\/span><span class=\"sharing-screen-reader-text\">Cliquez pour partager sur Tumblr(ouvre dans une nouvelle fen\u00eatre)<\/span><\/a><\/li><li class=\"share-jetpack-whatsapp\"><a rel=\"nofollow noopener noreferrer\" data-shared=\"\" class=\"share-jetpack-whatsapp sd-button share-icon no-text\" href=\"https:\/\/www.hendrik.maekeler.eu\/fr\/verlorenes-jahrzehnt-der-europapolitik\/?share=jetpack-whatsapp\" target=\"_blank\" title=\"Cliquez pour partager sur WhatsApp\"><span><\/span><span class=\"sharing-screen-reader-text\">Cliquez pour partager sur WhatsApp(ouvre dans une nouvelle fen\u00eatre)<\/span><\/a><\/li><li class=\"share-end\"><\/li><\/ul><\/div><\/div><\/div>","protected":false},"excerpt":{"rendered":"<div class=\"sharedaddy sd-sharing-enabled\"><div class=\"robots-nocontent sd-block sd-social sd-social-icon sd-sharing\"><div class=\"sd-content\"><ul><li class=\"share-email\"><a rel=\"nofollow noopener noreferrer\" data-shared=\"\" class=\"share-email sd-button share-icon no-text\" href=\"https:\/\/www.hendrik.maekeler.eu\/fr\/verlorenes-jahrzehnt-der-europapolitik\/?share=email\" target=\"_blank\" title=\"Cliquez pour envoyer par e-mail \u00e0 un ami\"><span><\/span><span class=\"sharing-screen-reader-text\">Cliquez pour envoyer par e-mail \u00e0 un ami(ouvre dans une nouvelle fen\u00eatre)<\/span><\/a><\/li><li class=\"share-print\"><a rel=\"nofollow noopener noreferrer\" data-shared=\"\" class=\"share-print sd-button share-icon no-text\" href=\"https:\/\/www.hendrik.maekeler.eu\/fr\/verlorenes-jahrzehnt-der-europapolitik\/\" target=\"_blank\" title=\"Cliquer pour imprimer\"><span><\/span><span class=\"sharing-screen-reader-text\">Cliquer pour imprimer(ouvre dans une nouvelle fen\u00eatre)<\/span><\/a><\/li><li class=\"share-facebook\"><a rel=\"nofollow noopener noreferrer\" data-shared=\"sharing-facebook-1684\" class=\"share-facebook sd-button share-icon no-text\" href=\"https:\/\/www.hendrik.maekeler.eu\/fr\/verlorenes-jahrzehnt-der-europapolitik\/?share=facebook\" target=\"_blank\" title=\"Cliquez pour partager sur Facebook\"><span><\/span><span class=\"sharing-screen-reader-text\">Cliquez pour partager sur Facebook(ouvre dans une nouvelle fen\u00eatre)<\/span><\/a><\/li><li class=\"share-twitter\"><a rel=\"nofollow noopener noreferrer\" data-shared=\"sharing-twitter-1684\" class=\"share-twitter sd-button share-icon no-text\" href=\"https:\/\/www.hendrik.maekeler.eu\/fr\/verlorenes-jahrzehnt-der-europapolitik\/?share=twitter\" target=\"_blank\" title=\"Cliquez pour partager sur Twitter\"><span><\/span><span class=\"sharing-screen-reader-text\">Cliquez pour partager sur Twitter(ouvre dans une nouvelle fen\u00eatre)<\/span><\/a><\/li><li class=\"share-linkedin\"><a rel=\"nofollow noopener noreferrer\" data-shared=\"sharing-linkedin-1684\" class=\"share-linkedin sd-button share-icon no-text\" href=\"https:\/\/www.hendrik.maekeler.eu\/fr\/verlorenes-jahrzehnt-der-europapolitik\/?share=linkedin\" target=\"_blank\" title=\"Cliquez pour partager sur LinkedIn\"><span><\/span><span class=\"sharing-screen-reader-text\">Cliquez pour partager sur LinkedIn(ouvre dans une nouvelle fen\u00eatre)<\/span><\/a><\/li><li class=\"share-pinterest\"><a rel=\"nofollow noopener noreferrer\" data-shared=\"sharing-pinterest-1684\" class=\"share-pinterest sd-button share-icon no-text\" href=\"https:\/\/www.hendrik.maekeler.eu\/fr\/verlorenes-jahrzehnt-der-europapolitik\/?share=pinterest\" target=\"_blank\" title=\"Cliquez pour partager sur Pinterest\"><span><\/span><span class=\"sharing-screen-reader-text\">Cliquez pour partager sur Pinterest(ouvre dans une nouvelle fen\u00eatre)<\/span><\/a><\/li><li class=\"share-reddit\"><a rel=\"nofollow noopener noreferrer\" data-shared=\"\" class=\"share-reddit sd-button share-icon no-text\" href=\"https:\/\/www.hendrik.maekeler.eu\/fr\/verlorenes-jahrzehnt-der-europapolitik\/?share=reddit\" target=\"_blank\" title=\"Cliquez pour partager sur Reddit\"><span><\/span><span class=\"sharing-screen-reader-text\">Cliquez pour partager sur Reddit(ouvre dans une nouvelle fen\u00eatre)<\/span><\/a><\/li><li class=\"share-tumblr\"><a rel=\"nofollow noopener noreferrer\" data-shared=\"\" class=\"share-tumblr sd-button share-icon no-text\" href=\"https:\/\/www.hendrik.maekeler.eu\/fr\/verlorenes-jahrzehnt-der-europapolitik\/?share=tumblr\" target=\"_blank\" title=\"Cliquez pour partager sur Tumblr\"><span><\/span><span class=\"sharing-screen-reader-text\">Cliquez pour partager sur Tumblr(ouvre dans une nouvelle fen\u00eatre)<\/span><\/a><\/li><li class=\"share-jetpack-whatsapp\"><a rel=\"nofollow noopener noreferrer\" data-shared=\"\" class=\"share-jetpack-whatsapp sd-button share-icon no-text\" href=\"https:\/\/www.hendrik.maekeler.eu\/fr\/verlorenes-jahrzehnt-der-europapolitik\/?share=jetpack-whatsapp\" target=\"_blank\" title=\"Cliquez pour partager sur WhatsApp\"><span><\/span><span class=\"sharing-screen-reader-text\">Cliquez pour partager sur WhatsApp(ouvre dans une nouvelle fen\u00eatre)<\/span><\/a><\/li><li class=\"share-end\"><\/li><\/ul><\/div><\/div><\/div>","protected":false},"author":1,"featured_media":0,"comment_status":"closed","ping_status":"closed","sticky":false,"template":"","format":"standard","meta":{"spay_email":"","jetpack_publicize_message":"","jetpack_is_tweetstorm":false,"jetpack_publicize_feature_enabled":true},"categories":[778],"tags":[845,849,847,714,427,698,646,598,837,645,840,843,841,836,844,842,838,839,835,846,809,848],"geo":null,"jetpack_featured_media_url":"","jetpack_publicize_connections":[],"jetpack_sharing_enabled":true,"jetpack_shortlink":"https:\/\/wp.me\/p3fDqY-ra","jetpack-related-posts":[{"id":1520,"url":"https:\/\/www.hendrik.maekeler.eu\/fr\/bernhard-loeffler-die-kulturelle-seite-der-waehrung\/","url_meta":{"origin":1684,"position":0},"title":"Bernhard L\u00f6ffler (dir.), Die kulturelle Seite der W\u00e4hrung","date":"mardi 16 ao\u00fbt 2011","format":false,"excerpt":"Bernhard L\u00f6ffler (Hrsg.), Die kulturelle Seite der W\u00e4hrung (Historische Zeitschrift, Beiheft 50) [\u2026], in: Bankhistorisches Archiv 37 (2011) 1, S. 97-100. Rezension Der Zustand des europ\u00e4ischen W\u00e4hrungswesens erscheint im Augenblick der Niederschrift dieser Besprechung dramatisch. Immer mehr und immer gr\u00f6\u00dfere Rettungsschirme m\u00fcssen aufgespannt werden, um die leeren Kassen europ\u00e4ischer Staaten\u2026","rel":"","context":"Dans &quot;Critiques&quot;","img":{"alt_text":"","src":"","width":0,"height":0},"classes":[]},{"id":1360,"url":"https:\/\/www.hendrik.maekeler.eu\/fr\/quo-vadis-europa\/","url_meta":{"origin":1684,"position":1},"title":"Quo vadis, Euro(pa)?","date":"mercredi  9 mars 2011","format":false,"excerpt":"Hendrik M\u00e4keler und Heike Minich: Quo vadis, Euro(pa)? (Uppsala University Coin Cabinet Working Papers, 3), Uppsala 2011. Eine Kurzfassung findet sich bei \u00d6konomenstimme. Text Der franz\u00f6sische Finanz- und W\u00e4hrungspolitiker Jacques Rueff hat einmal gesagt, dass Europa \u00fcber das Geld m\u00f6glich werde \u2013 oder gar nicht. Die Frage nach Sein oder\u2026","rel":"","context":"Dans &quot;Articles mineurs&quot;","img":{"alt_text":"","src":"","width":0,"height":0},"classes":[]},{"id":402,"url":"https:\/\/www.hendrik.maekeler.eu\/fr\/reiner-cunz-hrsg-wahrungsunionen-beitrage-zur-geschichte-uberregionaler-munz-und-geldpolitik\/","url_meta":{"origin":1684,"position":2},"title":"Reiner Cunz (dir.): W\u00e4hrungsunionen. Beitr\u00e4ge zur Geschichte \u00fcberregionaler M\u00fcnz- und Geldpolitik","date":"lundi 28 septembre 2009","format":false,"excerpt":"Reiner Cunz (Hrsg.): W\u00e4hrungsunionen. Beitr\u00e4ge zur Geschichte \u00fcberregionaler M\u00fcnz- und Geldpolitik (Numismatische Studien, Heft 15) [\u2026], in: Geldgeschichtliche Nachrichten 38 (2003) 211, S. 51f. Rezension Aus der gr\u00f6\u00dferen Anzahl von Ver\u00f6ffentlichungen, die sich mit dem \u00dcbergang von der D\u2011Mark zum Euro besch\u00e4ftigen, ragt der vorliegende 15.\u00a0Band der traditionsreichen Reihe \u201eNumismatische\u2026","rel":"","context":"Dans &quot;Critiques&quot;","img":{"alt_text":"","src":"","width":0,"height":0},"classes":[]},{"id":134,"url":"https:\/\/www.hendrik.maekeler.eu\/fr\/die-europaischen-juden-im-mittelalter\/","url_meta":{"origin":1684,"position":3},"title":"(Deutsch) Die europ\u00e4ischen Juden im Mittelalter","date":"dimanche 27 septembre 2009","format":false,"excerpt":"Christian-Albrechts-Universit\u00e4t zu Kiel Historisches Seminar Proseminar, 2 SWS, benoteter Schein Zeit und Ort: Fr 8:30 - 10:00, Leibnizstra\u00dfe 8 - R.101\/102 ab 18.4.2008 Die Geschichte europ\u00e4ischen Judentums im Mittelalter ist, angefangen von den Pogromen in rheinischen Judengemeinden des ersten Kreuzuges (1096) bis hin zur Vertreibung in der Mark Brandenburg (1510)\u2026","rel":"","context":"Dans &quot;2008 Semestre d'\u00e9t\u00e9&quot;","img":{"alt_text":"","src":"","width":0,"height":0},"classes":[]},{"id":1588,"url":"https:\/\/www.hendrik.maekeler.eu\/fr\/instabiles-geld-setzt-den-zusammenhalt-der-bevolkerung-aufs-spiel\/","url_meta":{"origin":1684,"position":4},"title":"Instabiles Geld setzt den Zusammenhalt der Bev\u00f6lkerung aufs Spiel","date":"lundi 12 d\u00e9cembre 2011","format":false,"excerpt":"Instabiles Geld setzt den Zusammenhalt der Bev\u00f6lkerung aufs Spiel, Gastbeitrag in: Fazit. Das Wirtschaftsblog vom 12. Dezember 2011. Text Dann und wann scheint es an der Zeit zu sein, die elementarsten Voraussetzungen f\u00fcr die Funktionalit\u00e4t unseres W\u00e4hrungssystems in Erinnerung zu rufen. Denn wer die Diskussion \u00fcber die Euro-Rettung \u00fcber l\u00e4ngere\u2026","rel":"","context":"Dans &quot;Blog&quot;","img":{"alt_text":"","src":"","width":0,"height":0},"classes":[]},{"id":427,"url":"https:\/\/www.hendrik.maekeler.eu\/fr\/christian-dekesel-thomas-stacker-europaische-numismatische-literatur-im-17-jahrhundert\/","url_meta":{"origin":1684,"position":5},"title":"Christian Dekesel et Thomas St\u00e4cker (dir.): Europ\u00e4ische numismatische Literatur im 17. Jahrhundert","date":"lundi 28 septembre 2009","format":false,"excerpt":"Christian Dekesel und Thomas St\u00e4cker (Hrsg.): Europ\u00e4ische numismatische Literatur im 17.\u00a0Jahrhundert (Wolfenb\u00fctteler Arbeiten zur Barockforschung, 42) [\u2026], in: Geldgeschichtliche Nachrichten 42 (2007) 233, S.\u00a0173. Rezension Nachdem die Reihe \u201eNumismatiker im Portr\u00e4t\u201c von Peter Berghaus, die in den GN erschienen ist, eingestellt worden war, schien die Erforschung der Geschichte der Numismatik\u2026","rel":"","context":"Dans &quot;Critiques&quot;","img":{"alt_text":"","src":"","width":0,"height":0},"classes":[]}],"_links":{"self":[{"href":"https:\/\/www.hendrik.maekeler.eu\/fr\/wp-json\/wp\/v2\/posts\/1684"}],"collection":[{"href":"https:\/\/www.hendrik.maekeler.eu\/fr\/wp-json\/wp\/v2\/posts"}],"about":[{"href":"https:\/\/www.hendrik.maekeler.eu\/fr\/wp-json\/wp\/v2\/types\/post"}],"author":[{"embeddable":true,"href":"https:\/\/www.hendrik.maekeler.eu\/fr\/wp-json\/wp\/v2\/users\/1"}],"replies":[{"embeddable":true,"href":"https:\/\/www.hendrik.maekeler.eu\/fr\/wp-json\/wp\/v2\/comments?post=1684"}],"version-history":[{"count":7,"href":"https:\/\/www.hendrik.maekeler.eu\/fr\/wp-json\/wp\/v2\/posts\/1684\/revisions"}],"predecessor-version":[{"id":1770,"href":"https:\/\/www.hendrik.maekeler.eu\/fr\/wp-json\/wp\/v2\/posts\/1684\/revisions\/1770"}],"wp:attachment":[{"href":"https:\/\/www.hendrik.maekeler.eu\/fr\/wp-json\/wp\/v2\/media?parent=1684"}],"wp:term":[{"taxonomy":"category","embeddable":true,"href":"https:\/\/www.hendrik.maekeler.eu\/fr\/wp-json\/wp\/v2\/categories?post=1684"},{"taxonomy":"post_tag","embeddable":true,"href":"https:\/\/www.hendrik.maekeler.eu\/fr\/wp-json\/wp\/v2\/tags?post=1684"}],"curies":[{"name":"wp","href":"https:\/\/api.w.org\/{rel}","templated":true}]}}