{"id":1710,"date":"2012-08-07T18:21:19","date_gmt":"2012-08-07T16:21:19","guid":{"rendered":"http:\/\/www.hendrik.maekeler.eu\/?p=1710"},"modified":"2012-08-13T22:11:27","modified_gmt":"2012-08-13T20:11:27","slug":"myntkabinett-ska-locka-publik","status":"publish","type":"post","link":"https:\/\/www.hendrik.maekeler.eu\/fr\/myntkabinett-ska-locka-publik\/","title":{"rendered":"Myntkabinett ska locka publik"},"content":{"rendered":"<p>7 ao\u00fbt 2012, Sveriges Radio P4 Uppland, Sanna Richter: <a title=\"Myntkabinett ska locka publik\" href=\"http:\/\/sverigesradio.se\/sida\/artikel.aspx?programid=114&amp;artikel=5222026\" target=\"_blank\">Myntkabinett ska locka publik<\/a>. Version longue sous le titre \u00ab\u00a0<a title=\"V\u00e4rldens \u00e4ldsta sedlar finns i Uppsala\" href=\"http:\/\/sverigesradio.se\/sida\/artikel.aspx?programid=323&amp;artikel=5223051\" target=\"_blank\">V\u00e4rldens \u00e4ldsta sedlar finns i Uppsala<\/a>\u00ab\u00a0.<\/p>\n<p><div class=\"gm-map\" style=\"position: relative;height: 200px; width: 200px;\"><iframe name=\"gm-map-3\" allowfullscreen src=\"https:\/\/www.hendrik.maekeler.eu\/fr\/?geo_mashup_content=render-map&amp;map_data_key=ebe3b6bf71841677e29403704d439fd7&amp;name=gm-map-3&amp;map_content=contextual&amp;error_comment=&lt;!-- Geo Mashup n'a trouv\u00e9 aucun objet \u00e0 placer sur la carte dans ce contexte.--&gt;\" style=\"position: absolute; top: 0; left: 0; width: 100%; height: 100%; border: none; overflow: hidden;\"><\/iframe><\/div><\/p>\n<div class=\"sharedaddy sd-sharing-enabled\"><div class=\"robots-nocontent sd-block sd-social sd-social-icon sd-sharing\"><div class=\"sd-content\"><ul><li class=\"share-email\"><a rel=\"nofollow noopener noreferrer\" data-shared=\"\" class=\"share-email sd-button share-icon no-text\" href=\"https:\/\/www.hendrik.maekeler.eu\/fr\/myntkabinett-ska-locka-publik\/?share=email\" target=\"_blank\" title=\"Cliquez pour envoyer par e-mail \u00e0 un ami\"><span><\/span><span class=\"sharing-screen-reader-text\">Cliquez pour envoyer par e-mail \u00e0 un ami(ouvre dans une nouvelle fen\u00eatre)<\/span><\/a><\/li><li class=\"share-print\"><a rel=\"nofollow noopener noreferrer\" data-shared=\"\" class=\"share-print sd-button share-icon no-text\" href=\"https:\/\/www.hendrik.maekeler.eu\/fr\/myntkabinett-ska-locka-publik\/\" target=\"_blank\" title=\"Cliquer pour imprimer\"><span><\/span><span class=\"sharing-screen-reader-text\">Cliquer pour imprimer(ouvre dans une nouvelle fen\u00eatre)<\/span><\/a><\/li><li class=\"share-facebook\"><a rel=\"nofollow noopener noreferrer\" data-shared=\"sharing-facebook-1710\" class=\"share-facebook sd-button share-icon no-text\" href=\"https:\/\/www.hendrik.maekeler.eu\/fr\/myntkabinett-ska-locka-publik\/?share=facebook\" target=\"_blank\" title=\"Cliquez pour partager sur Facebook\"><span><\/span><span class=\"sharing-screen-reader-text\">Cliquez pour partager sur Facebook(ouvre dans une nouvelle fen\u00eatre)<\/span><\/a><\/li><li class=\"share-twitter\"><a rel=\"nofollow noopener noreferrer\" data-shared=\"sharing-twitter-1710\" class=\"share-twitter sd-button share-icon no-text\" href=\"https:\/\/www.hendrik.maekeler.eu\/fr\/myntkabinett-ska-locka-publik\/?share=twitter\" target=\"_blank\" title=\"Cliquez pour partager sur Twitter\"><span><\/span><span class=\"sharing-screen-reader-text\">Cliquez pour partager sur Twitter(ouvre dans une nouvelle fen\u00eatre)<\/span><\/a><\/li><li class=\"share-linkedin\"><a rel=\"nofollow noopener noreferrer\" data-shared=\"sharing-linkedin-1710\" class=\"share-linkedin sd-button share-icon no-text\" href=\"https:\/\/www.hendrik.maekeler.eu\/fr\/myntkabinett-ska-locka-publik\/?share=linkedin\" target=\"_blank\" title=\"Cliquez pour partager sur LinkedIn\"><span><\/span><span class=\"sharing-screen-reader-text\">Cliquez pour partager sur LinkedIn(ouvre dans une nouvelle fen\u00eatre)<\/span><\/a><\/li><li class=\"share-pinterest\"><a rel=\"nofollow noopener noreferrer\" data-shared=\"sharing-pinterest-1710\" class=\"share-pinterest sd-button share-icon no-text\" href=\"https:\/\/www.hendrik.maekeler.eu\/fr\/myntkabinett-ska-locka-publik\/?share=pinterest\" target=\"_blank\" title=\"Cliquez pour partager sur Pinterest\"><span><\/span><span class=\"sharing-screen-reader-text\">Cliquez pour partager sur Pinterest(ouvre dans une nouvelle fen\u00eatre)<\/span><\/a><\/li><li class=\"share-reddit\"><a rel=\"nofollow noopener noreferrer\" data-shared=\"\" class=\"share-reddit sd-button share-icon no-text\" href=\"https:\/\/www.hendrik.maekeler.eu\/fr\/myntkabinett-ska-locka-publik\/?share=reddit\" target=\"_blank\" title=\"Cliquez pour partager sur Reddit\"><span><\/span><span class=\"sharing-screen-reader-text\">Cliquez pour partager sur Reddit(ouvre dans une nouvelle fen\u00eatre)<\/span><\/a><\/li><li class=\"share-tumblr\"><a rel=\"nofollow noopener noreferrer\" data-shared=\"\" class=\"share-tumblr sd-button share-icon no-text\" href=\"https:\/\/www.hendrik.maekeler.eu\/fr\/myntkabinett-ska-locka-publik\/?share=tumblr\" target=\"_blank\" title=\"Cliquez pour partager sur Tumblr\"><span><\/span><span class=\"sharing-screen-reader-text\">Cliquez pour partager sur Tumblr(ouvre dans une nouvelle fen\u00eatre)<\/span><\/a><\/li><li class=\"share-jetpack-whatsapp\"><a rel=\"nofollow noopener noreferrer\" data-shared=\"\" class=\"share-jetpack-whatsapp sd-button share-icon no-text\" href=\"https:\/\/www.hendrik.maekeler.eu\/fr\/myntkabinett-ska-locka-publik\/?share=jetpack-whatsapp\" target=\"_blank\" title=\"Cliquez pour partager sur WhatsApp\"><span><\/span><span class=\"sharing-screen-reader-text\">Cliquez pour partager sur WhatsApp(ouvre dans une nouvelle fen\u00eatre)<\/span><\/a><\/li><li class=\"share-end\"><\/li><\/ul><\/div><\/div><\/div>","protected":false},"excerpt":{"rendered":"<p>7 ao\u00fbt 2012, Sveriges Radio P4 Uppland, Sanna Richter: Myntkabinett ska locka publik. Version longue sous le titre \u00ab\u00a0V\u00e4rldens \u00e4ldsta sedlar finns i Uppsala\u00ab\u00a0.<\/p>\n<div class=\"sharedaddy sd-sharing-enabled\"><div class=\"robots-nocontent sd-block sd-social sd-social-icon sd-sharing\"><div class=\"sd-content\"><ul><li class=\"share-email\"><a rel=\"nofollow noopener noreferrer\" data-shared=\"\" class=\"share-email sd-button share-icon no-text\" href=\"https:\/\/www.hendrik.maekeler.eu\/fr\/myntkabinett-ska-locka-publik\/?share=email\" target=\"_blank\" title=\"Cliquez pour envoyer par e-mail \u00e0 un ami\"><span><\/span><span class=\"sharing-screen-reader-text\">Cliquez pour envoyer par e-mail \u00e0 un ami(ouvre dans une nouvelle fen\u00eatre)<\/span><\/a><\/li><li class=\"share-print\"><a rel=\"nofollow noopener noreferrer\" data-shared=\"\" class=\"share-print sd-button share-icon no-text\" href=\"https:\/\/www.hendrik.maekeler.eu\/fr\/myntkabinett-ska-locka-publik\/\" target=\"_blank\" title=\"Cliquer pour imprimer\"><span><\/span><span class=\"sharing-screen-reader-text\">Cliquer pour imprimer(ouvre dans une nouvelle fen\u00eatre)<\/span><\/a><\/li><li class=\"share-facebook\"><a rel=\"nofollow noopener noreferrer\" data-shared=\"sharing-facebook-1710\" class=\"share-facebook sd-button share-icon no-text\" href=\"https:\/\/www.hendrik.maekeler.eu\/fr\/myntkabinett-ska-locka-publik\/?share=facebook\" target=\"_blank\" title=\"Cliquez pour partager sur Facebook\"><span><\/span><span class=\"sharing-screen-reader-text\">Cliquez pour partager sur Facebook(ouvre dans une nouvelle fen\u00eatre)<\/span><\/a><\/li><li class=\"share-twitter\"><a rel=\"nofollow noopener noreferrer\" data-shared=\"sharing-twitter-1710\" class=\"share-twitter sd-button share-icon no-text\" href=\"https:\/\/www.hendrik.maekeler.eu\/fr\/myntkabinett-ska-locka-publik\/?share=twitter\" target=\"_blank\" title=\"Cliquez pour partager sur Twitter\"><span><\/span><span class=\"sharing-screen-reader-text\">Cliquez pour partager sur Twitter(ouvre dans une nouvelle fen\u00eatre)<\/span><\/a><\/li><li class=\"share-linkedin\"><a rel=\"nofollow noopener noreferrer\" data-shared=\"sharing-linkedin-1710\" class=\"share-linkedin sd-button share-icon no-text\" href=\"https:\/\/www.hendrik.maekeler.eu\/fr\/myntkabinett-ska-locka-publik\/?share=linkedin\" target=\"_blank\" title=\"Cliquez pour partager sur LinkedIn\"><span><\/span><span class=\"sharing-screen-reader-text\">Cliquez pour partager sur LinkedIn(ouvre dans une nouvelle fen\u00eatre)<\/span><\/a><\/li><li class=\"share-pinterest\"><a rel=\"nofollow noopener noreferrer\" data-shared=\"sharing-pinterest-1710\" class=\"share-pinterest sd-button share-icon no-text\" href=\"https:\/\/www.hendrik.maekeler.eu\/fr\/myntkabinett-ska-locka-publik\/?share=pinterest\" target=\"_blank\" title=\"Cliquez pour partager sur Pinterest\"><span><\/span><span class=\"sharing-screen-reader-text\">Cliquez pour partager sur Pinterest(ouvre dans une nouvelle fen\u00eatre)<\/span><\/a><\/li><li class=\"share-reddit\"><a rel=\"nofollow noopener noreferrer\" data-shared=\"\" class=\"share-reddit sd-button share-icon no-text\" href=\"https:\/\/www.hendrik.maekeler.eu\/fr\/myntkabinett-ska-locka-publik\/?share=reddit\" target=\"_blank\" title=\"Cliquez pour partager sur Reddit\"><span><\/span><span class=\"sharing-screen-reader-text\">Cliquez pour partager sur Reddit(ouvre dans une nouvelle fen\u00eatre)<\/span><\/a><\/li><li class=\"share-tumblr\"><a rel=\"nofollow noopener noreferrer\" data-shared=\"\" class=\"share-tumblr sd-button share-icon no-text\" href=\"https:\/\/www.hendrik.maekeler.eu\/fr\/myntkabinett-ska-locka-publik\/?share=tumblr\" target=\"_blank\" title=\"Cliquez pour partager sur Tumblr\"><span><\/span><span class=\"sharing-screen-reader-text\">Cliquez pour partager sur Tumblr(ouvre dans une nouvelle fen\u00eatre)<\/span><\/a><\/li><li class=\"share-jetpack-whatsapp\"><a rel=\"nofollow noopener noreferrer\" data-shared=\"\" class=\"share-jetpack-whatsapp sd-button share-icon no-text\" href=\"https:\/\/www.hendrik.maekeler.eu\/fr\/myntkabinett-ska-locka-publik\/?share=jetpack-whatsapp\" target=\"_blank\" title=\"Cliquez pour partager sur WhatsApp\"><span><\/span><span class=\"sharing-screen-reader-text\">Cliquez pour partager sur WhatsApp(ouvre dans une nouvelle fen\u00eatre)<\/span><\/a><\/li><li class=\"share-end\"><\/li><\/ul><\/div><\/div><\/div>","protected":false},"author":1,"featured_media":0,"comment_status":"closed","ping_status":"closed","sticky":false,"template":"","format":"standard","meta":{"spay_email":"","jetpack_publicize_message":"","jetpack_is_tweetstorm":false,"jetpack_publicize_feature_enabled":true},"categories":[9],"tags":[57,859,471],"geo":{"latitude":59.85773089999999996280166669748723506927490234375,"longitude":17.629823699999999320198185159824788570404052734375,"description":"Biskopsgatan 3, 75312 Uppsala, Schweden"},"jetpack_featured_media_url":"","jetpack_publicize_connections":[],"jetpack_sharing_enabled":true,"jetpack_shortlink":"https:\/\/wp.me\/p3fDqY-rA","jetpack-related-posts":[{"id":577,"url":"https:\/\/www.hendrik.maekeler.eu\/fr\/falska-mynt-mer-varda-an-akta\/","url_meta":{"origin":1710,"position":0},"title":"Falska mynt mer v\u00e4rda \u00e4n \u00e4kta","date":"samedi  3 octobre 2009","format":false,"excerpt":"24. August\u00a02009, Sveriges Radio P4 Uppland, Christer Engqvist: Falska mynt mer v\u00e4rda \u00e4n \u00e4kta \"I fredags d\u00f6mdes sex medlemmar i en falskmyntarliga till f\u00e4ngelsestraff. Det var\u00a0i mars som polisen slog till och beslagtog falska dollar- och eurosedlar v\u00e4rda 2,5 miljoner svenska kronor. Dollar \u00e4r den vanligaste valutan som f\u00f6rfalskas, men\u2026","rel":"","context":"Dans &quot;Revue de presse&quot;","img":{"alt_text":"","src":"","width":0,"height":0},"classes":[]},{"id":2184,"url":"https:\/\/www.hendrik.maekeler.eu\/fr\/kina-foerst-med-sedlar-vaerlden\/","url_meta":{"origin":1710,"position":1},"title":"(Deutsch) Kina f\u00f6rst med sedlar i v\u00e4rlden","date":"vendredi 30 d\u00e9cembre 2016","format":false,"excerpt":"D\u00e9sol\u00e9, cet article est seulement disponible en Allemand.Kina f\u00f6rst med sedlar i v\u00e4rlden, Interview von Christer Engqvist und Mattias Persson f\u00fcr Sveriges Radio: China war das erste Land der Welt, das Papiergeld ausgab. In dem Beitrag wird eine\u00a0dieser fr\u00fchesten Noten in ihren historischen und geldtheoretischen Kontext gestellt. Das Exemplar\u00a0findet sich\u2026","rel":"","context":"Dans &quot;Revue de presse&quot;","img":{"alt_text":"","src":"","width":0,"height":0},"classes":[]},{"id":2178,"url":"https:\/\/www.hendrik.maekeler.eu\/fr\/sverige-foerst-med-sedlar-europa\/","url_meta":{"origin":1710,"position":2},"title":"(Deutsch) Sverige f\u00f6rst med sedlar i Europa","date":"mardi  3 janvier 2017","format":false,"excerpt":"D\u00e9sol\u00e9, cet article est seulement disponible en Allemand et Anglais Am\u00e9ricain.Sverige f\u00f6rst med sedlar i Europa, Interview von Christer Engqvist und Mattias Persson f\u00fcr Sveriges Radio: Schweden war das erste europ\u00e4ische Land, das Banknoten ausgegeben hat. Als die Palmstruchsche Bank im Jahr 1668 im Untergang begriffen war, wurde sie aufgrund\u2026","rel":"","context":"Dans &quot;Revue de presse&quot;","img":{"alt_text":"","src":"","width":0,"height":0},"classes":[]},{"id":566,"url":"https:\/\/www.hendrik.maekeler.eu\/fr\/myntsamling-oppnas-for-allmanheten-igen\/","url_meta":{"origin":1710,"position":3},"title":"Myntsamling \u00f6ppnas f\u00f6r allm\u00e4nheten igen","date":"samedi  3 octobre 2009","format":false,"excerpt":"18.\u00a0September 2008, TV4 Uppland, Elin Bergstr\u00f6m: Myntsamling \u00f6ppnas f\u00f6r allm\u00e4nheten igen \"Cirka 40 000 mynt fr\u00e5n hela v\u00e4rlden - vissa \u00e4ldre \u00e4n 2000 \u00e5r. Ja, det kan man nu \u00e5terigen se p\u00e5 Uppsala universitets myntkabinett som \u00f6ppnar f\u00f6r allm\u00e4nheten igen p\u00e5 l\u00f6rdag.\" (Link)September\u00a018th, 2008, TV4 Uppland, Elin Bergstr\u00f6m: Myntsamling \u00f6ppnas\u2026","rel":"","context":"Dans &quot;Revue de presse&quot;","img":{"alt_text":"","src":"","width":0,"height":0},"classes":[]},{"id":2188,"url":"https:\/\/www.hendrik.maekeler.eu\/fr\/kristendomen-tog-myntpraeglingen-sverige\/","url_meta":{"origin":1710,"position":4},"title":"(Deutsch) Kristendomen tog myntpr\u00e4glingen till Sverige","date":"jeudi 29 d\u00e9cembre 2016","format":false,"excerpt":"D\u00e9sol\u00e9, cet article est seulement disponible en Allemand.Kristendomen tog myntpr\u00e4glingen till Sverige, Interview von Christer Engqvist und Mattias Persson f\u00fcr Sveriges Radio: Die ersten schwedischen M\u00fcnzen wurden kurz vor dem Jahr 1000 in Sigtuna gepr\u00e4gt, der \u00e4ltesten Stadt Schwedens, wo augenscheinlich englische M\u00fcnzmeister bei der Etablierung einer eigenst\u00e4ndigen M\u00fcnzpr\u00e4gung halfen.\u2026","rel":"","context":"Dans &quot;Revue de presse&quot;","img":{"alt_text":"","src":"","width":0,"height":0},"classes":[]},{"id":2077,"url":"https:\/\/www.hendrik.maekeler.eu\/fr\/sa-ser-vara-nya-sedlar-ut\/","url_meta":{"origin":1710,"position":5},"title":"S\u00e5 ser v\u00e5ra nya sedlar ut","date":"mercredi 18 f\u00e9vrier 2015","format":false,"excerpt":"17 f\u00e9vrier 2015, Sveriges Radio P4 Uppland, Mona Wahlund: S\u00e5 ser v\u00e5ra nya sedlar ut","rel":"","context":"Dans &quot;Revue de presse&quot;","img":{"alt_text":"","src":"","width":0,"height":0},"classes":[]}],"_links":{"self":[{"href":"https:\/\/www.hendrik.maekeler.eu\/fr\/wp-json\/wp\/v2\/posts\/1710"}],"collection":[{"href":"https:\/\/www.hendrik.maekeler.eu\/fr\/wp-json\/wp\/v2\/posts"}],"about":[{"href":"https:\/\/www.hendrik.maekeler.eu\/fr\/wp-json\/wp\/v2\/types\/post"}],"author":[{"embeddable":true,"href":"https:\/\/www.hendrik.maekeler.eu\/fr\/wp-json\/wp\/v2\/users\/1"}],"replies":[{"embeddable":true,"href":"https:\/\/www.hendrik.maekeler.eu\/fr\/wp-json\/wp\/v2\/comments?post=1710"}],"version-history":[{"count":5,"href":"https:\/\/www.hendrik.maekeler.eu\/fr\/wp-json\/wp\/v2\/posts\/1710\/revisions"}],"predecessor-version":[{"id":1739,"href":"https:\/\/www.hendrik.maekeler.eu\/fr\/wp-json\/wp\/v2\/posts\/1710\/revisions\/1739"}],"wp:attachment":[{"href":"https:\/\/www.hendrik.maekeler.eu\/fr\/wp-json\/wp\/v2\/media?parent=1710"}],"wp:term":[{"taxonomy":"category","embeddable":true,"href":"https:\/\/www.hendrik.maekeler.eu\/fr\/wp-json\/wp\/v2\/categories?post=1710"},{"taxonomy":"post_tag","embeddable":true,"href":"https:\/\/www.hendrik.maekeler.eu\/fr\/wp-json\/wp\/v2\/tags?post=1710"}],"curies":[{"name":"wp","href":"https:\/\/api.w.org\/{rel}","templated":true}]}}