{"id":1836,"date":"2013-03-21T23:05:04","date_gmt":"2013-03-21T21:05:04","guid":{"rendered":"http:\/\/www.hendrik.maekeler.eu\/?p=1836"},"modified":"2017-03-10T21:51:21","modified_gmt":"2017-03-10T20:51:21","slug":"innan-sveriges-forsta-mynt-praglades","status":"publish","type":"post","link":"https:\/\/www.hendrik.maekeler.eu\/fr\/innan-sveriges-forsta-mynt-praglades\/","title":{"rendered":"Innan Sveriges f\u00f6rsta mynt pr\u00e4glades"},"content":{"rendered":"<p>Hendrik M\u00e4keler: Innan Sveriges f\u00f6rsta mynt pr\u00e4glades, dans: <a title=\"Uppsala universitets \u00e5rsredovisning 2012\" href=\"http:\/\/regler.uu.se\/digitalAssets\/149\/149440_ar-2012-web.pdf\" target=\"_blank\">Uppsala universitets \u00e5rsredovisning 2012<\/a>, Uppsala 2013, p. 48.<\/p>\n<div class=\"sharedaddy sd-sharing-enabled\"><div class=\"robots-nocontent sd-block sd-social sd-social-icon sd-sharing\"><div class=\"sd-content\"><ul><li class=\"share-email\"><a rel=\"nofollow noopener noreferrer\" data-shared=\"\" class=\"share-email sd-button share-icon no-text\" href=\"https:\/\/www.hendrik.maekeler.eu\/fr\/innan-sveriges-forsta-mynt-praglades\/?share=email\" target=\"_blank\" title=\"Cliquez pour envoyer par e-mail \u00e0 un ami\"><span><\/span><span class=\"sharing-screen-reader-text\">Cliquez pour envoyer par e-mail \u00e0 un ami(ouvre dans une nouvelle fen\u00eatre)<\/span><\/a><\/li><li class=\"share-print\"><a rel=\"nofollow noopener noreferrer\" data-shared=\"\" class=\"share-print sd-button share-icon no-text\" href=\"https:\/\/www.hendrik.maekeler.eu\/fr\/innan-sveriges-forsta-mynt-praglades\/\" target=\"_blank\" title=\"Cliquer pour imprimer\"><span><\/span><span class=\"sharing-screen-reader-text\">Cliquer pour imprimer(ouvre dans une nouvelle fen\u00eatre)<\/span><\/a><\/li><li class=\"share-facebook\"><a rel=\"nofollow noopener noreferrer\" data-shared=\"sharing-facebook-1836\" class=\"share-facebook sd-button share-icon no-text\" href=\"https:\/\/www.hendrik.maekeler.eu\/fr\/innan-sveriges-forsta-mynt-praglades\/?share=facebook\" target=\"_blank\" title=\"Cliquez pour partager sur Facebook\"><span><\/span><span class=\"sharing-screen-reader-text\">Cliquez pour partager sur Facebook(ouvre dans une nouvelle fen\u00eatre)<\/span><\/a><\/li><li class=\"share-twitter\"><a rel=\"nofollow noopener noreferrer\" data-shared=\"sharing-twitter-1836\" class=\"share-twitter sd-button share-icon no-text\" href=\"https:\/\/www.hendrik.maekeler.eu\/fr\/innan-sveriges-forsta-mynt-praglades\/?share=twitter\" target=\"_blank\" title=\"Cliquez pour partager sur Twitter\"><span><\/span><span class=\"sharing-screen-reader-text\">Cliquez pour partager sur Twitter(ouvre dans une nouvelle fen\u00eatre)<\/span><\/a><\/li><li class=\"share-linkedin\"><a rel=\"nofollow noopener noreferrer\" data-shared=\"sharing-linkedin-1836\" class=\"share-linkedin sd-button share-icon no-text\" href=\"https:\/\/www.hendrik.maekeler.eu\/fr\/innan-sveriges-forsta-mynt-praglades\/?share=linkedin\" target=\"_blank\" title=\"Cliquez pour partager sur LinkedIn\"><span><\/span><span class=\"sharing-screen-reader-text\">Cliquez pour partager sur LinkedIn(ouvre dans une nouvelle fen\u00eatre)<\/span><\/a><\/li><li class=\"share-pinterest\"><a rel=\"nofollow noopener noreferrer\" data-shared=\"sharing-pinterest-1836\" class=\"share-pinterest sd-button share-icon no-text\" href=\"https:\/\/www.hendrik.maekeler.eu\/fr\/innan-sveriges-forsta-mynt-praglades\/?share=pinterest\" target=\"_blank\" title=\"Cliquez pour partager sur Pinterest\"><span><\/span><span class=\"sharing-screen-reader-text\">Cliquez pour partager sur Pinterest(ouvre dans une nouvelle fen\u00eatre)<\/span><\/a><\/li><li class=\"share-reddit\"><a rel=\"nofollow noopener noreferrer\" data-shared=\"\" class=\"share-reddit sd-button share-icon no-text\" href=\"https:\/\/www.hendrik.maekeler.eu\/fr\/innan-sveriges-forsta-mynt-praglades\/?share=reddit\" target=\"_blank\" title=\"Cliquez pour partager sur Reddit\"><span><\/span><span class=\"sharing-screen-reader-text\">Cliquez pour partager sur Reddit(ouvre dans une nouvelle fen\u00eatre)<\/span><\/a><\/li><li class=\"share-tumblr\"><a rel=\"nofollow noopener noreferrer\" data-shared=\"\" class=\"share-tumblr sd-button share-icon no-text\" href=\"https:\/\/www.hendrik.maekeler.eu\/fr\/innan-sveriges-forsta-mynt-praglades\/?share=tumblr\" target=\"_blank\" title=\"Cliquez pour partager sur Tumblr\"><span><\/span><span class=\"sharing-screen-reader-text\">Cliquez pour partager sur Tumblr(ouvre dans une nouvelle fen\u00eatre)<\/span><\/a><\/li><li class=\"share-jetpack-whatsapp\"><a rel=\"nofollow noopener noreferrer\" data-shared=\"\" class=\"share-jetpack-whatsapp sd-button share-icon no-text\" href=\"https:\/\/www.hendrik.maekeler.eu\/fr\/innan-sveriges-forsta-mynt-praglades\/?share=jetpack-whatsapp\" target=\"_blank\" title=\"Cliquez pour partager sur WhatsApp\"><span><\/span><span class=\"sharing-screen-reader-text\">Cliquez pour partager sur WhatsApp(ouvre dans une nouvelle fen\u00eatre)<\/span><\/a><\/li><li class=\"share-end\"><\/li><\/ul><\/div><\/div><\/div>","protected":false},"excerpt":{"rendered":"<p>Hendrik M\u00e4keler: Innan Sveriges f\u00f6rsta mynt pr\u00e4glades, dans: Uppsala universitets \u00e5rsredovisning 2012, Uppsala 2013, p. 48.<\/p>\n<div class=\"sharedaddy sd-sharing-enabled\"><div class=\"robots-nocontent sd-block sd-social sd-social-icon sd-sharing\"><div class=\"sd-content\"><ul><li class=\"share-email\"><a rel=\"nofollow noopener noreferrer\" data-shared=\"\" class=\"share-email sd-button share-icon no-text\" href=\"https:\/\/www.hendrik.maekeler.eu\/fr\/innan-sveriges-forsta-mynt-praglades\/?share=email\" target=\"_blank\" title=\"Cliquez pour envoyer par e-mail \u00e0 un ami\"><span><\/span><span class=\"sharing-screen-reader-text\">Cliquez pour envoyer par e-mail \u00e0 un ami(ouvre dans une nouvelle fen\u00eatre)<\/span><\/a><\/li><li class=\"share-print\"><a rel=\"nofollow noopener noreferrer\" data-shared=\"\" class=\"share-print sd-button share-icon no-text\" href=\"https:\/\/www.hendrik.maekeler.eu\/fr\/innan-sveriges-forsta-mynt-praglades\/\" target=\"_blank\" title=\"Cliquer pour imprimer\"><span><\/span><span class=\"sharing-screen-reader-text\">Cliquer pour imprimer(ouvre dans une nouvelle fen\u00eatre)<\/span><\/a><\/li><li class=\"share-facebook\"><a rel=\"nofollow noopener noreferrer\" data-shared=\"sharing-facebook-1836\" class=\"share-facebook sd-button share-icon no-text\" href=\"https:\/\/www.hendrik.maekeler.eu\/fr\/innan-sveriges-forsta-mynt-praglades\/?share=facebook\" target=\"_blank\" title=\"Cliquez pour partager sur Facebook\"><span><\/span><span class=\"sharing-screen-reader-text\">Cliquez pour partager sur Facebook(ouvre dans une nouvelle fen\u00eatre)<\/span><\/a><\/li><li class=\"share-twitter\"><a rel=\"nofollow noopener noreferrer\" data-shared=\"sharing-twitter-1836\" class=\"share-twitter sd-button share-icon no-text\" href=\"https:\/\/www.hendrik.maekeler.eu\/fr\/innan-sveriges-forsta-mynt-praglades\/?share=twitter\" target=\"_blank\" title=\"Cliquez pour partager sur Twitter\"><span><\/span><span class=\"sharing-screen-reader-text\">Cliquez pour partager sur Twitter(ouvre dans une nouvelle fen\u00eatre)<\/span><\/a><\/li><li class=\"share-linkedin\"><a rel=\"nofollow noopener noreferrer\" data-shared=\"sharing-linkedin-1836\" class=\"share-linkedin sd-button share-icon no-text\" href=\"https:\/\/www.hendrik.maekeler.eu\/fr\/innan-sveriges-forsta-mynt-praglades\/?share=linkedin\" target=\"_blank\" title=\"Cliquez pour partager sur LinkedIn\"><span><\/span><span class=\"sharing-screen-reader-text\">Cliquez pour partager sur LinkedIn(ouvre dans une nouvelle fen\u00eatre)<\/span><\/a><\/li><li class=\"share-pinterest\"><a rel=\"nofollow noopener noreferrer\" data-shared=\"sharing-pinterest-1836\" class=\"share-pinterest sd-button share-icon no-text\" href=\"https:\/\/www.hendrik.maekeler.eu\/fr\/innan-sveriges-forsta-mynt-praglades\/?share=pinterest\" target=\"_blank\" title=\"Cliquez pour partager sur Pinterest\"><span><\/span><span class=\"sharing-screen-reader-text\">Cliquez pour partager sur Pinterest(ouvre dans une nouvelle fen\u00eatre)<\/span><\/a><\/li><li class=\"share-reddit\"><a rel=\"nofollow noopener noreferrer\" data-shared=\"\" class=\"share-reddit sd-button share-icon no-text\" href=\"https:\/\/www.hendrik.maekeler.eu\/fr\/innan-sveriges-forsta-mynt-praglades\/?share=reddit\" target=\"_blank\" title=\"Cliquez pour partager sur Reddit\"><span><\/span><span class=\"sharing-screen-reader-text\">Cliquez pour partager sur Reddit(ouvre dans une nouvelle fen\u00eatre)<\/span><\/a><\/li><li class=\"share-tumblr\"><a rel=\"nofollow noopener noreferrer\" data-shared=\"\" class=\"share-tumblr sd-button share-icon no-text\" href=\"https:\/\/www.hendrik.maekeler.eu\/fr\/innan-sveriges-forsta-mynt-praglades\/?share=tumblr\" target=\"_blank\" title=\"Cliquez pour partager sur Tumblr\"><span><\/span><span class=\"sharing-screen-reader-text\">Cliquez pour partager sur Tumblr(ouvre dans une nouvelle fen\u00eatre)<\/span><\/a><\/li><li class=\"share-jetpack-whatsapp\"><a rel=\"nofollow noopener noreferrer\" data-shared=\"\" class=\"share-jetpack-whatsapp sd-button share-icon no-text\" href=\"https:\/\/www.hendrik.maekeler.eu\/fr\/innan-sveriges-forsta-mynt-praglades\/?share=jetpack-whatsapp\" target=\"_blank\" title=\"Cliquez pour partager sur WhatsApp\"><span><\/span><span class=\"sharing-screen-reader-text\">Cliquez pour partager sur WhatsApp(ouvre dans une nouvelle fen\u00eatre)<\/span><\/a><\/li><li class=\"share-end\"><\/li><\/ul><\/div><\/div><\/div>","protected":false},"author":1,"featured_media":0,"comment_status":"closed","ping_status":"closed","sticky":false,"template":"","format":"standard","meta":{"spay_email":"","jetpack_publicize_message":"","jetpack_is_tweetstorm":false,"jetpack_publicize_feature_enabled":true},"categories":[26],"tags":[623,937,124],"geo":null,"jetpack_featured_media_url":"","jetpack_publicize_connections":[],"jetpack_sharing_enabled":true,"jetpack_shortlink":"https:\/\/wp.me\/p3fDqY-tC","jetpack-related-posts":[{"id":1806,"url":"https:\/\/www.hendrik.maekeler.eu\/fr\/sveriges-forsta-mynt\/","url_meta":{"origin":1836,"position":0},"title":"Sveriges f\u00f6rsta mynt","date":"samedi 30 juin 2012","format":false,"excerpt":"Hendrik M\u00e4keler: Sveriges f\u00f6rsta mynt, dans:\u00a0Uppsala universitets \u00e5rsredovisning 2011, Uppsala 2012, p. 54.","rel":"","context":"Dans &quot;Illustrations num\u00e9riques&quot;","img":{"alt_text":"","src":"https:\/\/i1.wp.com\/www.hendrik.maekeler.eu\/wp-content\/uploads\/2012\/06\/arsredovisning2011-211x300.jpg?resize=350%2C200","width":350,"height":200},"classes":[]},{"id":2154,"url":"https:\/\/www.hendrik.maekeler.eu\/fr\/gotlands-tidigaste-mynt-praeglades-ca-1140-1220\/","url_meta":{"origin":1836,"position":1},"title":"(Deutsch) Gotlands tidigaste mynt pr\u00e4glades ca 1140-1220","date":"lundi 10 mars 2014","format":false,"excerpt":"D\u00e9sol\u00e9, cet article est seulement disponible en Allemand.Gotlands tidigaste mynt pr\u00e4glades ca 1140-1220, in: Uppsala universitets \u00e5rsredovisning 2013, Uppsala 2014, S. 52.","rel":"","context":"Dans &quot;Illustrations num\u00e9riques&quot;","img":{"alt_text":"","src":"https:\/\/i2.wp.com\/www.hendrik.maekeler.eu\/wp-content\/uploads\/2017\/03\/arsredovisning2013-212x300.jpg?resize=350%2C200","width":350,"height":200},"classes":[]},{"id":2165,"url":"https:\/\/www.hendrik.maekeler.eu\/fr\/mynt-fran-slutet-av-1860-talet-naer-sa-kallade-caroliner-myntades-sverige\/","url_meta":{"origin":1836,"position":2},"title":"(Deutsch) Mynt fr\u00e5n slutet av 1860-talet n\u00e4r s\u00e5 kallade Caroliner myntades i Sverige","date":"mardi 10 mars 2015","format":false,"excerpt":"D\u00e9sol\u00e9, cet article est seulement disponible en Allemand.Mynt fr\u00e5n slutet av 1860-talet n\u00e4r s\u00e5 kallade Caroliner myntades i Sverige. Dessa mynt skulle vara internationellt g\u00e5ngbara d\u00e5 de motsvarade 10 franska franc och de var en del av tanken p\u00e5 en europeisk valutaunion under 1800-talet. Carolinen anv\u00e4ndes fram till 1872 d\u00e5\u2026","rel":"","context":"Dans &quot;Illustrations num\u00e9riques&quot;","img":{"alt_text":"","src":"https:\/\/i0.wp.com\/www.hendrik.maekeler.eu\/wp-content\/uploads\/2017\/03\/arsredovisning2014-218x300.jpg?resize=350%2C200","width":350,"height":200},"classes":[]},{"id":1417,"url":"https:\/\/www.hendrik.maekeler.eu\/fr\/studienbesuch-im-munzkabinett-der-universitat-uppsala-2010\/","url_meta":{"origin":1836,"position":3},"title":"(Deutsch) Studienbesuch im M\u00fcnzkabinett der Universit\u00e4t Uppsala","date":"mardi  5 octobre 2010","format":false,"excerpt":"Uppsala universitet Ekonomisk-historiska institutionen Historiska institutionen Institutionen f\u00f6r id\u00e9- och l\u00e4rdomshistoria Historikerprogrammet Studiebes\u00f6k p\u00e5 Uppsala universitets myntkabinett Datum och tid: 2010-10-12 kl 13.15-15.45 (grupp 2), 2010-10-13 kl 09.15-10.45 (grupp 3), 2010-10-13 kl 13.15-15.45 (grupp 1) Vi g\u00e5r igenom mynt- och penninghistoriens huvudlinjer fr\u00e5n 600-talet f.Kr. fram till idag. I samband\u2026","rel":"","context":"Dans &quot;2010\/11 Semestre d\u2019hiver&quot;","img":{"alt_text":"","src":"","width":0,"height":0},"classes":[]},{"id":873,"url":"https:\/\/www.hendrik.maekeler.eu\/fr\/studienbesuch-im-munzkabinett-der-universitat-uppsala\/","url_meta":{"origin":1836,"position":4},"title":"(Deutsch) Studienbesuch im M\u00fcnzkabinett der Universit\u00e4t Uppsala","date":"samedi  7 novembre 2009","format":false,"excerpt":"Uppsala universitet Ekonomisk-historiska institutionen Historiska institutionen Institutionen f\u00f6r id\u00e9- och l\u00e4rdomshistoria Historikerprogrammet Studiebes\u00f6k p\u00e5 Uppsala universitets myntkabinett Datum och tid: 2009-10-13 kl 13.15-16.00 (grupp 2), 2009-10-14 kl 09.15-11.00 (grupp 3), 2009-10-14 kl 13.15-16.00 (grupp 1) Vi g\u00e5r igenom mynt- och penninghistoriens huvudlinjer\u00a0fr\u00e5n 600-talet f.Kr. fram till idag. I samband med\u2026","rel":"","context":"Dans &quot;2009\/10 Semestre d'hiver&quot;","img":{"alt_text":"","src":"","width":0,"height":0},"classes":[]},{"id":2172,"url":"https:\/\/www.hendrik.maekeler.eu\/fr\/uppsala-universitets-myntkabinetts-samling-innehaller-totalt-naermare-40-000-mynt-och-medaljer-fran-hela-vaerlden\/","url_meta":{"origin":1836,"position":5},"title":"(Deutsch) Uppsala universitets myntkabinetts samling inneh\u00e5ller totalt n\u00e4rmare 40 000 mynt och medaljer fr\u00e5n hela v\u00e4rlden","date":"vendredi 10 mars 2017","format":false,"excerpt":"D\u00e9sol\u00e9, cet article est seulement disponible en Allemand.Uppsala universitets myntkabinetts samling inneh\u00e5ller totalt n\u00e4rmare 40 000 mynt och medaljer fr\u00e5n hela v\u00e4rlden. Myntet p\u00e5 bilden \u00e4r myntkabinettets \u00e4ldsta mynt, in: Uppsala universitets \u00e5rsredovisning 2016, Uppsala 2017, S. 56.","rel":"","context":"Dans &quot;Illustrations num\u00e9riques&quot;","img":{"alt_text":"","src":"https:\/\/i1.wp.com\/www.hendrik.maekeler.eu\/wp-content\/uploads\/2017\/03\/arsredovisning2016-216x300.jpg?resize=350%2C200","width":350,"height":200},"classes":[]}],"_links":{"self":[{"href":"https:\/\/www.hendrik.maekeler.eu\/fr\/wp-json\/wp\/v2\/posts\/1836"}],"collection":[{"href":"https:\/\/www.hendrik.maekeler.eu\/fr\/wp-json\/wp\/v2\/posts"}],"about":[{"href":"https:\/\/www.hendrik.maekeler.eu\/fr\/wp-json\/wp\/v2\/types\/post"}],"author":[{"embeddable":true,"href":"https:\/\/www.hendrik.maekeler.eu\/fr\/wp-json\/wp\/v2\/users\/1"}],"replies":[{"embeddable":true,"href":"https:\/\/www.hendrik.maekeler.eu\/fr\/wp-json\/wp\/v2\/comments?post=1836"}],"version-history":[{"count":5,"href":"https:\/\/www.hendrik.maekeler.eu\/fr\/wp-json\/wp\/v2\/posts\/1836\/revisions"}],"predecessor-version":[{"id":2161,"href":"https:\/\/www.hendrik.maekeler.eu\/fr\/wp-json\/wp\/v2\/posts\/1836\/revisions\/2161"}],"wp:attachment":[{"href":"https:\/\/www.hendrik.maekeler.eu\/fr\/wp-json\/wp\/v2\/media?parent=1836"}],"wp:term":[{"taxonomy":"category","embeddable":true,"href":"https:\/\/www.hendrik.maekeler.eu\/fr\/wp-json\/wp\/v2\/categories?post=1836"},{"taxonomy":"post_tag","embeddable":true,"href":"https:\/\/www.hendrik.maekeler.eu\/fr\/wp-json\/wp\/v2\/tags?post=1836"}],"curies":[{"name":"wp","href":"https:\/\/api.w.org\/{rel}","templated":true}]}}