{"id":1953,"date":"2013-11-22T17:36:47","date_gmt":"2013-11-22T16:36:47","guid":{"rendered":"http:\/\/www.hendrik.maekeler.eu\/?p=1953"},"modified":"2014-02-17T16:06:34","modified_gmt":"2014-02-17T15:06:34","slug":"finanzrepressionen-werden-sich-fortsetzen","status":"publish","type":"post","link":"https:\/\/www.hendrik.maekeler.eu\/fr\/finanzrepressionen-werden-sich-fortsetzen\/","title":{"rendered":"\u00bbFinanzrepressionen werden sich fortsetzen\u00ab"},"content":{"rendered":"<p>Jonas Lengsfeld: <a title=\"Finanzrepressionen werden sich fortsetzen\" href=\"http:\/\/www.freiewelt.net\/interview\/finanzrepressionen-werden-sich-fortsetzen-10016938\/\" target=\"_blank\">\u00bbFinanzrepressionen werden sich fortsetzen\u00ab<\/a>, dans: Die Freie Welt (22 novembre 2013).<\/p>\n<div class=\"sharedaddy sd-sharing-enabled\"><div class=\"robots-nocontent sd-block sd-social sd-social-icon sd-sharing\"><div class=\"sd-content\"><ul><li class=\"share-email\"><a rel=\"nofollow noopener noreferrer\" data-shared=\"\" class=\"share-email sd-button share-icon no-text\" href=\"https:\/\/www.hendrik.maekeler.eu\/fr\/finanzrepressionen-werden-sich-fortsetzen\/?share=email\" target=\"_blank\" title=\"Cliquez pour envoyer par e-mail \u00e0 un ami\"><span><\/span><span class=\"sharing-screen-reader-text\">Cliquez pour envoyer par e-mail \u00e0 un ami(ouvre dans une nouvelle fen\u00eatre)<\/span><\/a><\/li><li class=\"share-print\"><a rel=\"nofollow noopener noreferrer\" data-shared=\"\" class=\"share-print sd-button share-icon no-text\" href=\"https:\/\/www.hendrik.maekeler.eu\/fr\/finanzrepressionen-werden-sich-fortsetzen\/\" target=\"_blank\" title=\"Cliquer pour imprimer\"><span><\/span><span class=\"sharing-screen-reader-text\">Cliquer pour imprimer(ouvre dans une nouvelle fen\u00eatre)<\/span><\/a><\/li><li class=\"share-facebook\"><a rel=\"nofollow noopener noreferrer\" data-shared=\"sharing-facebook-1953\" class=\"share-facebook sd-button share-icon no-text\" href=\"https:\/\/www.hendrik.maekeler.eu\/fr\/finanzrepressionen-werden-sich-fortsetzen\/?share=facebook\" target=\"_blank\" title=\"Cliquez pour partager sur Facebook\"><span><\/span><span class=\"sharing-screen-reader-text\">Cliquez pour partager sur Facebook(ouvre dans une nouvelle fen\u00eatre)<\/span><\/a><\/li><li class=\"share-twitter\"><a rel=\"nofollow noopener noreferrer\" data-shared=\"sharing-twitter-1953\" class=\"share-twitter sd-button share-icon no-text\" href=\"https:\/\/www.hendrik.maekeler.eu\/fr\/finanzrepressionen-werden-sich-fortsetzen\/?share=twitter\" target=\"_blank\" title=\"Cliquez pour partager sur Twitter\"><span><\/span><span class=\"sharing-screen-reader-text\">Cliquez pour partager sur Twitter(ouvre dans une nouvelle fen\u00eatre)<\/span><\/a><\/li><li class=\"share-linkedin\"><a rel=\"nofollow noopener noreferrer\" data-shared=\"sharing-linkedin-1953\" class=\"share-linkedin sd-button share-icon no-text\" href=\"https:\/\/www.hendrik.maekeler.eu\/fr\/finanzrepressionen-werden-sich-fortsetzen\/?share=linkedin\" target=\"_blank\" title=\"Cliquez pour partager sur LinkedIn\"><span><\/span><span class=\"sharing-screen-reader-text\">Cliquez pour partager sur LinkedIn(ouvre dans une nouvelle fen\u00eatre)<\/span><\/a><\/li><li class=\"share-pinterest\"><a rel=\"nofollow noopener noreferrer\" data-shared=\"sharing-pinterest-1953\" class=\"share-pinterest sd-button share-icon no-text\" href=\"https:\/\/www.hendrik.maekeler.eu\/fr\/finanzrepressionen-werden-sich-fortsetzen\/?share=pinterest\" target=\"_blank\" title=\"Cliquez pour partager sur Pinterest\"><span><\/span><span class=\"sharing-screen-reader-text\">Cliquez pour partager sur Pinterest(ouvre dans une nouvelle fen\u00eatre)<\/span><\/a><\/li><li class=\"share-reddit\"><a rel=\"nofollow noopener noreferrer\" data-shared=\"\" class=\"share-reddit sd-button share-icon no-text\" href=\"https:\/\/www.hendrik.maekeler.eu\/fr\/finanzrepressionen-werden-sich-fortsetzen\/?share=reddit\" target=\"_blank\" title=\"Cliquez pour partager sur Reddit\"><span><\/span><span class=\"sharing-screen-reader-text\">Cliquez pour partager sur Reddit(ouvre dans une nouvelle fen\u00eatre)<\/span><\/a><\/li><li class=\"share-tumblr\"><a rel=\"nofollow noopener noreferrer\" data-shared=\"\" class=\"share-tumblr sd-button share-icon no-text\" href=\"https:\/\/www.hendrik.maekeler.eu\/fr\/finanzrepressionen-werden-sich-fortsetzen\/?share=tumblr\" target=\"_blank\" title=\"Cliquez pour partager sur Tumblr\"><span><\/span><span class=\"sharing-screen-reader-text\">Cliquez pour partager sur Tumblr(ouvre dans une nouvelle fen\u00eatre)<\/span><\/a><\/li><li class=\"share-jetpack-whatsapp\"><a rel=\"nofollow noopener noreferrer\" data-shared=\"\" class=\"share-jetpack-whatsapp sd-button share-icon no-text\" href=\"https:\/\/www.hendrik.maekeler.eu\/fr\/finanzrepressionen-werden-sich-fortsetzen\/?share=jetpack-whatsapp\" target=\"_blank\" title=\"Cliquez pour partager sur WhatsApp\"><span><\/span><span class=\"sharing-screen-reader-text\">Cliquez pour partager sur WhatsApp(ouvre dans une nouvelle fen\u00eatre)<\/span><\/a><\/li><li class=\"share-end\"><\/li><\/ul><\/div><\/div><\/div>","protected":false},"excerpt":{"rendered":"<p>Jonas Lengsfeld: \u00bbFinanzrepressionen werden sich fortsetzen\u00ab, dans: Die Freie Welt (22 novembre 2013).<\/p>\n<div class=\"sharedaddy sd-sharing-enabled\"><div class=\"robots-nocontent sd-block sd-social sd-social-icon sd-sharing\"><div class=\"sd-content\"><ul><li class=\"share-email\"><a rel=\"nofollow noopener noreferrer\" data-shared=\"\" class=\"share-email sd-button share-icon no-text\" href=\"https:\/\/www.hendrik.maekeler.eu\/fr\/finanzrepressionen-werden-sich-fortsetzen\/?share=email\" target=\"_blank\" title=\"Cliquez pour envoyer par e-mail \u00e0 un ami\"><span><\/span><span class=\"sharing-screen-reader-text\">Cliquez pour envoyer par e-mail \u00e0 un ami(ouvre dans une nouvelle fen\u00eatre)<\/span><\/a><\/li><li class=\"share-print\"><a rel=\"nofollow noopener noreferrer\" data-shared=\"\" class=\"share-print sd-button share-icon no-text\" href=\"https:\/\/www.hendrik.maekeler.eu\/fr\/finanzrepressionen-werden-sich-fortsetzen\/\" target=\"_blank\" title=\"Cliquer pour imprimer\"><span><\/span><span class=\"sharing-screen-reader-text\">Cliquer pour imprimer(ouvre dans une nouvelle fen\u00eatre)<\/span><\/a><\/li><li class=\"share-facebook\"><a rel=\"nofollow noopener noreferrer\" data-shared=\"sharing-facebook-1953\" class=\"share-facebook sd-button share-icon no-text\" href=\"https:\/\/www.hendrik.maekeler.eu\/fr\/finanzrepressionen-werden-sich-fortsetzen\/?share=facebook\" target=\"_blank\" title=\"Cliquez pour partager sur Facebook\"><span><\/span><span class=\"sharing-screen-reader-text\">Cliquez pour partager sur Facebook(ouvre dans une nouvelle fen\u00eatre)<\/span><\/a><\/li><li class=\"share-twitter\"><a rel=\"nofollow noopener noreferrer\" data-shared=\"sharing-twitter-1953\" class=\"share-twitter sd-button share-icon no-text\" href=\"https:\/\/www.hendrik.maekeler.eu\/fr\/finanzrepressionen-werden-sich-fortsetzen\/?share=twitter\" target=\"_blank\" title=\"Cliquez pour partager sur Twitter\"><span><\/span><span class=\"sharing-screen-reader-text\">Cliquez pour partager sur Twitter(ouvre dans une nouvelle fen\u00eatre)<\/span><\/a><\/li><li class=\"share-linkedin\"><a rel=\"nofollow noopener noreferrer\" data-shared=\"sharing-linkedin-1953\" class=\"share-linkedin sd-button share-icon no-text\" href=\"https:\/\/www.hendrik.maekeler.eu\/fr\/finanzrepressionen-werden-sich-fortsetzen\/?share=linkedin\" target=\"_blank\" title=\"Cliquez pour partager sur LinkedIn\"><span><\/span><span class=\"sharing-screen-reader-text\">Cliquez pour partager sur LinkedIn(ouvre dans une nouvelle fen\u00eatre)<\/span><\/a><\/li><li class=\"share-pinterest\"><a rel=\"nofollow noopener noreferrer\" data-shared=\"sharing-pinterest-1953\" class=\"share-pinterest sd-button share-icon no-text\" href=\"https:\/\/www.hendrik.maekeler.eu\/fr\/finanzrepressionen-werden-sich-fortsetzen\/?share=pinterest\" target=\"_blank\" title=\"Cliquez pour partager sur Pinterest\"><span><\/span><span class=\"sharing-screen-reader-text\">Cliquez pour partager sur Pinterest(ouvre dans une nouvelle fen\u00eatre)<\/span><\/a><\/li><li class=\"share-reddit\"><a rel=\"nofollow noopener noreferrer\" data-shared=\"\" class=\"share-reddit sd-button share-icon no-text\" href=\"https:\/\/www.hendrik.maekeler.eu\/fr\/finanzrepressionen-werden-sich-fortsetzen\/?share=reddit\" target=\"_blank\" title=\"Cliquez pour partager sur Reddit\"><span><\/span><span class=\"sharing-screen-reader-text\">Cliquez pour partager sur Reddit(ouvre dans une nouvelle fen\u00eatre)<\/span><\/a><\/li><li class=\"share-tumblr\"><a rel=\"nofollow noopener noreferrer\" data-shared=\"\" class=\"share-tumblr sd-button share-icon no-text\" href=\"https:\/\/www.hendrik.maekeler.eu\/fr\/finanzrepressionen-werden-sich-fortsetzen\/?share=tumblr\" target=\"_blank\" title=\"Cliquez pour partager sur Tumblr\"><span><\/span><span class=\"sharing-screen-reader-text\">Cliquez pour partager sur Tumblr(ouvre dans une nouvelle fen\u00eatre)<\/span><\/a><\/li><li class=\"share-jetpack-whatsapp\"><a rel=\"nofollow noopener noreferrer\" data-shared=\"\" class=\"share-jetpack-whatsapp sd-button share-icon no-text\" href=\"https:\/\/www.hendrik.maekeler.eu\/fr\/finanzrepressionen-werden-sich-fortsetzen\/?share=jetpack-whatsapp\" target=\"_blank\" title=\"Cliquez pour partager sur WhatsApp\"><span><\/span><span class=\"sharing-screen-reader-text\">Cliquez pour partager sur WhatsApp(ouvre dans une nouvelle fen\u00eatre)<\/span><\/a><\/li><li class=\"share-end\"><\/li><\/ul><\/div><\/div><\/div>","protected":false},"author":1,"featured_media":0,"comment_status":"closed","ping_status":"closed","sticky":false,"template":"","format":"standard","meta":{"spay_email":"","jetpack_publicize_message":"\u00bbFinanz\u00adrepressionen werden sich fortsetzen\u00ab","jetpack_is_tweetstorm":false,"jetpack_publicize_feature_enabled":true},"categories":[9],"tags":[898,598,897],"geo":null,"jetpack_featured_media_url":"","jetpack_publicize_connections":[],"jetpack_sharing_enabled":true,"jetpack_shortlink":"https:\/\/wp.me\/p3fDqY-vv","jetpack-related-posts":[{"id":1448,"url":"https:\/\/www.hendrik.maekeler.eu\/fr\/hvad-ar-pengar\/","url_meta":{"origin":1953,"position":0},"title":"\u201dHvad \u00e4r pengar\u201d \u2013 Carl Jonas Love Almqvist och andra f\u00f6rfattare om mynt och pengar","date":"jeudi  9 juin 2011","format":false,"excerpt":"Schwedische Numismatische Gesellschaft, Ban\u00e9rgatan 17, Stockholm, 30. November 2011, 18 Uhr: \"'Hvad \u00e4r pengar' \u2013 Carl Jonas Love Almqvist och andra f\u00f6rfattare om mynt och pengar\" Swedish Numismatic Society, Ban\u00e9rgatan 17, Stockholm, November 30, 2011, 6p.m.: \"'Hvad \u00e4r pengar' \u2013 Carl Jonas Love Almqvist och andra f\u00f6rfattare om mynt och\u2026","rel":"","context":"Dans &quot;Conf\u00e9rences pass\u00e9es&quot;","img":{"alt_text":"","src":"","width":0,"height":0},"classes":[]},{"id":84,"url":"https:\/\/www.hendrik.maekeler.eu\/fr\/die-chroniken-der-deutschen-stadte\/","url_meta":{"origin":1953,"position":1},"title":"Die Chroniken der deutschen St\u00e4dte vom 14. bis ins 16. Jahrhundert (\u201eSt\u00e4dtechroniken\u201c)","date":"dimanche 27 septembre 2009","format":false,"excerpt":"Im Rahmen der Chroniken der deutschen St\u00e4dte vom 14. bis ins 16. Jahrhundert, die kurz auch als \u201eSt\u00e4dtechroniken\u201c bezeichnet werden, sind Texte mittelalterlicher Geschichtsschreiber in ihrem Originalwortlaut ver\u00f6ffentlicht. Die Chroniken der nieders\u00e4chsischen St\u00e4dte Braunschweig, Band\u00a01 (Die Chroniken der deutschen St\u00e4dte vom 14. bis ins 16.\u00a0Jahrhundert, 6), Leipzig 1868. Enth\u00e4lt Machinatio\u2026","rel":"","context":"Dans &quot;Cours pour \u00e9tudiants d\u00e9butants Moyen \u00c2ge&quot;","img":{"alt_text":"","src":"","width":0,"height":0},"classes":[]},{"id":957,"url":"https:\/\/www.hendrik.maekeler.eu\/fr\/ware-die-finanzkrise-unter-berucksichtigung-historischer-erfahrungen-vermeidbar-gewesen\/","url_meta":{"origin":1953,"position":2},"title":"[Beitrag Podiumsdiskussion] W\u00e4re die Finanzkrise unter Ber\u00fccksichtigung historischer Erfahrungen vermeidbar gewesen? Worauf mu\u00df in Zukunft geachtet werden?","date":"dimanche 10 janvier 2010","format":false,"excerpt":"[Beitrag Podiumsdiskussion] W\u00e4re die Finanzkrise unter Ber\u00fccksichtigung historischer Erfahrungen vermeidbar gewesen? Worauf mu\u00df in Zukunft geachtet werden?, in: Die Internationale Finanzkrise: Was an ihr ist neu, was alt? Worauf mu\u00df in Zukunft geachtet werden? 31. Symposium des Instituts f\u00fcr bankhistorische Forschung e.V. am 10. Juni 2009 in der Hauptverwaltung Frankfurt\u2026","rel":"","context":"Dans &quot;Articles mineurs&quot;","img":{"alt_text":"","src":"","width":0,"height":0},"classes":[]},{"id":409,"url":"https:\/\/www.hendrik.maekeler.eu\/fr\/fabian-wittreck-geld-als-instrument-der-gerechtigkeit\/","url_meta":{"origin":1953,"position":3},"title":"Fabian Wittreck: Geld als Instrument der Gerechtigkeit. Die Geldrechtslehre des hl. Thomas von Aquin in ihrem interkulturellen Kontext","date":"lundi 28 septembre 2009","format":false,"excerpt":"Fabian Wittreck: Geld als Instrument der Gerechtigkeit. Die Geldrechtslehre des hl. Thomas von Aquin in ihrem interkulturellen Kontext (Rechts- und Staatswissenschaftliche Ver\u00f6ffentlichungen der G\u00f6rres-Gesellschaft, N.F. 100) [\u2026], in: Geldgeschichtliche Nachrichten 38 (2003) 215, S. 264f. Rezension Per denarium intelligitur vita aeterna \u2013 Da\u00df man durch die M\u00fcnze zum Verst\u00e4ndnis des\u2026","rel":"","context":"Dans &quot;Critiques&quot;","img":{"alt_text":"","src":"","width":0,"height":0},"classes":[]},{"id":1360,"url":"https:\/\/www.hendrik.maekeler.eu\/fr\/quo-vadis-europa\/","url_meta":{"origin":1953,"position":4},"title":"Quo vadis, Euro(pa)?","date":"mercredi  9 mars 2011","format":false,"excerpt":"Hendrik M\u00e4keler und Heike Minich: Quo vadis, Euro(pa)? (Uppsala University Coin Cabinet Working Papers, 3), Uppsala 2011. Eine Kurzfassung findet sich bei \u00d6konomenstimme. Text Der franz\u00f6sische Finanz- und W\u00e4hrungspolitiker Jacques Rueff hat einmal gesagt, dass Europa \u00fcber das Geld m\u00f6glich werde \u2013 oder gar nicht. Die Frage nach Sein oder\u2026","rel":"","context":"Dans &quot;Articles mineurs&quot;","img":{"alt_text":"","src":"","width":0,"height":0},"classes":[]},{"id":2194,"url":"https:\/\/www.hendrik.maekeler.eu\/fr\/geld-schreibt-geschichte-das-muenzkabinett-uppsala\/","url_meta":{"origin":1953,"position":5},"title":"(Deutsch) Geld schreibt Geschichte: Das M\u00fcnzkabinett in Uppsala","date":"samedi  5 novembre 2016","format":false,"excerpt":"D\u00e9sol\u00e9, cet article est seulement disponible en Allemand.G\u00e1bor Pa\u00e1l: Geld schreibt Geschichte.\u00a0Das M\u00fcnzkabinett in Uppsala, SWR2 Campus vom 5. November 2016. Ebenfalls verf\u00fcgbar \u00fcber die ARD Mediathek. \u00a0","rel":"","context":"Dans &quot;Revue de presse&quot;","img":{"alt_text":"","src":"","width":0,"height":0},"classes":[]}],"_links":{"self":[{"href":"https:\/\/www.hendrik.maekeler.eu\/fr\/wp-json\/wp\/v2\/posts\/1953"}],"collection":[{"href":"https:\/\/www.hendrik.maekeler.eu\/fr\/wp-json\/wp\/v2\/posts"}],"about":[{"href":"https:\/\/www.hendrik.maekeler.eu\/fr\/wp-json\/wp\/v2\/types\/post"}],"author":[{"embeddable":true,"href":"https:\/\/www.hendrik.maekeler.eu\/fr\/wp-json\/wp\/v2\/users\/1"}],"replies":[{"embeddable":true,"href":"https:\/\/www.hendrik.maekeler.eu\/fr\/wp-json\/wp\/v2\/comments?post=1953"}],"version-history":[{"count":3,"href":"https:\/\/www.hendrik.maekeler.eu\/fr\/wp-json\/wp\/v2\/posts\/1953\/revisions"}],"predecessor-version":[{"id":1956,"href":"https:\/\/www.hendrik.maekeler.eu\/fr\/wp-json\/wp\/v2\/posts\/1953\/revisions\/1956"}],"wp:attachment":[{"href":"https:\/\/www.hendrik.maekeler.eu\/fr\/wp-json\/wp\/v2\/media?parent=1953"}],"wp:term":[{"taxonomy":"category","embeddable":true,"href":"https:\/\/www.hendrik.maekeler.eu\/fr\/wp-json\/wp\/v2\/categories?post=1953"},{"taxonomy":"post_tag","embeddable":true,"href":"https:\/\/www.hendrik.maekeler.eu\/fr\/wp-json\/wp\/v2\/tags?post=1953"}],"curies":[{"name":"wp","href":"https:\/\/api.w.org\/{rel}","templated":true}]}}