{"id":621,"date":"2009-10-03T23:03:15","date_gmt":"2009-10-03T21:03:15","guid":{"rendered":"http:\/\/www.hendrik.maekeler.eu\/?p=621"},"modified":"2009-10-03T23:12:57","modified_gmt":"2009-10-03T21:12:57","slug":"zu-den-anfangen-der-lubecker-goldmunzpragung","status":"publish","type":"post","link":"https:\/\/www.hendrik.maekeler.eu\/fr\/zu-den-anfangen-der-lubecker-goldmunzpragung\/","title":{"rendered":"Zu den Anf\u00e4ngen der L\u00fcbecker Goldm\u00fcnzpr\u00e4gung"},"content":{"rendered":"<p class=\"qtranxs-available-languages-message qtranxs-available-languages-message-fr\">D\u00e9sol\u00e9, cet article est seulement disponible en <a href=\"https:\/\/www.hendrik.maekeler.eu\/de\/wp-json\/wp\/v2\/posts\/621\" class=\"qtranxs-available-language-link qtranxs-available-language-link-de\" title=\"Deutsch\">Allemand<\/a>, <a href=\"https:\/\/www.hendrik.maekeler.eu\/en\/wp-json\/wp\/v2\/posts\/621\" class=\"qtranxs-available-language-link qtranxs-available-language-link-en\" title=\"English\">Anglais Am\u00e9ricain<\/a> et <a href=\"https:\/\/www.hendrik.maekeler.eu\/se\/wp-json\/wp\/v2\/posts\/621\" class=\"qtranxs-available-language-link qtranxs-available-language-link-se\" title=\"Svenska\">Su\u00e9dois<\/a>.<\/p><p><a href=\"http:\/\/www.hansischergeschichtsverein.de\/\" target=\"_blank\">Hansischer Geschichtsverein<\/a>, 124.\u00a0Jahrestagung, Salzwedel, \u00ab\u00a0Alte M\u00fcnze\u00a0\u00bb, 12. bis 15.\u00a0Mai 2008: \u201eZu den Anf\u00e4ngen der L\u00fcbecker Goldm\u00fcnzpr\u00e4gung\u201c<!--more--><\/p>\n<p><div class=\"gm-map\" style=\"position: relative;height: 200px; width: 200px;\"><iframe name=\"gm-map-1\" allowfullscreen src=\"https:\/\/www.hendrik.maekeler.eu\/fr\/?geo_mashup_content=render-map&amp;map_data_key=15cf2c027fb014f884e503237dba47df&amp;name=gm-map-1&amp;map_content=contextual&amp;error_comment=&lt;!-- Geo Mashup n'a trouv\u00e9 aucun objet \u00e0 placer sur la carte dans ce contexte.--&gt;\" style=\"position: absolute; top: 0; left: 0; width: 100%; height: 100%; border: none; overflow: hidden;\"><\/iframe><\/div><\/p>\n<div class=\"sharedaddy sd-sharing-enabled\"><div class=\"robots-nocontent sd-block sd-social sd-social-icon sd-sharing\"><div class=\"sd-content\"><ul><li class=\"share-email\"><a rel=\"nofollow noopener noreferrer\" data-shared=\"\" class=\"share-email sd-button share-icon no-text\" href=\"https:\/\/www.hendrik.maekeler.eu\/fr\/zu-den-anfangen-der-lubecker-goldmunzpragung\/?share=email\" target=\"_blank\" title=\"Cliquez pour envoyer par e-mail \u00e0 un ami\"><span><\/span><span class=\"sharing-screen-reader-text\">Cliquez pour envoyer par e-mail \u00e0 un ami(ouvre dans une nouvelle fen\u00eatre)<\/span><\/a><\/li><li class=\"share-print\"><a rel=\"nofollow noopener noreferrer\" data-shared=\"\" class=\"share-print sd-button share-icon no-text\" href=\"https:\/\/www.hendrik.maekeler.eu\/fr\/zu-den-anfangen-der-lubecker-goldmunzpragung\/\" target=\"_blank\" title=\"Cliquer pour imprimer\"><span><\/span><span class=\"sharing-screen-reader-text\">Cliquer pour imprimer(ouvre dans une nouvelle fen\u00eatre)<\/span><\/a><\/li><li class=\"share-facebook\"><a rel=\"nofollow noopener noreferrer\" data-shared=\"sharing-facebook-621\" class=\"share-facebook sd-button share-icon no-text\" href=\"https:\/\/www.hendrik.maekeler.eu\/fr\/zu-den-anfangen-der-lubecker-goldmunzpragung\/?share=facebook\" target=\"_blank\" title=\"Cliquez pour partager sur Facebook\"><span><\/span><span class=\"sharing-screen-reader-text\">Cliquez pour partager sur Facebook(ouvre dans une nouvelle fen\u00eatre)<\/span><\/a><\/li><li class=\"share-twitter\"><a rel=\"nofollow noopener noreferrer\" data-shared=\"sharing-twitter-621\" class=\"share-twitter sd-button share-icon no-text\" href=\"https:\/\/www.hendrik.maekeler.eu\/fr\/zu-den-anfangen-der-lubecker-goldmunzpragung\/?share=twitter\" target=\"_blank\" title=\"Cliquez pour partager sur Twitter\"><span><\/span><span class=\"sharing-screen-reader-text\">Cliquez pour partager sur Twitter(ouvre dans une nouvelle fen\u00eatre)<\/span><\/a><\/li><li class=\"share-linkedin\"><a rel=\"nofollow noopener noreferrer\" data-shared=\"sharing-linkedin-621\" class=\"share-linkedin sd-button share-icon no-text\" href=\"https:\/\/www.hendrik.maekeler.eu\/fr\/zu-den-anfangen-der-lubecker-goldmunzpragung\/?share=linkedin\" target=\"_blank\" title=\"Cliquez pour partager sur LinkedIn\"><span><\/span><span class=\"sharing-screen-reader-text\">Cliquez pour partager sur LinkedIn(ouvre dans une nouvelle fen\u00eatre)<\/span><\/a><\/li><li class=\"share-pinterest\"><a rel=\"nofollow noopener noreferrer\" data-shared=\"sharing-pinterest-621\" class=\"share-pinterest sd-button share-icon no-text\" href=\"https:\/\/www.hendrik.maekeler.eu\/fr\/zu-den-anfangen-der-lubecker-goldmunzpragung\/?share=pinterest\" target=\"_blank\" title=\"Cliquez pour partager sur Pinterest\"><span><\/span><span class=\"sharing-screen-reader-text\">Cliquez pour partager sur Pinterest(ouvre dans une nouvelle fen\u00eatre)<\/span><\/a><\/li><li class=\"share-reddit\"><a rel=\"nofollow noopener noreferrer\" data-shared=\"\" class=\"share-reddit sd-button share-icon no-text\" href=\"https:\/\/www.hendrik.maekeler.eu\/fr\/zu-den-anfangen-der-lubecker-goldmunzpragung\/?share=reddit\" target=\"_blank\" title=\"Cliquez pour partager sur Reddit\"><span><\/span><span class=\"sharing-screen-reader-text\">Cliquez pour partager sur Reddit(ouvre dans une nouvelle fen\u00eatre)<\/span><\/a><\/li><li class=\"share-tumblr\"><a rel=\"nofollow noopener noreferrer\" data-shared=\"\" class=\"share-tumblr sd-button share-icon no-text\" href=\"https:\/\/www.hendrik.maekeler.eu\/fr\/zu-den-anfangen-der-lubecker-goldmunzpragung\/?share=tumblr\" target=\"_blank\" title=\"Cliquez pour partager sur Tumblr\"><span><\/span><span class=\"sharing-screen-reader-text\">Cliquez pour partager sur Tumblr(ouvre dans une nouvelle fen\u00eatre)<\/span><\/a><\/li><li class=\"share-jetpack-whatsapp\"><a rel=\"nofollow noopener noreferrer\" data-shared=\"\" class=\"share-jetpack-whatsapp sd-button share-icon no-text\" href=\"https:\/\/www.hendrik.maekeler.eu\/fr\/zu-den-anfangen-der-lubecker-goldmunzpragung\/?share=jetpack-whatsapp\" target=\"_blank\" title=\"Cliquez pour partager sur WhatsApp\"><span><\/span><span class=\"sharing-screen-reader-text\">Cliquez pour partager sur WhatsApp(ouvre dans une nouvelle fen\u00eatre)<\/span><\/a><\/li><li class=\"share-end\"><\/li><\/ul><\/div><\/div><\/div>","protected":false},"excerpt":{"rendered":"<p>D\u00e9sol\u00e9, cet article est seulement disponible en Allemand, Anglais Am\u00e9ricain et Su\u00e9dois.Hansischer Geschichtsverein, 124.\u00a0Jahrestagung, Salzwedel, \u00ab\u00a0Alte M\u00fcnze\u00a0\u00bb, 12. bis 15.\u00a0Mai 2008: \u201eZu den Anf\u00e4ngen der L\u00fcbecker Goldm\u00fcnzpr\u00e4gung\u201c<\/p>\n<div class=\"sharedaddy sd-sharing-enabled\"><div class=\"robots-nocontent sd-block sd-social sd-social-icon sd-sharing\"><div class=\"sd-content\"><ul><li class=\"share-email\"><a rel=\"nofollow noopener noreferrer\" data-shared=\"\" class=\"share-email sd-button share-icon no-text\" href=\"https:\/\/www.hendrik.maekeler.eu\/fr\/zu-den-anfangen-der-lubecker-goldmunzpragung\/?share=email\" target=\"_blank\" title=\"Cliquez pour envoyer par e-mail \u00e0 un ami\"><span><\/span><span class=\"sharing-screen-reader-text\">Cliquez pour envoyer par e-mail \u00e0 un ami(ouvre dans une nouvelle fen\u00eatre)<\/span><\/a><\/li><li class=\"share-print\"><a rel=\"nofollow noopener noreferrer\" data-shared=\"\" class=\"share-print sd-button share-icon no-text\" href=\"https:\/\/www.hendrik.maekeler.eu\/fr\/zu-den-anfangen-der-lubecker-goldmunzpragung\/\" target=\"_blank\" title=\"Cliquer pour imprimer\"><span><\/span><span class=\"sharing-screen-reader-text\">Cliquer pour imprimer(ouvre dans une nouvelle fen\u00eatre)<\/span><\/a><\/li><li class=\"share-facebook\"><a rel=\"nofollow noopener noreferrer\" data-shared=\"sharing-facebook-621\" class=\"share-facebook sd-button share-icon no-text\" href=\"https:\/\/www.hendrik.maekeler.eu\/fr\/zu-den-anfangen-der-lubecker-goldmunzpragung\/?share=facebook\" target=\"_blank\" title=\"Cliquez pour partager sur Facebook\"><span><\/span><span class=\"sharing-screen-reader-text\">Cliquez pour partager sur Facebook(ouvre dans une nouvelle fen\u00eatre)<\/span><\/a><\/li><li class=\"share-twitter\"><a rel=\"nofollow noopener noreferrer\" data-shared=\"sharing-twitter-621\" class=\"share-twitter sd-button share-icon no-text\" href=\"https:\/\/www.hendrik.maekeler.eu\/fr\/zu-den-anfangen-der-lubecker-goldmunzpragung\/?share=twitter\" target=\"_blank\" title=\"Cliquez pour partager sur Twitter\"><span><\/span><span class=\"sharing-screen-reader-text\">Cliquez pour partager sur Twitter(ouvre dans une nouvelle fen\u00eatre)<\/span><\/a><\/li><li class=\"share-linkedin\"><a rel=\"nofollow noopener noreferrer\" data-shared=\"sharing-linkedin-621\" class=\"share-linkedin sd-button share-icon no-text\" href=\"https:\/\/www.hendrik.maekeler.eu\/fr\/zu-den-anfangen-der-lubecker-goldmunzpragung\/?share=linkedin\" target=\"_blank\" title=\"Cliquez pour partager sur LinkedIn\"><span><\/span><span class=\"sharing-screen-reader-text\">Cliquez pour partager sur LinkedIn(ouvre dans une nouvelle fen\u00eatre)<\/span><\/a><\/li><li class=\"share-pinterest\"><a rel=\"nofollow noopener noreferrer\" data-shared=\"sharing-pinterest-621\" class=\"share-pinterest sd-button share-icon no-text\" href=\"https:\/\/www.hendrik.maekeler.eu\/fr\/zu-den-anfangen-der-lubecker-goldmunzpragung\/?share=pinterest\" target=\"_blank\" title=\"Cliquez pour partager sur Pinterest\"><span><\/span><span class=\"sharing-screen-reader-text\">Cliquez pour partager sur Pinterest(ouvre dans une nouvelle fen\u00eatre)<\/span><\/a><\/li><li class=\"share-reddit\"><a rel=\"nofollow noopener noreferrer\" data-shared=\"\" class=\"share-reddit sd-button share-icon no-text\" href=\"https:\/\/www.hendrik.maekeler.eu\/fr\/zu-den-anfangen-der-lubecker-goldmunzpragung\/?share=reddit\" target=\"_blank\" title=\"Cliquez pour partager sur Reddit\"><span><\/span><span class=\"sharing-screen-reader-text\">Cliquez pour partager sur Reddit(ouvre dans une nouvelle fen\u00eatre)<\/span><\/a><\/li><li class=\"share-tumblr\"><a rel=\"nofollow noopener noreferrer\" data-shared=\"\" class=\"share-tumblr sd-button share-icon no-text\" href=\"https:\/\/www.hendrik.maekeler.eu\/fr\/zu-den-anfangen-der-lubecker-goldmunzpragung\/?share=tumblr\" target=\"_blank\" title=\"Cliquez pour partager sur Tumblr\"><span><\/span><span class=\"sharing-screen-reader-text\">Cliquez pour partager sur Tumblr(ouvre dans une nouvelle fen\u00eatre)<\/span><\/a><\/li><li class=\"share-jetpack-whatsapp\"><a rel=\"nofollow noopener noreferrer\" data-shared=\"\" class=\"share-jetpack-whatsapp sd-button share-icon no-text\" href=\"https:\/\/www.hendrik.maekeler.eu\/fr\/zu-den-anfangen-der-lubecker-goldmunzpragung\/?share=jetpack-whatsapp\" target=\"_blank\" title=\"Cliquez pour partager sur WhatsApp\"><span><\/span><span class=\"sharing-screen-reader-text\">Cliquez pour partager sur WhatsApp(ouvre dans une nouvelle fen\u00eatre)<\/span><\/a><\/li><li class=\"share-end\"><\/li><\/ul><\/div><\/div><\/div>","protected":false},"author":1,"featured_media":0,"comment_status":"closed","ping_status":"closed","sticky":false,"template":"","format":"standard","meta":{"spay_email":"","jetpack_publicize_message":"","jetpack_is_tweetstorm":false,"jetpack_publicize_feature_enabled":true},"categories":[474],"tags":[488,489,174,490],"geo":{"latitude":52.84901810000000210720827453769743442535400390625,"longitude":11.1529521999999996495489540393464267253875732421875,"description":"Altperverstra\u00dfe 22, 29410 Salzwedel, Deutschland"},"jetpack_featured_media_url":"","jetpack_publicize_connections":[],"jetpack_sharing_enabled":true,"jetpack_shortlink":"https:\/\/wp.me\/p3fDqY-a1","jetpack-related-posts":[{"id":1175,"url":"https:\/\/www.hendrik.maekeler.eu\/fr\/michael-north-kleine-geschichte-des-geldes\/","url_meta":{"origin":621,"position":0},"title":"Michael North: Kleine Geschichte des Geldes. Vom Mittelalter bis heute","date":"lundi 27 septembre 2010","format":false,"excerpt":"Michael North: Kleine Geschichte des Geldes. Vom Mittelalter bis heute, M\u00fcnchen 2009. 255\u00a0S., Paperback. ISBN 978-3-406-58451-0. 14,95\u00a0\u20ac, in: Vierteljahrschrift f\u00fcr Sozial- und Wirtschaftsgeschichte 97 (2010) 3, S. 412f. Rezension Im Zuge der Finanzkrise haben verschiedene Verlage die Aktualit\u00e4t des Themas genutzt, um B\u00fccher zum Thema \u201eGeld\u201c auf den Markt zu\u2026","rel":"","context":"Dans &quot;Critiques&quot;","img":{"alt_text":"","src":"","width":0,"height":0},"classes":[]},{"id":1281,"url":"https:\/\/www.hendrik.maekeler.eu\/fr\/die-goldgiganten-auf-der-berliner-museumsinsel\/","url_meta":{"origin":621,"position":1},"title":"Die Goldgiganten auf der Berliner Museumsinsel","date":"mardi  4 janvier 2011","format":false,"excerpt":"Die Goldgiganten auf der Berliner Museumsinsel, in: Frankfurter Allgemeine Zeitung (Dienstag, 4. Januar 2011) 2, S. 19. Die Goldgiganten auf der Berliner Museumsinsel, in: Frankfurter Allgemeine Zeitung (Dienstag, 4. Januar 2011) 2, p. 19. Die Goldgiganten auf der Berliner Museumsinsel, dans: Frankfurter Allgemeine Zeitung (Dienstag, 4. Januar 2011) 2, p.\u2026","rel":"","context":"Dans &quot;Articles mineurs&quot;","img":{"alt_text":"","src":"","width":0,"height":0},"classes":[]},{"id":155,"url":"https:\/\/www.hendrik.maekeler.eu\/fr\/kaufleute-im-spaten-mittelalter\/","url_meta":{"origin":621,"position":2},"title":"Marchands au Moyen \u00c2ge tardif","date":"dimanche 27 septembre 2009","format":false,"excerpt":"Christian-Albrechts-Universit\u00e4t zu Kiel Historisches Seminar \u00dcbung, 2 SWS Zeit und Ort: Fr 8:30 - 10:00, Leibniszstra\u00dfe 8 - R.101\/102 Kaufleute im Mittelalter \u2013 das waren sehr unterschiedliche Menschen, deren Denken doch bestimmte Gemeinsamkeiten kennzeichneten. Zu nennen sind in erster Linie Gewinnstreben und Rechenhaftigkeit bzw. Rationalit\u00e4t, aber auch eine berufsspezifische Fr\u00f6mmigkeit.\u2026","rel":"","context":"Dans &quot;2006 Semestre d'\u00e9t\u00e9&quot;","img":{"alt_text":"","src":"","width":0,"height":0},"classes":[]},{"id":1818,"url":"https:\/\/www.hendrik.maekeler.eu\/fr\/freiherr-vom-stein-gedachtnisausgabe-fsga-31-50\/","url_meta":{"origin":621,"position":3},"title":"Freiherr vom Stein-Ged\u00e4chtnisausgabe (FSGA) 31-50","date":"dimanche 27 septembre 2009","format":false,"excerpt":"Im Rahmen der Freiherr vom Stein-Ged\u00e4chtnisausgabe (\u00fcblicherweise abgek\u00fcrzt mit FSGA) werden ausgew\u00e4hlte Texte und Quellen des Mittelalters im Originaltext und in hochdeutscher \u00dcbersetzung ver\u00f6ffentlicht. Im folgenden werden die Inhalte der B\u00e4nde 31 bis 50 angegeben, soweit sie bislang erschienen sind. Die Inhalte der B\u00e4nde 1 bis 30 der Freiherr vom\u2026","rel":"","context":"Dans &quot;Cours pour \u00e9tudiants d\u00e9butants Moyen \u00c2ge&quot;","img":{"alt_text":"","src":"","width":0,"height":0},"classes":[]},{"id":1407,"url":"https:\/\/www.hendrik.maekeler.eu\/fr\/was-hinter-dem-goldboom-steckt\/","url_meta":{"origin":621,"position":4},"title":"Was hinter dem Goldboom steckt","date":"dimanche 24 avril 2011","format":false,"excerpt":"24. April 2011, Welt am Sonntag, S. 45, Daniel Eckert: Was hinter dem Goldboom steckt24 April 2011, Welt am Sonntag, p. 45, Daniel Eckert: Was hinter dem Goldboom steckt24 avril 2011, Welt am Sonntag, p. 45, Daniel Eckert: Was hinter dem Goldboom steckt24. april 2011, Welt am Sonntag, s. 45,\u2026","rel":"","context":"Dans &quot;Revue de presse&quot;","img":{"alt_text":"","src":"","width":0,"height":0},"classes":[]},{"id":402,"url":"https:\/\/www.hendrik.maekeler.eu\/fr\/reiner-cunz-hrsg-wahrungsunionen-beitrage-zur-geschichte-uberregionaler-munz-und-geldpolitik\/","url_meta":{"origin":621,"position":5},"title":"Reiner Cunz (dir.): W\u00e4hrungsunionen. Beitr\u00e4ge zur Geschichte \u00fcberregionaler M\u00fcnz- und Geldpolitik","date":"lundi 28 septembre 2009","format":false,"excerpt":"Reiner Cunz (Hrsg.): W\u00e4hrungsunionen. Beitr\u00e4ge zur Geschichte \u00fcberregionaler M\u00fcnz- und Geldpolitik (Numismatische Studien, Heft 15) [\u2026], in: Geldgeschichtliche Nachrichten 38 (2003) 211, S. 51f. Rezension Aus der gr\u00f6\u00dferen Anzahl von Ver\u00f6ffentlichungen, die sich mit dem \u00dcbergang von der D\u2011Mark zum Euro besch\u00e4ftigen, ragt der vorliegende 15.\u00a0Band der traditionsreichen Reihe \u201eNumismatische\u2026","rel":"","context":"Dans &quot;Critiques&quot;","img":{"alt_text":"","src":"","width":0,"height":0},"classes":[]}],"_links":{"self":[{"href":"https:\/\/www.hendrik.maekeler.eu\/fr\/wp-json\/wp\/v2\/posts\/621"}],"collection":[{"href":"https:\/\/www.hendrik.maekeler.eu\/fr\/wp-json\/wp\/v2\/posts"}],"about":[{"href":"https:\/\/www.hendrik.maekeler.eu\/fr\/wp-json\/wp\/v2\/types\/post"}],"author":[{"embeddable":true,"href":"https:\/\/www.hendrik.maekeler.eu\/fr\/wp-json\/wp\/v2\/users\/1"}],"replies":[{"embeddable":true,"href":"https:\/\/www.hendrik.maekeler.eu\/fr\/wp-json\/wp\/v2\/comments?post=621"}],"version-history":[{"count":3,"href":"https:\/\/www.hendrik.maekeler.eu\/fr\/wp-json\/wp\/v2\/posts\/621\/revisions"}],"predecessor-version":[{"id":623,"href":"https:\/\/www.hendrik.maekeler.eu\/fr\/wp-json\/wp\/v2\/posts\/621\/revisions\/623"}],"wp:attachment":[{"href":"https:\/\/www.hendrik.maekeler.eu\/fr\/wp-json\/wp\/v2\/media?parent=621"}],"wp:term":[{"taxonomy":"category","embeddable":true,"href":"https:\/\/www.hendrik.maekeler.eu\/fr\/wp-json\/wp\/v2\/categories?post=621"},{"taxonomy":"post_tag","embeddable":true,"href":"https:\/\/www.hendrik.maekeler.eu\/fr\/wp-json\/wp\/v2\/tags?post=621"}],"curies":[{"name":"wp","href":"https:\/\/api.w.org\/{rel}","templated":true}]}}