{"id":645,"date":"2009-10-04T00:35:12","date_gmt":"2009-10-03T22:35:12","guid":{"rendered":"http:\/\/www.hendrik.maekeler.eu\/?p=645"},"modified":"2009-10-04T01:52:24","modified_gmt":"2009-10-03T23:52:24","slug":"der-einsturz-des-kolner-stadtarchivs-und-die-kunftige-infrastruktur-der-geschichtswissenschaften","status":"publish","type":"post","link":"https:\/\/www.hendrik.maekeler.eu\/fr\/der-einsturz-des-kolner-stadtarchivs-und-die-kunftige-infrastruktur-der-geschichtswissenschaften\/","title":{"rendered":"Der Einsturz des K\u00f6lner Stadtarchivs und die k\u00fcnftige Infrastruktur der Geschichtswissenschaften"},"content":{"rendered":"<p class=\"qtranxs-available-languages-message qtranxs-available-languages-message-fr\">D\u00e9sol\u00e9, cet article est seulement disponible en <a href=\"https:\/\/www.hendrik.maekeler.eu\/de\/wp-json\/wp\/v2\/posts\/645\" class=\"qtranxs-available-language-link qtranxs-available-language-link-de\" title=\"Deutsch\">Allemand<\/a>, <a href=\"https:\/\/www.hendrik.maekeler.eu\/en\/wp-json\/wp\/v2\/posts\/645\" class=\"qtranxs-available-language-link qtranxs-available-language-link-en\" title=\"English\">Anglais Am\u00e9ricain<\/a> et <a href=\"https:\/\/www.hendrik.maekeler.eu\/se\/wp-json\/wp\/v2\/posts\/645\" class=\"qtranxs-available-language-link qtranxs-available-language-link-se\" title=\"Svenska\">Su\u00e9dois<\/a>.<\/p><p>Nachtreffen des 5.\u00a0Medieval History Seminar, Universit\u00e4t Oxford, 16. bis 19.\u00a0Juli 2009: \u201eDer Einsturz des K\u00f6lner Stadtarchivs und die k\u00fcnftige Infrastruktur der Geschichtswissenschaften\u201c<!--more--><\/p>\n<p><div class=\"gm-map\" style=\"position: relative;height: 200px; width: 200px;\"><iframe name=\"gm-map-1\" allowfullscreen src=\"https:\/\/www.hendrik.maekeler.eu\/fr\/?geo_mashup_content=render-map&amp;map_data_key=15cf2c027fb014f884e503237dba47df&amp;name=gm-map-1&amp;map_content=contextual&amp;error_comment=&lt;!-- Geo Mashup n'a trouv\u00e9 aucun objet \u00e0 placer sur la carte dans ce contexte.--&gt;\" style=\"position: absolute; top: 0; left: 0; width: 100%; height: 100%; border: none; overflow: hidden;\"><\/iframe><\/div><\/p>\n<div class=\"sharedaddy sd-sharing-enabled\"><div class=\"robots-nocontent sd-block sd-social sd-social-icon sd-sharing\"><div class=\"sd-content\"><ul><li class=\"share-email\"><a rel=\"nofollow noopener noreferrer\" data-shared=\"\" class=\"share-email sd-button share-icon no-text\" href=\"https:\/\/www.hendrik.maekeler.eu\/fr\/der-einsturz-des-kolner-stadtarchivs-und-die-kunftige-infrastruktur-der-geschichtswissenschaften\/?share=email\" target=\"_blank\" title=\"Cliquez pour envoyer par e-mail \u00e0 un ami\"><span><\/span><span class=\"sharing-screen-reader-text\">Cliquez pour envoyer par e-mail \u00e0 un ami(ouvre dans une nouvelle fen\u00eatre)<\/span><\/a><\/li><li class=\"share-print\"><a rel=\"nofollow noopener noreferrer\" data-shared=\"\" class=\"share-print sd-button share-icon no-text\" href=\"https:\/\/www.hendrik.maekeler.eu\/fr\/der-einsturz-des-kolner-stadtarchivs-und-die-kunftige-infrastruktur-der-geschichtswissenschaften\/\" target=\"_blank\" title=\"Cliquer pour imprimer\"><span><\/span><span class=\"sharing-screen-reader-text\">Cliquer pour imprimer(ouvre dans une nouvelle fen\u00eatre)<\/span><\/a><\/li><li class=\"share-facebook\"><a rel=\"nofollow noopener noreferrer\" data-shared=\"sharing-facebook-645\" class=\"share-facebook sd-button share-icon no-text\" href=\"https:\/\/www.hendrik.maekeler.eu\/fr\/der-einsturz-des-kolner-stadtarchivs-und-die-kunftige-infrastruktur-der-geschichtswissenschaften\/?share=facebook\" target=\"_blank\" title=\"Cliquez pour partager sur Facebook\"><span><\/span><span class=\"sharing-screen-reader-text\">Cliquez pour partager sur Facebook(ouvre dans une nouvelle fen\u00eatre)<\/span><\/a><\/li><li class=\"share-twitter\"><a rel=\"nofollow noopener noreferrer\" data-shared=\"sharing-twitter-645\" class=\"share-twitter sd-button share-icon no-text\" href=\"https:\/\/www.hendrik.maekeler.eu\/fr\/der-einsturz-des-kolner-stadtarchivs-und-die-kunftige-infrastruktur-der-geschichtswissenschaften\/?share=twitter\" target=\"_blank\" title=\"Cliquez pour partager sur Twitter\"><span><\/span><span class=\"sharing-screen-reader-text\">Cliquez pour partager sur Twitter(ouvre dans une nouvelle fen\u00eatre)<\/span><\/a><\/li><li class=\"share-linkedin\"><a rel=\"nofollow noopener noreferrer\" data-shared=\"sharing-linkedin-645\" class=\"share-linkedin sd-button share-icon no-text\" href=\"https:\/\/www.hendrik.maekeler.eu\/fr\/der-einsturz-des-kolner-stadtarchivs-und-die-kunftige-infrastruktur-der-geschichtswissenschaften\/?share=linkedin\" target=\"_blank\" title=\"Cliquez pour partager sur LinkedIn\"><span><\/span><span class=\"sharing-screen-reader-text\">Cliquez pour partager sur LinkedIn(ouvre dans une nouvelle fen\u00eatre)<\/span><\/a><\/li><li class=\"share-pinterest\"><a rel=\"nofollow noopener noreferrer\" data-shared=\"sharing-pinterest-645\" class=\"share-pinterest sd-button share-icon no-text\" href=\"https:\/\/www.hendrik.maekeler.eu\/fr\/der-einsturz-des-kolner-stadtarchivs-und-die-kunftige-infrastruktur-der-geschichtswissenschaften\/?share=pinterest\" target=\"_blank\" title=\"Cliquez pour partager sur Pinterest\"><span><\/span><span class=\"sharing-screen-reader-text\">Cliquez pour partager sur Pinterest(ouvre dans une nouvelle fen\u00eatre)<\/span><\/a><\/li><li class=\"share-reddit\"><a rel=\"nofollow noopener noreferrer\" data-shared=\"\" class=\"share-reddit sd-button share-icon no-text\" href=\"https:\/\/www.hendrik.maekeler.eu\/fr\/der-einsturz-des-kolner-stadtarchivs-und-die-kunftige-infrastruktur-der-geschichtswissenschaften\/?share=reddit\" target=\"_blank\" title=\"Cliquez pour partager sur Reddit\"><span><\/span><span class=\"sharing-screen-reader-text\">Cliquez pour partager sur Reddit(ouvre dans une nouvelle fen\u00eatre)<\/span><\/a><\/li><li class=\"share-tumblr\"><a rel=\"nofollow noopener noreferrer\" data-shared=\"\" class=\"share-tumblr sd-button share-icon no-text\" href=\"https:\/\/www.hendrik.maekeler.eu\/fr\/der-einsturz-des-kolner-stadtarchivs-und-die-kunftige-infrastruktur-der-geschichtswissenschaften\/?share=tumblr\" target=\"_blank\" title=\"Cliquez pour partager sur Tumblr\"><span><\/span><span class=\"sharing-screen-reader-text\">Cliquez pour partager sur Tumblr(ouvre dans une nouvelle fen\u00eatre)<\/span><\/a><\/li><li class=\"share-jetpack-whatsapp\"><a rel=\"nofollow noopener noreferrer\" data-shared=\"\" class=\"share-jetpack-whatsapp sd-button share-icon no-text\" href=\"https:\/\/www.hendrik.maekeler.eu\/fr\/der-einsturz-des-kolner-stadtarchivs-und-die-kunftige-infrastruktur-der-geschichtswissenschaften\/?share=jetpack-whatsapp\" target=\"_blank\" title=\"Cliquez pour partager sur WhatsApp\"><span><\/span><span class=\"sharing-screen-reader-text\">Cliquez pour partager sur WhatsApp(ouvre dans une nouvelle fen\u00eatre)<\/span><\/a><\/li><li class=\"share-end\"><\/li><\/ul><\/div><\/div><\/div>","protected":false},"excerpt":{"rendered":"<p>D\u00e9sol\u00e9, cet article est seulement disponible en Allemand, Anglais Am\u00e9ricain et Su\u00e9dois.Nachtreffen des 5.\u00a0Medieval History Seminar, Universit\u00e4t Oxford, 16. bis 19.\u00a0Juli 2009: \u201eDer Einsturz des K\u00f6lner Stadtarchivs und die k\u00fcnftige Infrastruktur der Geschichtswissenschaften\u201c<\/p>\n<div class=\"sharedaddy sd-sharing-enabled\"><div class=\"robots-nocontent sd-block sd-social sd-social-icon sd-sharing\"><div class=\"sd-content\"><ul><li class=\"share-email\"><a rel=\"nofollow noopener noreferrer\" data-shared=\"\" class=\"share-email sd-button share-icon no-text\" href=\"https:\/\/www.hendrik.maekeler.eu\/fr\/der-einsturz-des-kolner-stadtarchivs-und-die-kunftige-infrastruktur-der-geschichtswissenschaften\/?share=email\" target=\"_blank\" title=\"Cliquez pour envoyer par e-mail \u00e0 un ami\"><span><\/span><span class=\"sharing-screen-reader-text\">Cliquez pour envoyer par e-mail \u00e0 un ami(ouvre dans une nouvelle fen\u00eatre)<\/span><\/a><\/li><li class=\"share-print\"><a rel=\"nofollow noopener noreferrer\" data-shared=\"\" class=\"share-print sd-button share-icon no-text\" href=\"https:\/\/www.hendrik.maekeler.eu\/fr\/der-einsturz-des-kolner-stadtarchivs-und-die-kunftige-infrastruktur-der-geschichtswissenschaften\/\" target=\"_blank\" title=\"Cliquer pour imprimer\"><span><\/span><span class=\"sharing-screen-reader-text\">Cliquer pour imprimer(ouvre dans une nouvelle fen\u00eatre)<\/span><\/a><\/li><li class=\"share-facebook\"><a rel=\"nofollow noopener noreferrer\" data-shared=\"sharing-facebook-645\" class=\"share-facebook sd-button share-icon no-text\" href=\"https:\/\/www.hendrik.maekeler.eu\/fr\/der-einsturz-des-kolner-stadtarchivs-und-die-kunftige-infrastruktur-der-geschichtswissenschaften\/?share=facebook\" target=\"_blank\" title=\"Cliquez pour partager sur Facebook\"><span><\/span><span class=\"sharing-screen-reader-text\">Cliquez pour partager sur Facebook(ouvre dans une nouvelle fen\u00eatre)<\/span><\/a><\/li><li class=\"share-twitter\"><a rel=\"nofollow noopener noreferrer\" data-shared=\"sharing-twitter-645\" class=\"share-twitter sd-button share-icon no-text\" href=\"https:\/\/www.hendrik.maekeler.eu\/fr\/der-einsturz-des-kolner-stadtarchivs-und-die-kunftige-infrastruktur-der-geschichtswissenschaften\/?share=twitter\" target=\"_blank\" title=\"Cliquez pour partager sur Twitter\"><span><\/span><span class=\"sharing-screen-reader-text\">Cliquez pour partager sur Twitter(ouvre dans une nouvelle fen\u00eatre)<\/span><\/a><\/li><li class=\"share-linkedin\"><a rel=\"nofollow noopener noreferrer\" data-shared=\"sharing-linkedin-645\" class=\"share-linkedin sd-button share-icon no-text\" href=\"https:\/\/www.hendrik.maekeler.eu\/fr\/der-einsturz-des-kolner-stadtarchivs-und-die-kunftige-infrastruktur-der-geschichtswissenschaften\/?share=linkedin\" target=\"_blank\" title=\"Cliquez pour partager sur LinkedIn\"><span><\/span><span class=\"sharing-screen-reader-text\">Cliquez pour partager sur LinkedIn(ouvre dans une nouvelle fen\u00eatre)<\/span><\/a><\/li><li class=\"share-pinterest\"><a rel=\"nofollow noopener noreferrer\" data-shared=\"sharing-pinterest-645\" class=\"share-pinterest sd-button share-icon no-text\" href=\"https:\/\/www.hendrik.maekeler.eu\/fr\/der-einsturz-des-kolner-stadtarchivs-und-die-kunftige-infrastruktur-der-geschichtswissenschaften\/?share=pinterest\" target=\"_blank\" title=\"Cliquez pour partager sur Pinterest\"><span><\/span><span class=\"sharing-screen-reader-text\">Cliquez pour partager sur Pinterest(ouvre dans une nouvelle fen\u00eatre)<\/span><\/a><\/li><li class=\"share-reddit\"><a rel=\"nofollow noopener noreferrer\" data-shared=\"\" class=\"share-reddit sd-button share-icon no-text\" href=\"https:\/\/www.hendrik.maekeler.eu\/fr\/der-einsturz-des-kolner-stadtarchivs-und-die-kunftige-infrastruktur-der-geschichtswissenschaften\/?share=reddit\" target=\"_blank\" title=\"Cliquez pour partager sur Reddit\"><span><\/span><span class=\"sharing-screen-reader-text\">Cliquez pour partager sur Reddit(ouvre dans une nouvelle fen\u00eatre)<\/span><\/a><\/li><li class=\"share-tumblr\"><a rel=\"nofollow noopener noreferrer\" data-shared=\"\" class=\"share-tumblr sd-button share-icon no-text\" href=\"https:\/\/www.hendrik.maekeler.eu\/fr\/der-einsturz-des-kolner-stadtarchivs-und-die-kunftige-infrastruktur-der-geschichtswissenschaften\/?share=tumblr\" target=\"_blank\" title=\"Cliquez pour partager sur Tumblr\"><span><\/span><span class=\"sharing-screen-reader-text\">Cliquez pour partager sur Tumblr(ouvre dans une nouvelle fen\u00eatre)<\/span><\/a><\/li><li class=\"share-jetpack-whatsapp\"><a rel=\"nofollow noopener noreferrer\" data-shared=\"\" class=\"share-jetpack-whatsapp sd-button share-icon no-text\" href=\"https:\/\/www.hendrik.maekeler.eu\/fr\/der-einsturz-des-kolner-stadtarchivs-und-die-kunftige-infrastruktur-der-geschichtswissenschaften\/?share=jetpack-whatsapp\" target=\"_blank\" title=\"Cliquez pour partager sur WhatsApp\"><span><\/span><span class=\"sharing-screen-reader-text\">Cliquez pour partager sur WhatsApp(ouvre dans une nouvelle fen\u00eatre)<\/span><\/a><\/li><li class=\"share-end\"><\/li><\/ul><\/div><\/div><\/div>","protected":false},"author":1,"featured_media":0,"comment_status":"closed","ping_status":"closed","sticky":false,"template":"","format":"standard","meta":{"spay_email":"","jetpack_publicize_message":"","jetpack_is_tweetstorm":false,"jetpack_publicize_feature_enabled":true},"categories":[474],"tags":[503,47,483,502],"geo":{"latitude":51.7532082000000031030140235088765621185302734375,"longitude":-1.2615876999999999785728732604184187948703765869140625,"description":null},"jetpack_featured_media_url":"","jetpack_publicize_connections":[],"jetpack_sharing_enabled":true,"jetpack_shortlink":"https:\/\/wp.me\/p3fDqY-ap","jetpack-related-posts":[{"id":34,"url":"https:\/\/www.hendrik.maekeler.eu\/fr\/internetportale\/","url_meta":{"origin":645,"position":0},"title":"Portails Web","date":"dimanche 27 septembre 2009","format":false,"excerpt":"Wer im Internet auf die Jagd nach Informationen zur Geschichtswissenschaft gehen m\u00f6chte, kann dies komfortabel \u00fcber Internetportale tun, die thematisch gegliederte Linkverzeichnisse darstellen.\u00a0Die wichtigsten Portale f\u00fcr die mittelalterliche Geschichte sind hier zusammengestellt. www.clio-online.de H-Soz-u-Kult www.historicum.net www.mediaevum.de www.archaeologie-online.de","rel":"","context":"Dans &quot;Cours pour \u00e9tudiants d\u00e9butants Moyen \u00c2ge&quot;","img":{"alt_text":"","src":"","width":0,"height":0},"classes":[]},{"id":103,"url":"https:\/\/www.hendrik.maekeler.eu\/fr\/dahlmann-waitz\/","url_meta":{"origin":645,"position":1},"title":"Dahlmann-Waitz","date":"dimanche 27 septembre 2009","format":false,"excerpt":"Dahlmann-Waitz: Quellenkunde der deutschen Geschichte. Bibliographie der Quellen und der Literatur zur deutschen Geschichte, 10.\u00a0Aufl., 12\u00a0B\u00e4nde, Stuttgart 1969-1999. Der Titel geht auf die erste Ausgabe aus dem Jahr 1830 zur\u00fcck (Friedrich Christoph Dahlmann: Quellenkunde der deutschen Geschichte. Nach Folge der Begebenheiten f\u00fcr eigene Vortr\u00e4ge der deutschen Geschichte geordnet, G\u00f6ttingen 1830),\u2026","rel":"","context":"Dans &quot;Cours pour \u00e9tudiants d\u00e9butants Moyen \u00c2ge&quot;","img":{"alt_text":"","src":"","width":0,"height":0},"classes":[]},{"id":1750,"url":"https:\/\/www.hendrik.maekeler.eu\/fr\/vernetzung-der-wikingerzeitlichen-munzpragung\/","url_meta":{"origin":645,"position":2},"title":"Die Vernetzung der wikingerzeitlichen M\u00fcnzpr\u00e4gung im europ\u00e4ischen Raum und deren Bedeutung f\u00fcr die Definition von Herrschaftsr\u00e4umen","date":"mardi 11 septembre 2012","format":false,"excerpt":"Hendrik M\u00e4keler: Die Vernetzung der wikingerzeitlichen M\u00fcnzpr\u00e4gung im europ\u00e4ischen Raum und deren Bedeutung f\u00fcr die Definition von Herrschaftsr\u00e4umen, in: Sunhild Kleing\u00e4rtner und Gabriel Zeilinger (Hrsg.): Raumbildung durch Netzwerke? Der Ostseeraum zwischen Wikingerzeit und Sp\u00e4tmittelalter aus arch\u00e4ologischer und geschichtswissenschaftlicher Perspektive. Beitr\u00e4ge des am 28. und 29. Oktober 2010 in Kiel veranstalteten\u2026","rel":"","context":"Dans &quot;Articles&quot;","img":{"alt_text":"","src":"","width":0,"height":0},"classes":[]},{"id":202,"url":"https:\/\/www.hendrik.maekeler.eu\/fr\/historische-hilfswissenschaften\/","url_meta":{"origin":645,"position":3},"title":"Sciences auxiliaires de l&rsquo;histoire","date":"dimanche 27 septembre 2009","format":false,"excerpt":"Einstmals Stolz der deutschen geschichtswissenschaftlichen Forschung, sind die historischen Hilfswissenschaften im universit\u00e4ren Bereich heutzutage an den Rand gedr\u00e4ngt worden - wenn sie denn \u00fcberhaupt noch aktiv vertreten werden. Hier liegt ein breites Feld zu gro\u00dfen Teilen brach, das beackert zu werden geh\u00f6rt.","rel":"","context":"Dans &quot;Int\u00e9r\u00eats de recherche&quot;","img":{"alt_text":"","src":"","width":0,"height":0},"classes":[]},{"id":153,"url":"https:\/\/www.hendrik.maekeler.eu\/fr\/ausgewahlte-quellen-zur-verfassungsgeschichte-des-mittelalters\/","url_meta":{"origin":645,"position":4},"title":"(Deutsch) Ausgew\u00e4hlte Quellen zur Verfassungsgeschichte des Mittelalters","date":"dimanche 27 septembre 2009","format":false,"excerpt":"Christian-Albrechts-Universit\u00e4t zu Kiel Historisches Seminar Proseminar, 2 SWS, benoteter Schein Zeit und Ort: Mi 16:15 - 17:45,\u00a0Leibnizstra\u00dfe 8\u00a0- R.101\/102 Anhand ausgew\u00e4hlter Quellen zur deutschen Verfassungsgeschichte des Mittelalters sollen in dieser Lehrveranstaltung zugleich die unterschiedlichen Quellengattungen (z.B. Chroniken und Urkunden), grundlegende hilfswissenschaftliche F\u00e4higkeiten (Kenntnisse etwa der Chronologie, Diplomatik und Numismatik) vermittelt\u2026","rel":"","context":"Dans &quot;2006 Semestre d'\u00e9t\u00e9&quot;","img":{"alt_text":"","src":"","width":0,"height":0},"classes":[]},{"id":56,"url":"https:\/\/www.hendrik.maekeler.eu\/fr\/quellenkunden\/","url_meta":{"origin":645,"position":5},"title":"(Deutsch) Quellenkunden","date":"dimanche 27 septembre 2009","format":false,"excerpt":"Notwendige Voraussetzung der Geschichtsschreibung ist eine umfassende Kenntnis der Quellen. Das Aufsuchen aller relevanten Quellen zu einem gegebenen Thema ist der erste Schritt bei der Erstellung einer geschichtswissenschaftlichen Untersuchung. Das Auffinden und die Bewertung der jeweiligen Quellen wird durch Quellenkunden erleichtert. Darin finden sich die relevanten Quellen zu einem Thema\u2026","rel":"","context":"Dans &quot;Cours pour \u00e9tudiants d\u00e9butants Moyen \u00c2ge&quot;","img":{"alt_text":"","src":"https:\/\/i2.wp.com\/www.hendrik.maekeler.eu\/quellenkunden-vancaenegem.jpg?resize=350%2C200","width":350,"height":200},"classes":[]}],"_links":{"self":[{"href":"https:\/\/www.hendrik.maekeler.eu\/fr\/wp-json\/wp\/v2\/posts\/645"}],"collection":[{"href":"https:\/\/www.hendrik.maekeler.eu\/fr\/wp-json\/wp\/v2\/posts"}],"about":[{"href":"https:\/\/www.hendrik.maekeler.eu\/fr\/wp-json\/wp\/v2\/types\/post"}],"author":[{"embeddable":true,"href":"https:\/\/www.hendrik.maekeler.eu\/fr\/wp-json\/wp\/v2\/users\/1"}],"replies":[{"embeddable":true,"href":"https:\/\/www.hendrik.maekeler.eu\/fr\/wp-json\/wp\/v2\/comments?post=645"}],"version-history":[{"count":4,"href":"https:\/\/www.hendrik.maekeler.eu\/fr\/wp-json\/wp\/v2\/posts\/645\/revisions"}],"predecessor-version":[{"id":663,"href":"https:\/\/www.hendrik.maekeler.eu\/fr\/wp-json\/wp\/v2\/posts\/645\/revisions\/663"}],"wp:attachment":[{"href":"https:\/\/www.hendrik.maekeler.eu\/fr\/wp-json\/wp\/v2\/media?parent=645"}],"wp:term":[{"taxonomy":"category","embeddable":true,"href":"https:\/\/www.hendrik.maekeler.eu\/fr\/wp-json\/wp\/v2\/categories?post=645"},{"taxonomy":"post_tag","embeddable":true,"href":"https:\/\/www.hendrik.maekeler.eu\/fr\/wp-json\/wp\/v2\/tags?post=645"}],"curies":[{"name":"wp","href":"https:\/\/api.w.org\/{rel}","templated":true}]}}