{"id":670,"date":"2009-10-04T14:12:08","date_gmt":"2009-10-04T12:12:08","guid":{"rendered":"http:\/\/www.hendrik.maekeler.eu\/?p=670"},"modified":"2011-04-10T17:57:32","modified_gmt":"2011-04-10T15:57:32","slug":"munzfreunde-minden-und-umgebung","status":"publish","type":"post","link":"https:\/\/www.hendrik.maekeler.eu\/fr\/munzfreunde-minden-und-umgebung\/","title":{"rendered":"M\u00fcnzfreunde Minden und Umgebung"},"content":{"rendered":"<p class=\"qtranxs-available-languages-message qtranxs-available-languages-message-fr\">D\u00e9sol\u00e9, cet article est seulement disponible en <a href=\"https:\/\/www.hendrik.maekeler.eu\/de\/wp-json\/wp\/v2\/posts\/670\" class=\"qtranxs-available-language-link qtranxs-available-language-link-de\" title=\"Deutsch\">Allemand<\/a>, <a href=\"https:\/\/www.hendrik.maekeler.eu\/en\/wp-json\/wp\/v2\/posts\/670\" class=\"qtranxs-available-language-link qtranxs-available-language-link-en\" title=\"English\">Anglais Am\u00e9ricain<\/a> et <a href=\"https:\/\/www.hendrik.maekeler.eu\/se\/wp-json\/wp\/v2\/posts\/670\" class=\"qtranxs-available-language-link qtranxs-available-language-link-se\" title=\"Svenska\">Su\u00e9dois<\/a>.<\/p><p><a href=\"http:\/\/www.muenster.org\/muenzfreunde\/muenzfreunde_minden.htm\" target=\"_blank\">M\u00fcnzfreunde Minden und Umgebung<\/a><br \/>\n(<a href=\"http:\/\/www.numismatische-gesellschaft.de\/\" target=\"_blank\">Deutsche Numismatische Gesellschaft<\/a> \u2013 <a href=\"http:\/\/www.muenster.org\/muenzfreunde\/\" target=\"_blank\">M\u00fcnzfreunde f\u00fcr Westfalen und Nachbargebiete<\/a>), Mitglied seit Juli 1994<\/p>\n<p>September 2004 Wahl in den Vorstand (wissenschaftlicher Beirat)<\/p>\n<p>1995 Eligius-Jugendpreis der Deutschen Numismatischen Gesellschaft<\/p>\n<div class=\"sharedaddy sd-sharing-enabled\"><div class=\"robots-nocontent sd-block sd-social sd-social-icon sd-sharing\"><div class=\"sd-content\"><ul><li class=\"share-email\"><a rel=\"nofollow noopener noreferrer\" data-shared=\"\" class=\"share-email sd-button share-icon no-text\" href=\"https:\/\/www.hendrik.maekeler.eu\/fr\/munzfreunde-minden-und-umgebung\/?share=email\" target=\"_blank\" title=\"Cliquez pour envoyer par e-mail \u00e0 un ami\"><span><\/span><span class=\"sharing-screen-reader-text\">Cliquez pour envoyer par e-mail \u00e0 un ami(ouvre dans une nouvelle fen\u00eatre)<\/span><\/a><\/li><li class=\"share-print\"><a rel=\"nofollow noopener noreferrer\" data-shared=\"\" class=\"share-print sd-button share-icon no-text\" href=\"https:\/\/www.hendrik.maekeler.eu\/fr\/munzfreunde-minden-und-umgebung\/\" target=\"_blank\" title=\"Cliquer pour imprimer\"><span><\/span><span class=\"sharing-screen-reader-text\">Cliquer pour imprimer(ouvre dans une nouvelle fen\u00eatre)<\/span><\/a><\/li><li class=\"share-facebook\"><a rel=\"nofollow noopener noreferrer\" data-shared=\"sharing-facebook-670\" class=\"share-facebook sd-button share-icon no-text\" href=\"https:\/\/www.hendrik.maekeler.eu\/fr\/munzfreunde-minden-und-umgebung\/?share=facebook\" target=\"_blank\" title=\"Cliquez pour partager sur Facebook\"><span><\/span><span class=\"sharing-screen-reader-text\">Cliquez pour partager sur Facebook(ouvre dans une nouvelle fen\u00eatre)<\/span><\/a><\/li><li class=\"share-twitter\"><a rel=\"nofollow noopener noreferrer\" data-shared=\"sharing-twitter-670\" class=\"share-twitter sd-button share-icon no-text\" href=\"https:\/\/www.hendrik.maekeler.eu\/fr\/munzfreunde-minden-und-umgebung\/?share=twitter\" target=\"_blank\" title=\"Cliquez pour partager sur Twitter\"><span><\/span><span class=\"sharing-screen-reader-text\">Cliquez pour partager sur Twitter(ouvre dans une nouvelle fen\u00eatre)<\/span><\/a><\/li><li class=\"share-linkedin\"><a rel=\"nofollow noopener noreferrer\" data-shared=\"sharing-linkedin-670\" class=\"share-linkedin sd-button share-icon no-text\" href=\"https:\/\/www.hendrik.maekeler.eu\/fr\/munzfreunde-minden-und-umgebung\/?share=linkedin\" target=\"_blank\" title=\"Cliquez pour partager sur LinkedIn\"><span><\/span><span class=\"sharing-screen-reader-text\">Cliquez pour partager sur LinkedIn(ouvre dans une nouvelle fen\u00eatre)<\/span><\/a><\/li><li class=\"share-pinterest\"><a rel=\"nofollow noopener noreferrer\" data-shared=\"sharing-pinterest-670\" class=\"share-pinterest sd-button share-icon no-text\" href=\"https:\/\/www.hendrik.maekeler.eu\/fr\/munzfreunde-minden-und-umgebung\/?share=pinterest\" target=\"_blank\" title=\"Cliquez pour partager sur Pinterest\"><span><\/span><span class=\"sharing-screen-reader-text\">Cliquez pour partager sur Pinterest(ouvre dans une nouvelle fen\u00eatre)<\/span><\/a><\/li><li class=\"share-reddit\"><a rel=\"nofollow noopener noreferrer\" data-shared=\"\" class=\"share-reddit sd-button share-icon no-text\" href=\"https:\/\/www.hendrik.maekeler.eu\/fr\/munzfreunde-minden-und-umgebung\/?share=reddit\" target=\"_blank\" title=\"Cliquez pour partager sur Reddit\"><span><\/span><span class=\"sharing-screen-reader-text\">Cliquez pour partager sur Reddit(ouvre dans une nouvelle fen\u00eatre)<\/span><\/a><\/li><li class=\"share-tumblr\"><a rel=\"nofollow noopener noreferrer\" data-shared=\"\" class=\"share-tumblr sd-button share-icon no-text\" href=\"https:\/\/www.hendrik.maekeler.eu\/fr\/munzfreunde-minden-und-umgebung\/?share=tumblr\" target=\"_blank\" title=\"Cliquez pour partager sur Tumblr\"><span><\/span><span class=\"sharing-screen-reader-text\">Cliquez pour partager sur Tumblr(ouvre dans une nouvelle fen\u00eatre)<\/span><\/a><\/li><li class=\"share-jetpack-whatsapp\"><a rel=\"nofollow noopener noreferrer\" data-shared=\"\" class=\"share-jetpack-whatsapp sd-button share-icon no-text\" href=\"https:\/\/www.hendrik.maekeler.eu\/fr\/munzfreunde-minden-und-umgebung\/?share=jetpack-whatsapp\" target=\"_blank\" title=\"Cliquez pour partager sur WhatsApp\"><span><\/span><span class=\"sharing-screen-reader-text\">Cliquez pour partager sur WhatsApp(ouvre dans une nouvelle fen\u00eatre)<\/span><\/a><\/li><li class=\"share-end\"><\/li><\/ul><\/div><\/div><\/div>","protected":false},"excerpt":{"rendered":"<p>D\u00e9sol\u00e9, cet article est seulement disponible en Allemand, Anglais Am\u00e9ricain et Su\u00e9dois.M\u00fcnzfreunde Minden und Umgebung (Deutsche Numismatische Gesellschaft \u2013 M\u00fcnzfreunde f\u00fcr Westfalen und Nachbargebiete), Mitglied seit Juli 1994 September 2004 Wahl in den Vorstand (wissenschaftlicher Beirat) 1995 Eligius-Jugendpreis der Deutschen Numismatischen Gesellschaft<\/p>\n<div class=\"sharedaddy sd-sharing-enabled\"><div class=\"robots-nocontent sd-block sd-social sd-social-icon sd-sharing\"><div class=\"sd-content\"><ul><li class=\"share-email\"><a rel=\"nofollow noopener noreferrer\" data-shared=\"\" class=\"share-email sd-button share-icon no-text\" href=\"https:\/\/www.hendrik.maekeler.eu\/fr\/munzfreunde-minden-und-umgebung\/?share=email\" target=\"_blank\" title=\"Cliquez pour envoyer par e-mail \u00e0 un ami\"><span><\/span><span class=\"sharing-screen-reader-text\">Cliquez pour envoyer par e-mail \u00e0 un ami(ouvre dans une nouvelle fen\u00eatre)<\/span><\/a><\/li><li class=\"share-print\"><a rel=\"nofollow noopener noreferrer\" data-shared=\"\" class=\"share-print sd-button share-icon no-text\" href=\"https:\/\/www.hendrik.maekeler.eu\/fr\/munzfreunde-minden-und-umgebung\/\" target=\"_blank\" title=\"Cliquer pour imprimer\"><span><\/span><span class=\"sharing-screen-reader-text\">Cliquer pour imprimer(ouvre dans une nouvelle fen\u00eatre)<\/span><\/a><\/li><li class=\"share-facebook\"><a rel=\"nofollow noopener noreferrer\" data-shared=\"sharing-facebook-670\" class=\"share-facebook sd-button share-icon no-text\" href=\"https:\/\/www.hendrik.maekeler.eu\/fr\/munzfreunde-minden-und-umgebung\/?share=facebook\" target=\"_blank\" title=\"Cliquez pour partager sur Facebook\"><span><\/span><span class=\"sharing-screen-reader-text\">Cliquez pour partager sur Facebook(ouvre dans une nouvelle fen\u00eatre)<\/span><\/a><\/li><li class=\"share-twitter\"><a rel=\"nofollow noopener noreferrer\" data-shared=\"sharing-twitter-670\" class=\"share-twitter sd-button share-icon no-text\" href=\"https:\/\/www.hendrik.maekeler.eu\/fr\/munzfreunde-minden-und-umgebung\/?share=twitter\" target=\"_blank\" title=\"Cliquez pour partager sur Twitter\"><span><\/span><span class=\"sharing-screen-reader-text\">Cliquez pour partager sur Twitter(ouvre dans une nouvelle fen\u00eatre)<\/span><\/a><\/li><li class=\"share-linkedin\"><a rel=\"nofollow noopener noreferrer\" data-shared=\"sharing-linkedin-670\" class=\"share-linkedin sd-button share-icon no-text\" href=\"https:\/\/www.hendrik.maekeler.eu\/fr\/munzfreunde-minden-und-umgebung\/?share=linkedin\" target=\"_blank\" title=\"Cliquez pour partager sur LinkedIn\"><span><\/span><span class=\"sharing-screen-reader-text\">Cliquez pour partager sur LinkedIn(ouvre dans une nouvelle fen\u00eatre)<\/span><\/a><\/li><li class=\"share-pinterest\"><a rel=\"nofollow noopener noreferrer\" data-shared=\"sharing-pinterest-670\" class=\"share-pinterest sd-button share-icon no-text\" href=\"https:\/\/www.hendrik.maekeler.eu\/fr\/munzfreunde-minden-und-umgebung\/?share=pinterest\" target=\"_blank\" title=\"Cliquez pour partager sur Pinterest\"><span><\/span><span class=\"sharing-screen-reader-text\">Cliquez pour partager sur Pinterest(ouvre dans une nouvelle fen\u00eatre)<\/span><\/a><\/li><li class=\"share-reddit\"><a rel=\"nofollow noopener noreferrer\" data-shared=\"\" class=\"share-reddit sd-button share-icon no-text\" href=\"https:\/\/www.hendrik.maekeler.eu\/fr\/munzfreunde-minden-und-umgebung\/?share=reddit\" target=\"_blank\" title=\"Cliquez pour partager sur Reddit\"><span><\/span><span class=\"sharing-screen-reader-text\">Cliquez pour partager sur Reddit(ouvre dans une nouvelle fen\u00eatre)<\/span><\/a><\/li><li class=\"share-tumblr\"><a rel=\"nofollow noopener noreferrer\" data-shared=\"\" class=\"share-tumblr sd-button share-icon no-text\" href=\"https:\/\/www.hendrik.maekeler.eu\/fr\/munzfreunde-minden-und-umgebung\/?share=tumblr\" target=\"_blank\" title=\"Cliquez pour partager sur Tumblr\"><span><\/span><span class=\"sharing-screen-reader-text\">Cliquez pour partager sur Tumblr(ouvre dans une nouvelle fen\u00eatre)<\/span><\/a><\/li><li class=\"share-jetpack-whatsapp\"><a rel=\"nofollow noopener noreferrer\" data-shared=\"\" class=\"share-jetpack-whatsapp sd-button share-icon no-text\" href=\"https:\/\/www.hendrik.maekeler.eu\/fr\/munzfreunde-minden-und-umgebung\/?share=jetpack-whatsapp\" target=\"_blank\" title=\"Cliquez pour partager sur WhatsApp\"><span><\/span><span class=\"sharing-screen-reader-text\">Cliquez pour partager sur WhatsApp(ouvre dans une nouvelle fen\u00eatre)<\/span><\/a><\/li><li class=\"share-end\"><\/li><\/ul><\/div><\/div><\/div>","protected":false},"author":1,"featured_media":0,"comment_status":"closed","ping_status":"closed","sticky":false,"template":"","format":"standard","meta":{"spay_email":"","jetpack_publicize_message":"","jetpack_is_tweetstorm":false,"jetpack_publicize_feature_enabled":true},"categories":[5],"tags":[76,133],"geo":null,"jetpack_featured_media_url":"","jetpack_publicize_connections":[],"jetpack_sharing_enabled":true,"jetpack_shortlink":"https:\/\/wp.me\/p3fDqY-aO","jetpack-related-posts":[{"id":246,"url":"https:\/\/www.hendrik.maekeler.eu\/fr\/francesco-petrarca-und-stephan-von-neidenburg-zwei-munzensammler-im-mittelalter\/","url_meta":{"origin":670,"position":0},"title":"Francesco Petrarca und Stephan von Neidenburg. Zwei M\u00fcnzensammler im Mittelalter","date":"mardi 27 septembre 2005","format":false,"excerpt":"Francesco Petrarca und Stephan von Neidenburg. Zwei M\u00fcnzensammler im Mittelalter, in: M\u00fcnzfreunde Minden und Umgebung (Hrsg.): Minda Numismatica 2005 (Schriftenreihe der M\u00fcnzfreunde Minden und Umgebung, 23), Minden 2005, S.\u00a0257-269.","rel":"","context":"Dans &quot;Articles&quot;","img":{"alt_text":"","src":"","width":0,"height":0},"classes":[]},{"id":1899,"url":"https:\/\/www.hendrik.maekeler.eu\/fr\/peter-berghaus-1919-2012\/","url_meta":{"origin":670,"position":1},"title":"Peter Berghaus (1919-2012)","date":"jeudi 23 mai 2013","format":false,"excerpt":"Hendrik M\u00e4keler: Peter Berghaus (1919-2012), dans: Secr\u00e9tariat du Conseil International de Numismatique (dir.): Compte rendu 59 (2012), p. 78-82. Am 16. November 2012 ist mit Peter Berghaus \u201eone of the most eminent numismatists of this century\u201c (so Philip Grierson 1986 im ersten Band der \u201eMedieval European Coinage\u201c) in M\u00fcnster verstorben.\u2026","rel":"","context":"Dans &quot;Articles mineurs&quot;","img":{"alt_text":"","src":"https:\/\/i2.wp.com\/www.hendrik.maekeler.eu\/wp-content\/uploads\/2013\/05\/Peter-Berghaus-2004-213x300.jpg?resize=350%2C200","width":350,"height":200},"classes":[]},{"id":237,"url":"https:\/\/www.hendrik.maekeler.eu\/fr\/der-munzfund-hunenburg-bei-todenmann-und-der-sachsenaufstand-unter-heinrich-iv\/","url_meta":{"origin":670,"position":2},"title":"Der M\u00fcnzfund \u201eH\u00fcnenburg\u201c bei Todenmann und der Sachsenaufstand unter Heinrich IV.","date":"jeudi 27 septembre 2001","format":false,"excerpt":"Hendrik M\u00e4keler: Der M\u00fcnzfund \u201eH\u00fcnenburg\u201c bei Todenmann und der Sachsenaufstand unter Heinrich IV., in: Peter Berghaus und Christian-Ewald von Kleist unter Mitwirkung von Hendrik M\u00e4keler (Red.): Westfalia Numismatica 2001 (Schriftenreihe der M\u00fcnzfreunde Minden, 17), M\u00fcnster 2001, S.\u00a025-45.Hendrik M\u00e4keler: Der M\u00fcnzfund \u201eH\u00fcnenburg\u201c bei Todenmann und der Sachsenaufstand unter Heinrich IV., in:\u2026","rel":"","context":"Dans &quot;Articles&quot;","img":{"alt_text":"","src":"","width":0,"height":0},"classes":[]},{"id":218,"url":"https:\/\/www.hendrik.maekeler.eu\/fr\/westfalia-numismatica-2001\/","url_meta":{"origin":670,"position":3},"title":"Westfalia Numismatica 2001","date":"dimanche 27 septembre 2009","format":false,"excerpt":"Peter Berghaus und Christian-Ewald von Kleist unter Mitwirkung von Hendrik M\u00e4keler (Red.): Westfalia Numismatica 2001 (Schriftenreihe der M\u00fcnzfreunde Minden, 17), M\u00fcnster 2001. [180 S., zahlr. Abb.] \u00a0 Rezensionen: Geldgeschichtliche Nachrichten 36 (2001) 205, S. 269 (Hubert Emmerig). Numismatisches Nachrichtenblatt 50 (2001) 12, S. 529 (Ralf Wiechmann). Schweizer M\u00fcnzbl\u00e4tter 201 (2001),\u2026","rel":"","context":"Dans &quot;Direction et r\u00e9daction&quot;","img":{"alt_text":"","src":"","width":0,"height":0},"classes":[]},{"id":411,"url":"https:\/\/www.hendrik.maekeler.eu\/fr\/heinz-roder-unter-mitarbeit-von-jurgen-ellenberg-u-a-erfurt-im-spiegel-von-munzen-und-medaillen-1990-2001\/","url_meta":{"origin":670,"position":4},"title":"Heinz R\u00f6der en collaboration avec J\u00fcrgen Ellenberg et al.: Erfurt im Spiegel von M\u00fcnzen und Medaillen 1990-2001","date":"lundi 28 septembre 2009","format":false,"excerpt":"Heinz R\u00f6der unter Mitarbeit von J\u00fcrgen Ellenberg u.a.: Erfurt im Spiegel von M\u00fcnzen und Medaillen 1990-2001 (Erfurter Numismatische Forschungen, 1) [\u2026], in: Geldgeschichtliche Nachrichten 39 (2004) 216, S. 46f. Rezension Der erste Band der Erfurter Numismatischen Forschungen verzeichnet auf 314 Seiten 233 Erfurter Medaillen aus den Jahren 1990 bis 2001.Heinz\u2026","rel":"","context":"Dans &quot;Critiques&quot;","img":{"alt_text":"","src":"","width":0,"height":0},"classes":[]},{"id":236,"url":"https:\/\/www.hendrik.maekeler.eu\/fr\/numismatische-veroffentlichungen-von-peter-berghaus\/","url_meta":{"origin":670,"position":5},"title":"Numismatische Ver\u00f6ffentlichungen von Peter Berghaus","date":"lundi 27 septembre 1999","format":false,"excerpt":"Numismatische Ver\u00f6ffentlichungen von Peter Berghaus, in: Peter Berghaus: Denar \u2013 Sterling \u2013 Goldgulden. Ausgew\u00e4hlte Schriften zur Numismatik, hg. v. Gert Hatz, Peter Ilisch und Bernd Kluge, Osnabr\u00fcck 1999, S.\u00a0465-484. \u2014 1947 \u2014 \u00a0 Die Perioden des Sterlings in Westfalen, dem Rheinland und in den Niederlanden, in: Hamburger Beitr\u00e4ge zur Numismatik\u2026","rel":"","context":"Dans &quot;Articles&quot;","img":{"alt_text":"","src":"","width":0,"height":0},"classes":[]}],"_links":{"self":[{"href":"https:\/\/www.hendrik.maekeler.eu\/fr\/wp-json\/wp\/v2\/posts\/670"}],"collection":[{"href":"https:\/\/www.hendrik.maekeler.eu\/fr\/wp-json\/wp\/v2\/posts"}],"about":[{"href":"https:\/\/www.hendrik.maekeler.eu\/fr\/wp-json\/wp\/v2\/types\/post"}],"author":[{"embeddable":true,"href":"https:\/\/www.hendrik.maekeler.eu\/fr\/wp-json\/wp\/v2\/users\/1"}],"replies":[{"embeddable":true,"href":"https:\/\/www.hendrik.maekeler.eu\/fr\/wp-json\/wp\/v2\/comments?post=670"}],"version-history":[{"count":5,"href":"https:\/\/www.hendrik.maekeler.eu\/fr\/wp-json\/wp\/v2\/posts\/670\/revisions"}],"predecessor-version":[{"id":683,"href":"https:\/\/www.hendrik.maekeler.eu\/fr\/wp-json\/wp\/v2\/posts\/670\/revisions\/683"}],"wp:attachment":[{"href":"https:\/\/www.hendrik.maekeler.eu\/fr\/wp-json\/wp\/v2\/media?parent=670"}],"wp:term":[{"taxonomy":"category","embeddable":true,"href":"https:\/\/www.hendrik.maekeler.eu\/fr\/wp-json\/wp\/v2\/categories?post=670"},{"taxonomy":"post_tag","embeddable":true,"href":"https:\/\/www.hendrik.maekeler.eu\/fr\/wp-json\/wp\/v2\/tags?post=670"}],"curies":[{"name":"wp","href":"https:\/\/api.w.org\/{rel}","templated":true}]}}