{"id":1181,"date":"2010-10-18T20:53:28","date_gmt":"2010-10-18T18:53:28","guid":{"rendered":"http:\/\/www.hendrik.maekeler.eu\/?p=1181"},"modified":"2013-07-30T13:47:39","modified_gmt":"2013-07-30T11:47:39","slug":"von-aussen-schoen-von-innen-schlimm","status":"publish","type":"post","link":"https:\/\/www.hendrik.maekeler.eu\/se\/von-aussen-schoen-von-innen-schlimm\/","title":{"rendered":"\u201eVon au\u00dfen sch\u00f6n, von innen schlimm\u201c"},"content":{"rendered":"<p><a href=\"http:\/\/www.faz.net\/aktuell\/finanzen\/von-aussen-schoen-von-innen-schlimm-11055011.html\" target=\"_blank\">\u201eVon au\u00dfen sch\u00f6n, von innen schlimm\u201c<\/a>, i: Frankfurter Allgemeine Zeitung (Samstag, 16. Oktober 2010) 241, s. 22.<\/p>\n<div class=\"sharedaddy sd-sharing-enabled\"><div class=\"robots-nocontent sd-block sd-social sd-social-icon sd-sharing\"><div class=\"sd-content\"><ul><li class=\"share-email\"><a rel=\"nofollow noopener noreferrer\" data-shared=\"\" class=\"share-email sd-button share-icon no-text\" href=\"https:\/\/www.hendrik.maekeler.eu\/se\/von-aussen-schoen-von-innen-schlimm\/?share=email\" target=\"_blank\" title=\"Klicka f\u00f6r att e-posta detta till en v\u00e4n\"><span><\/span><span class=\"sharing-screen-reader-text\">Klicka f\u00f6r att e-posta detta till en v\u00e4n (\u00d6ppnas i ett nytt f\u00f6nster)<\/span><\/a><\/li><li class=\"share-print\"><a rel=\"nofollow noopener noreferrer\" data-shared=\"\" class=\"share-print sd-button share-icon no-text\" href=\"https:\/\/www.hendrik.maekeler.eu\/se\/von-aussen-schoen-von-innen-schlimm\/\" target=\"_blank\" title=\"Klicka f\u00f6r utskrift\"><span><\/span><span class=\"sharing-screen-reader-text\">Klicka f\u00f6r utskrift (\u00d6ppnas i ett nytt f\u00f6nster)<\/span><\/a><\/li><li class=\"share-facebook\"><a rel=\"nofollow noopener noreferrer\" data-shared=\"sharing-facebook-1181\" class=\"share-facebook sd-button share-icon no-text\" href=\"https:\/\/www.hendrik.maekeler.eu\/se\/von-aussen-schoen-von-innen-schlimm\/?share=facebook\" target=\"_blank\" title=\"Klicka f\u00f6r att dela p\u00e5 Facebook\"><span><\/span><span class=\"sharing-screen-reader-text\">Klicka f\u00f6r att dela p\u00e5 Facebook (\u00d6ppnas i ett nytt f\u00f6nster)<\/span><\/a><\/li><li class=\"share-twitter\"><a rel=\"nofollow noopener noreferrer\" data-shared=\"sharing-twitter-1181\" class=\"share-twitter sd-button share-icon no-text\" href=\"https:\/\/www.hendrik.maekeler.eu\/se\/von-aussen-schoen-von-innen-schlimm\/?share=twitter\" target=\"_blank\" title=\"Klicka f\u00f6r att dela p\u00e5 Twitter\"><span><\/span><span class=\"sharing-screen-reader-text\">Klicka f\u00f6r att dela p\u00e5 Twitter (\u00d6ppnas i ett nytt f\u00f6nster)<\/span><\/a><\/li><li class=\"share-linkedin\"><a rel=\"nofollow noopener noreferrer\" data-shared=\"sharing-linkedin-1181\" class=\"share-linkedin sd-button share-icon no-text\" href=\"https:\/\/www.hendrik.maekeler.eu\/se\/von-aussen-schoen-von-innen-schlimm\/?share=linkedin\" target=\"_blank\" title=\"Klicka f\u00f6r att dela via LinkedIn\"><span><\/span><span class=\"sharing-screen-reader-text\">Klicka f\u00f6r att dela via LinkedIn (\u00d6ppnas i ett nytt f\u00f6nster)<\/span><\/a><\/li><li class=\"share-pinterest\"><a rel=\"nofollow noopener noreferrer\" data-shared=\"sharing-pinterest-1181\" class=\"share-pinterest sd-button share-icon no-text\" href=\"https:\/\/www.hendrik.maekeler.eu\/se\/von-aussen-schoen-von-innen-schlimm\/?share=pinterest\" target=\"_blank\" title=\"Klicka f\u00f6r att dela till Pinterest\"><span><\/span><span class=\"sharing-screen-reader-text\">Klicka f\u00f6r att dela till Pinterest (\u00d6ppnas i ett nytt f\u00f6nster)<\/span><\/a><\/li><li class=\"share-reddit\"><a rel=\"nofollow noopener noreferrer\" data-shared=\"\" class=\"share-reddit sd-button share-icon no-text\" href=\"https:\/\/www.hendrik.maekeler.eu\/se\/von-aussen-schoen-von-innen-schlimm\/?share=reddit\" target=\"_blank\" title=\"Klicka f\u00f6r att dela p\u00e5 Reddit\"><span><\/span><span class=\"sharing-screen-reader-text\">Klicka f\u00f6r att dela p\u00e5 Reddit (\u00d6ppnas i ett nytt f\u00f6nster)<\/span><\/a><\/li><li class=\"share-tumblr\"><a rel=\"nofollow noopener noreferrer\" data-shared=\"\" class=\"share-tumblr sd-button share-icon no-text\" href=\"https:\/\/www.hendrik.maekeler.eu\/se\/von-aussen-schoen-von-innen-schlimm\/?share=tumblr\" target=\"_blank\" title=\"Klicka f\u00f6r att dela p\u00e5 Tumblr\"><span><\/span><span class=\"sharing-screen-reader-text\">Klicka f\u00f6r att dela p\u00e5 Tumblr (\u00d6ppnas i ett nytt f\u00f6nster)<\/span><\/a><\/li><li class=\"share-jetpack-whatsapp\"><a rel=\"nofollow noopener noreferrer\" data-shared=\"\" class=\"share-jetpack-whatsapp sd-button share-icon no-text\" href=\"https:\/\/www.hendrik.maekeler.eu\/se\/von-aussen-schoen-von-innen-schlimm\/?share=jetpack-whatsapp\" target=\"_blank\" title=\"Klicka f\u00f6r att dela p\u00e5 WhatsApp\"><span><\/span><span class=\"sharing-screen-reader-text\">Klicka f\u00f6r att dela p\u00e5 WhatsApp (\u00d6ppnas i ett nytt f\u00f6nster)<\/span><\/a><\/li><li class=\"share-end\"><\/li><\/ul><\/div><\/div><\/div>","protected":false},"excerpt":{"rendered":"<p>\u201eVon au\u00dfen sch\u00f6n, von innen schlimm\u201c, i: Frankfurter Allgemeine Zeitung (Samstag, 16. Oktober 2010) 241, s. 22.<\/p>\n<div class=\"sharedaddy sd-sharing-enabled\"><div class=\"robots-nocontent sd-block sd-social sd-social-icon sd-sharing\"><div class=\"sd-content\"><ul><li class=\"share-email\"><a rel=\"nofollow noopener noreferrer\" data-shared=\"\" class=\"share-email sd-button share-icon no-text\" href=\"https:\/\/www.hendrik.maekeler.eu\/se\/von-aussen-schoen-von-innen-schlimm\/?share=email\" target=\"_blank\" title=\"Klicka f\u00f6r att e-posta detta till en v\u00e4n\"><span><\/span><span class=\"sharing-screen-reader-text\">Klicka f\u00f6r att e-posta detta till en v\u00e4n (\u00d6ppnas i ett nytt f\u00f6nster)<\/span><\/a><\/li><li class=\"share-print\"><a rel=\"nofollow noopener noreferrer\" data-shared=\"\" class=\"share-print sd-button share-icon no-text\" href=\"https:\/\/www.hendrik.maekeler.eu\/se\/von-aussen-schoen-von-innen-schlimm\/\" target=\"_blank\" title=\"Klicka f\u00f6r utskrift\"><span><\/span><span class=\"sharing-screen-reader-text\">Klicka f\u00f6r utskrift (\u00d6ppnas i ett nytt f\u00f6nster)<\/span><\/a><\/li><li class=\"share-facebook\"><a rel=\"nofollow noopener noreferrer\" data-shared=\"sharing-facebook-1181\" class=\"share-facebook sd-button share-icon no-text\" href=\"https:\/\/www.hendrik.maekeler.eu\/se\/von-aussen-schoen-von-innen-schlimm\/?share=facebook\" target=\"_blank\" title=\"Klicka f\u00f6r att dela p\u00e5 Facebook\"><span><\/span><span class=\"sharing-screen-reader-text\">Klicka f\u00f6r att dela p\u00e5 Facebook (\u00d6ppnas i ett nytt f\u00f6nster)<\/span><\/a><\/li><li class=\"share-twitter\"><a rel=\"nofollow noopener noreferrer\" data-shared=\"sharing-twitter-1181\" class=\"share-twitter sd-button share-icon no-text\" href=\"https:\/\/www.hendrik.maekeler.eu\/se\/von-aussen-schoen-von-innen-schlimm\/?share=twitter\" target=\"_blank\" title=\"Klicka f\u00f6r att dela p\u00e5 Twitter\"><span><\/span><span class=\"sharing-screen-reader-text\">Klicka f\u00f6r att dela p\u00e5 Twitter (\u00d6ppnas i ett nytt f\u00f6nster)<\/span><\/a><\/li><li class=\"share-linkedin\"><a rel=\"nofollow noopener noreferrer\" data-shared=\"sharing-linkedin-1181\" class=\"share-linkedin sd-button share-icon no-text\" href=\"https:\/\/www.hendrik.maekeler.eu\/se\/von-aussen-schoen-von-innen-schlimm\/?share=linkedin\" target=\"_blank\" title=\"Klicka f\u00f6r att dela via LinkedIn\"><span><\/span><span class=\"sharing-screen-reader-text\">Klicka f\u00f6r att dela via LinkedIn (\u00d6ppnas i ett nytt f\u00f6nster)<\/span><\/a><\/li><li class=\"share-pinterest\"><a rel=\"nofollow noopener noreferrer\" data-shared=\"sharing-pinterest-1181\" class=\"share-pinterest sd-button share-icon no-text\" href=\"https:\/\/www.hendrik.maekeler.eu\/se\/von-aussen-schoen-von-innen-schlimm\/?share=pinterest\" target=\"_blank\" title=\"Klicka f\u00f6r att dela till Pinterest\"><span><\/span><span class=\"sharing-screen-reader-text\">Klicka f\u00f6r att dela till Pinterest (\u00d6ppnas i ett nytt f\u00f6nster)<\/span><\/a><\/li><li class=\"share-reddit\"><a rel=\"nofollow noopener noreferrer\" data-shared=\"\" class=\"share-reddit sd-button share-icon no-text\" href=\"https:\/\/www.hendrik.maekeler.eu\/se\/von-aussen-schoen-von-innen-schlimm\/?share=reddit\" target=\"_blank\" title=\"Klicka f\u00f6r att dela p\u00e5 Reddit\"><span><\/span><span class=\"sharing-screen-reader-text\">Klicka f\u00f6r att dela p\u00e5 Reddit (\u00d6ppnas i ett nytt f\u00f6nster)<\/span><\/a><\/li><li class=\"share-tumblr\"><a rel=\"nofollow noopener noreferrer\" data-shared=\"\" class=\"share-tumblr sd-button share-icon no-text\" href=\"https:\/\/www.hendrik.maekeler.eu\/se\/von-aussen-schoen-von-innen-schlimm\/?share=tumblr\" target=\"_blank\" title=\"Klicka f\u00f6r att dela p\u00e5 Tumblr\"><span><\/span><span class=\"sharing-screen-reader-text\">Klicka f\u00f6r att dela p\u00e5 Tumblr (\u00d6ppnas i ett nytt f\u00f6nster)<\/span><\/a><\/li><li class=\"share-jetpack-whatsapp\"><a rel=\"nofollow noopener noreferrer\" data-shared=\"\" class=\"share-jetpack-whatsapp sd-button share-icon no-text\" href=\"https:\/\/www.hendrik.maekeler.eu\/se\/von-aussen-schoen-von-innen-schlimm\/?share=jetpack-whatsapp\" target=\"_blank\" title=\"Klicka f\u00f6r att dela p\u00e5 WhatsApp\"><span><\/span><span class=\"sharing-screen-reader-text\">Klicka f\u00f6r att dela p\u00e5 WhatsApp (\u00d6ppnas i ett nytt f\u00f6nster)<\/span><\/a><\/li><li class=\"share-end\"><\/li><\/ul><\/div><\/div><\/div>","protected":false},"author":1,"featured_media":0,"comment_status":"closed","ping_status":"closed","sticky":false,"template":"","format":"standard","meta":{"spay_email":"","jetpack_publicize_message":"","jetpack_is_tweetstorm":false,"jetpack_publicize_feature_enabled":true},"categories":[23],"tags":[648,527,251,651,643,646,645,659,656,642,488,736,657,650,662,654,652,485,647,641,34,142,653,660,661,655,649,658,644],"geo":null,"jetpack_featured_media_url":"","jetpack_publicize_connections":[],"jetpack_sharing_enabled":true,"jetpack_shortlink":"https:\/\/wp.me\/p3fDqY-j3","jetpack-related-posts":[{"id":1818,"url":"https:\/\/www.hendrik.maekeler.eu\/se\/freiherr-vom-stein-gedachtnisausgabe-fsga-31-50\/","url_meta":{"origin":1181,"position":0},"title":"Freiherr vom Stein-Ged\u00e4chtnisausgabe (FSGA) 31-50","date":"2009\/09\/27","format":false,"excerpt":"Im Rahmen der Freiherr vom Stein-Ged\u00e4chtnisausgabe (\u00fcblicherweise abgek\u00fcrzt mit FSGA) werden ausgew\u00e4hlte Texte und Quellen des Mittelalters im Originaltext und in hochdeutscher \u00dcbersetzung ver\u00f6ffentlicht. Im folgenden werden die Inhalte der B\u00e4nde 31 bis 50 angegeben, soweit sie bislang erschienen sind. Die Inhalte der B\u00e4nde 1 bis 30 der Freiherr vom\u2026","rel":"","context":"I &quot;Proseminarium vikingatid och medeltid&quot;","img":{"alt_text":"","src":"","width":0,"height":0},"classes":[]},{"id":2315,"url":"https:\/\/www.hendrik.maekeler.eu\/se\/kleines-geld-grosse-probleme\/","url_meta":{"origin":1181,"position":1},"title":"(Deutsch) Kleines Geld, gro\u00dfe Probleme","date":"2018\/09\/23","format":false,"excerpt":"Tyv\u00e4rr \u00e4r denna artikel enbart tillg\u00e4nglig p\u00e5 Tyska.Johannes Beermann und Hendrik M\u00e4keler: Kleines Geld, gro\u00dfe Probleme, in: Frankfurter Allgemeine Sonntagszeitung Nr. 38 vom 23. September 2018, S. 38.","rel":"","context":"I &quot;Mindre artiklar&quot;","img":{"alt_text":"","src":"","width":0,"height":0},"classes":[]},{"id":409,"url":"https:\/\/www.hendrik.maekeler.eu\/se\/fabian-wittreck-geld-als-instrument-der-gerechtigkeit\/","url_meta":{"origin":1181,"position":2},"title":"Fabian Wittreck: Geld als Instrument der Gerechtigkeit. Die Geldrechtslehre des hl. Thomas von Aquin in ihrem interkulturellen Kontext","date":"2009\/09\/28","format":false,"excerpt":"Fabian Wittreck: Geld als Instrument der Gerechtigkeit. Die Geldrechtslehre des hl. Thomas von Aquin in ihrem interkulturellen Kontext (Rechts- und Staatswissenschaftliche Ver\u00f6ffentlichungen der G\u00f6rres-Gesellschaft, N.F. 100) [\u2026], in: Geldgeschichtliche Nachrichten 38 (2003) 215, S. 264f. Rezension Per denarium intelligitur vita aeterna \u2013 Da\u00df man durch die M\u00fcnze zum Verst\u00e4ndnis des\u2026","rel":"","context":"I &quot;Recensioner&quot;","img":{"alt_text":"","src":"","width":0,"height":0},"classes":[]},{"id":1281,"url":"https:\/\/www.hendrik.maekeler.eu\/se\/die-goldgiganten-auf-der-berliner-museumsinsel\/","url_meta":{"origin":1181,"position":3},"title":"Die Goldgiganten auf der Berliner Museumsinsel","date":"2011\/01\/04","format":false,"excerpt":"Die Goldgiganten auf der Berliner Museumsinsel, in: Frankfurter Allgemeine Zeitung (Dienstag, 4. Januar 2011) 2, S. 19. Die Goldgiganten auf der Berliner Museumsinsel, in: Frankfurter Allgemeine Zeitung (Dienstag, 4. Januar 2011) 2, p. 19. Die Goldgiganten auf der Berliner Museumsinsel, dans: Frankfurter Allgemeine Zeitung (Dienstag, 4. Januar 2011) 2, p.\u2026","rel":"","context":"I &quot;Mindre artiklar&quot;","img":{"alt_text":"","src":"","width":0,"height":0},"classes":[]},{"id":1747,"url":"https:\/\/www.hendrik.maekeler.eu\/se\/von-wikingern-uber-geld-lernen\/","url_meta":{"origin":1181,"position":4},"title":"Von Wikingern \u00fcber Geld lernen","date":"2012\/08\/25","format":false,"excerpt":"Hendrik M\u00e4keler: Von Wikingern \u00fcber Geld lernen, in: Frankfurter Allgemeine Zeitung (Samstag, 25. August 2012) 198, S. 19.Hendrik M\u00e4keler: Von Wikingern \u00fcber Geld lernen, in: Frankfurter Allgemeine Zeitung (Saturday, 25. August 2012) 198, pp. 19. Hendrik M\u00e4keler: Von Wikingern \u00fcber Geld lernen, dans: Frankfurter Allgemeine Zeitung (samedi, 25. ao\u00fbt 2012)\u2026","rel":"","context":"I &quot;Mindre artiklar&quot;","img":{"alt_text":"","src":"","width":0,"height":0},"classes":[]},{"id":302,"url":"https:\/\/www.hendrik.maekeler.eu\/se\/peter-berghaus-das-munzsichtige-arnstadt\/","url_meta":{"origin":1181,"position":5},"title":"Peter Berghaus: Das m\u00fcnzsichtige Arnstadt, och Peter Berghaus: Anton G\u00fcnther II. Graf, seit 1709 F\u00fcrst von Schwarzburg-Arnstadt","date":"2009\/09\/28","format":false,"excerpt":"Peter Berghaus: Das m\u00fcnzsichtige Arnstadt (S. 121-135, 21 Abb.). Peter Berghaus: Anton G\u00fcnther\u00a0II. Graf, seit 1709 F\u00fcrst von Schwarzburg-Arnstadt (*10.10.1653 Sondershausen, \u202020.12.1716 Arnstadt). (S. 137-142, 5 Abb., davon zwei in Farbe). Beide Titel: Johann Sebastian Bach und seine Zeit in Arnstadt [\u2026], in: Numismatisches Nachrichtenblatt 49 (2000) 11, S. 441f.\u2026","rel":"","context":"I &quot;Recensioner&quot;","img":{"alt_text":"","src":"","width":0,"height":0},"classes":[]}],"_links":{"self":[{"href":"https:\/\/www.hendrik.maekeler.eu\/se\/wp-json\/wp\/v2\/posts\/1181"}],"collection":[{"href":"https:\/\/www.hendrik.maekeler.eu\/se\/wp-json\/wp\/v2\/posts"}],"about":[{"href":"https:\/\/www.hendrik.maekeler.eu\/se\/wp-json\/wp\/v2\/types\/post"}],"author":[{"embeddable":true,"href":"https:\/\/www.hendrik.maekeler.eu\/se\/wp-json\/wp\/v2\/users\/1"}],"replies":[{"embeddable":true,"href":"https:\/\/www.hendrik.maekeler.eu\/se\/wp-json\/wp\/v2\/comments?post=1181"}],"version-history":[{"count":14,"href":"https:\/\/www.hendrik.maekeler.eu\/se\/wp-json\/wp\/v2\/posts\/1181\/revisions"}],"predecessor-version":[{"id":1921,"href":"https:\/\/www.hendrik.maekeler.eu\/se\/wp-json\/wp\/v2\/posts\/1181\/revisions\/1921"}],"wp:attachment":[{"href":"https:\/\/www.hendrik.maekeler.eu\/se\/wp-json\/wp\/v2\/media?parent=1181"}],"wp:term":[{"taxonomy":"category","embeddable":true,"href":"https:\/\/www.hendrik.maekeler.eu\/se\/wp-json\/wp\/v2\/categories?post=1181"},{"taxonomy":"post_tag","embeddable":true,"href":"https:\/\/www.hendrik.maekeler.eu\/se\/wp-json\/wp\/v2\/tags?post=1181"}],"curies":[{"name":"wp","href":"https:\/\/api.w.org\/{rel}","templated":true}]}}