{"id":149,"date":"2009-09-27T13:31:41","date_gmt":"2009-09-27T11:31:41","guid":{"rendered":"http:\/\/www.hendrik.maekeler.eu\/?p=149"},"modified":"2009-10-25T19:52:24","modified_gmt":"2009-10-25T17:52:24","slug":"stadte-im-mittelalter","status":"publish","type":"post","link":"https:\/\/www.hendrik.maekeler.eu\/se\/stadte-im-mittelalter\/","title":{"rendered":"St\u00e4der p\u00e5 vikingatiden och medeltiden"},"content":{"rendered":"<p class=\"qtranxs-available-languages-message qtranxs-available-languages-message-se\">Tyv\u00e4rr \u00e4r denna artikel enbart tillg\u00e4nglig p\u00e5 <a href=\"https:\/\/www.hendrik.maekeler.eu\/de\/wp-json\/wp\/v2\/posts\/149\" class=\"qtranxs-available-language-link qtranxs-available-language-link-de\" title=\"Deutsch\">Tyska<\/a>.<\/p><p><a href=\"http:\/\/www.uni-kiel.de\/\" target=\"_blank\">Christian-Albrechts-Universit\u00e4t zu Kiel<\/a><br \/>\n<a href=\"http:\/\/www.histosem.uni-kiel.de\/\" target=\"_blank\">Historisches Seminar<br \/>\n<\/a>Proseminar, 2 SWS, benoteter Schein<br \/>\nZeit und Ort: Mi 16:15 &#8211; 17:45, Leibnizstra\u00dfe 4 &#8211; R.027<br \/>\nab 22.11.2006<\/p>\n<p>Studierende im Studiengang Lehramt Realschule ohne Lateinkenntnisse sind gehalten, im Wintersemester 2006\/07 dieses Proseminar zu besuchen, da keine lateinischen Texte gelesen werden.<!--more-->\u00a0Studierenden im Studiengang Lehramt Realschule mit Lateinkenntnissen steht der Besuch anderer Proseminare Mittelalter frei.<\/p>\n<p>\u00a0<\/p>\n<p><strong>Empfohlene Literatur<\/strong><\/p>\n<h4>1. Zum Thema<\/h4>\n<p>Boockmann, Hartmut: Die Stadt im sp\u00e4ten Mittelalter, 3. Aufl., M\u00fcnchen 1994.<\/p>\n<p>Engel, Evamaria und Jacob, Frank-Dietrich: St\u00e4dtisches Leben im Mittelalter. Schriftquellen und Bildzeugnisse, K\u00f6ln u.a. 2006.<\/p>\n<p>Ennen, Edith: Die europ\u00e4ische Stadt des Mittelalters, 4. Aufl., G\u00f6ttingen 1987.<\/p>\n<p>Hergem\u00f6ller, Bernd-Ulrich (Hrsg.): Quellen zur Verfassungsgeschichte der deutschen Stadt im Mittelalter (Ausgew\u00e4hlte Quellen zur deutschen Geschichte des Mittelalters, 34), Darmstadt 2000.<\/p>\n<h4>2. Zur Prop\u00e4deutik<\/h4>\n<p>Goetz, Hans-Werner: Proseminar Geschichte. Mittelalter, 2. Aufl., Stuttgart 2000.<\/p>\n<p>\u00a0<\/p>\n<p><strong>Programm<\/strong><\/p>\n<h4>1. Sitzung (25. Oktober 2006)<\/h4>\n<p>Begr\u00fc\u00dfung, Einf\u00fchrung in das Thema<\/p>\n<h4>Die Sitzung am 1. November 2006 entf\u00e4llt aufgrund einer ausw\u00e4rtigen Verpflichtung des Dozenten.<\/h4>\n<p><strong>2. Sitzung (8. November 2006): Einleitung \u2013 Was kann man \u00fcber das Mittelalter wissen und wie findet man heraus, was man dar\u00fcber wei\u00df?<\/strong><\/p>\n<p>Literatur: Esch, Arnold: \u00dcberlieferungs-Chance und \u00dcberlieferungs-Zufall als methodisches Problem des Historikers, in: Ders.: Zeitalter und Menschenalter. Der Historiker und die Erfahrung vergangener Gegenwart, M\u00fcnchen 1994, S. 39-69.<\/p>\n<p>Anschlie\u00dfend: Bibliotheksf\u00fchrung<\/p>\n<h4>3. Sitzung (15. November 2006): Die fr\u00fche Stadtentwicklung im n\u00f6rdlichen Europa<\/h4>\n<p>Literatur: van Es, W.A. und Verwers, W.J.H.: Aufstieg, Bl\u00fcte und Niedergang der fr\u00fchmittelalterlichen Handelsmetropole Dorestad, in: Brandt, Klaus u.a. (Hrsg.): Haithabu und die fr\u00fche Stadtentwicklung im n\u00f6rdlichen Europa (Schriften des Arch\u00e4ologischen Landesmuseums 8), Neum\u00fcnster 2002, S. 281-301; M\u00fcller-Wille, Michael: Ribe \u2013 Reric \u2013 Haithabu. Zur fr\u00fchen Urbanisierung im s\u00fcdskandinavischen und westslawischen Gebiet, in: ebd., S. 321-337.<\/p>\n<h4>4. Sitzung (22. November 2006): Trier \u2013 eine r\u00f6mische Stadtgr\u00fcndung in karolingischer Zeit<\/h4>\n<p>Quellen: Hergem\u00f6ller: Quellen (2000), Nr. 6, S. 74-77; Schedelsche Weltchronik, Blatt XXIII.<\/p>\n<p>Literatur: Goetz: Proseminar (2000), S. 152-175 und 344-346 (Diplomatik).<\/p>\n<h4>5. Sitzung (29. November 2006): Worms und Speyer \u2013 Zwei Privilegien der Salierzeit<\/h4>\n<p>Quellen: Hergem\u00f6ller: Quellen (2000), Nr. 16, S. 100-105 und Nr. 21, S. 118-123.<\/p>\n<p>Literatur: Haverkamp, Alfred: Die St\u00e4dte Trier, Metz, Toul und Verdun. Religi\u00f6se Gemeinschaften im Zentralit\u00e4tsgef\u00fcge einer St\u00e4dtelandschaft zur Zeit der Salier, in: Weinfurter, Stefan (Hrsg.): Gesellschaftlicher und ideengeschichtlicher Wandel im Reich der Salier (Die Salier und das Reich, 3), Sigmaringen 1991, S. 165-190; Goetz: Proseminar (2000), S. 324-329 (Chronologie).<\/p>\n<h4>6. Sitzung (6. Dezember 2006): Die j\u00fcdische Gemeinde in K\u00f6ln vom 11. Jahrhundert bis zum Pogrom des Jahres 1349<\/h4>\n<p>Quelle: Cardauns, Hermann (Hrsg.): Die Chroniken der niederrheinischen St\u00e4dte. C\u00f6ln, Band 2 (Die Chroniken der deutschen St\u00e4dte vom 14. bis ins 16. Jahrhundert, 13), Leipzig 1876, S. 18-23; Koppmann, Karl (Hrsg.): Die Chroniken der nieders\u00e4chsischen St\u00e4dte. L\u00fcbeck, Band 1 (Die Chroniken der deutschen St\u00e4dte vom 14. bis ins 16. Jahrhundert, 19), Leipzig 1884, S. 515-521; Lacomblet, Theodor Joseph (Hrsg.): Urkundenbuch f\u00fcr die Geschichte des Niederrheins [&#8230;], Band 3, ND Aalen 1960, Nr. 489, S. 391-394; Schedelsche Weltchronik, Blatt XC<sup>v<\/sup> und Blatt XCI.<\/p>\n<p>Literatur: Schmandt, Matthias: Judei, cives et incole. Studien zur j\u00fcdischen Geschichte K\u00f6lns im Mittelalter (Forschungen zur Geschichte der Juden, A 11), Hannover 2002, S. 9-49 und S. 85-95; Goetz: Proseminar (2000), S. 330-332 (Genealogie).<\/p>\n<h4>7. Sitzung (13. Dezember 2006): Gr\u00fcndungsprivileg von Freiburg im Breisgau<\/h4>\n<p>Quelle: Hergem\u00f6ller: Quellen (2000), Nr. 22, S. 124-161.<\/p>\n<p>Literatur: Zotz, Thomas: Siedlung und Herrschaft im Raum Freiburg am Anfang des 11. Jahrhunderts, in: Schadek, Hans und Zotz, Thomas (Hrsg.): Freiburg 1091-1120. Neue Forschungen zu den Anf\u00e4ngen der Stadt (Arch\u00e4ologie und Geschichte. Freiburger Forschungen zum ersten Jahrtausend in S\u00fcdwestdeutschland, 7), Sigmaringen 1995, S. 49-78; Steuer, Heiko: Freiburg und das Bild der St\u00e4dte um 1100 im Spiegel der Arch\u00e4ologie, in: ebd., S. 79-123; Goetz: Proseminar (2000), S. 332-344 (Pal\u00e4ographie).<\/p>\n<h4>8. Sitzung (20. Dezember 2006): Das Stra\u00dfburger Stadtrecht aus dem 12. Jahrhundert<\/h4>\n<p>Quelle: Hergem\u00f6ller: Quellen (2000), Nr. 23, S. 160-185; Schedelsche Weltchronik, Blatt CXXXIX<sup>v<\/sup> und Blatt CXL.<\/p>\n<p>Literatur: Goetz: Proseminar (2000), S. 238-241 und S. 347-349 (Numismatik).<\/p>\n<h4>9. Sitzung (10. Januar 2007): Das l\u00fcbische Stadtrecht<\/h4>\n<p>Quelle: Rudert, Thomas (Hrsg.): Der Kolberger Kodex des L\u00fcbischen Rechts von 1297, Hamburg 2005; Schedelsche Weltchronik, Blatt CCLXV<sup>v<\/sup> und Blatt CCLXVI.<\/p>\n<p>Literatur: Ebel, Wilhelm: Art. \u201eL\u00fcbisches Recht\u201c, in: Handw\u00f6rterbuch zur deutschen Rechtsgeschichte, Band 3: List \u2013 Protonotar, Berlin 1984, Sp. 77-84; Ebel, Friedrich und Schelling, Renate: Die Bedeutung deutschen Stadtrechts im Norden und Osten des mittelalterlichen Europa. L\u00fcbisches und Magdeburger Recht als Gegenstand von Kulturtransfer und Tr\u00e4ger der Moderne, in: Schweitzer, Robert u.a. (Hrsg.): Die Stadt im europ\u00e4ischen Nordosten. Kulturbeziehungen von der Ausbreitung des L\u00fcbischen Rechts bis zur Aufkl\u00e4rung. Beitr\u00e4ge anl\u00e4\u00dflich des \u201eII. Internationalen Symposiums zur deutschen Kultur im europ\u00e4ischen Nordosten\u201c der Stiftung zur F\u00f6rderung deutscher Kultur (Aue-Stiftung) Helsinki (Aue-S\u00e4\u00e4ti\u00f6n julkaisuja, 12), Helsinki und L\u00fcbeck 2001, S. 35-46; Goetz: Proseminar (2000), S. 241f. und S. 346 (Sphragistik) sowie S. 242 und S. 349f. (Heraldik).<\/p>\n<h4>10. Sitzung (17. Januar 2007): Aufst\u00e4nde und Unruhen \u2013 das Beispiel Magdeburg im Jahr 1402<\/h4>\n<p>Quelle: Janicke, Karl (Hrsg.): Die Chroniken der nieders\u00e4chsischen St\u00e4dte, Magdeburg, Band 1 (Die Chroniken der deutschen St\u00e4dte vom 14. bis ins 16. Jahrhundert, 7), Leipzig 1869, S. 302-305; Schedelsche Weltchronik, Blatt CLXXIX<sup>v<\/sup> und Blatt CLXXX.<\/p>\n<p>Literatur: Ehbrecht, Wilfried: Hanse und sp\u00e4tmittelalterliche B\u00fcrgerk\u00e4mpfe in Niedersachsen und Westfalen, in: Nieders\u00e4chsisches Jahrbuch f\u00fcr Landesgeschichte 48 (1976), S. 77-105, hier S. 82-87; M\u00e4keler, Hendrik: Geldwertver\u00e4nderungen als Ausl\u00f6ser innerst\u00e4dtischer Konflikte im Sp\u00e4tmittelalter, in: Bremer Beitr\u00e4ge zur M\u00fcnz- und Geldgeschichte 4 (2005), S. 81-105; Goetz: Proseminar (2000), S. 109-138 (Historiographische Quellen).<\/p>\n<h4>11. Sitzung (24. Januar 2007): Die Basler Jahrrechnung von 1438\/39<\/h4>\n<p>Quelle: Harms, Bernhard (Hrsg.): Der Stadthaushalt Basels im ausgehenden Mittelalter. Erste Abteilung: Die Jahresrechnungen 1360-1535, Band 1: Die Einnahmen, T\u00fcbingen 1909, S. 151-153 und Band 2: Die Ausgaben 1360-1490, T\u00fcbingen 1910, S. 205-213; Schedelsche Weltchronik, Blatt CCXLIII<sup>v<\/sup> und Blatt CCXLIIII.<\/p>\n<p>Literatur: Gilomen, Hans-J\u00f6rg: Die st\u00e4dtische Schuld Berns und der Basler Rentenmarkt im 15. Jahrhundert, in: Basler Zeitschrift f\u00fcr Geschichte und Altertumskunde 82 (1982), S. 5-64; Goetz: Proseminar (2000), S. 202-214 (Verwaltungsschrifttum)<\/p>\n<h4>12. Sitzung (31. Januar 2007): Auf dem Weg in den Burgunderkrieg \u2013 die Kanzlei in Bern im Jahr 1474 \/ Wie schreibt man eine Hausarbeit?<\/h4>\n<p>Literatur: Esch, Arnold: Alltag der Entscheidung. Berns Weg in den Burgunderkrieg, in: Ders.: Alltag der Entscheidung. Beitr\u00e4ge zur Geschichte der Schweiz an der Wende vom Mittelalter zur Neuzeit, Bern u.a. 1998, S. 9-86; Sattler, Hauke: Das Sakrileg ein Plagiat? Zugleich ein Beitrag zum Schutz des Werkinhalts nach britischem und deutschem Urheberrecht, in: Zeitschrift f\u00fcr Urheber- und Medienrecht 50 (2006), S. 612-619.<\/p>\n<p>\u00a0<\/p>\n<p><div class=\"gm-map\" style=\"position: relative;height: 200px; width: 200px;\"><iframe name=\"gm-map-1\" allowfullscreen src=\"https:\/\/www.hendrik.maekeler.eu\/se\/?geo_mashup_content=render-map&amp;map_data_key=307763f49437a360658268d6e1b88780&amp;name=gm-map-1&amp;map_content=contextual&amp;error_comment=&lt;!-- Geo Mashup found no objects to map in this context--&gt;\" style=\"position: absolute; top: 0; left: 0; width: 100%; height: 100%; border: none; overflow: hidden;\"><\/iframe><\/div><\/p>\n<div class=\"sharedaddy sd-sharing-enabled\"><div class=\"robots-nocontent sd-block sd-social sd-social-icon sd-sharing\"><div class=\"sd-content\"><ul><li class=\"share-email\"><a rel=\"nofollow noopener noreferrer\" data-shared=\"\" class=\"share-email sd-button share-icon no-text\" href=\"https:\/\/www.hendrik.maekeler.eu\/se\/stadte-im-mittelalter\/?share=email\" target=\"_blank\" title=\"Klicka f\u00f6r att e-posta detta till en v\u00e4n\"><span><\/span><span class=\"sharing-screen-reader-text\">Klicka f\u00f6r att e-posta detta till en v\u00e4n (\u00d6ppnas i ett nytt f\u00f6nster)<\/span><\/a><\/li><li class=\"share-print\"><a rel=\"nofollow noopener noreferrer\" data-shared=\"\" class=\"share-print sd-button share-icon no-text\" href=\"https:\/\/www.hendrik.maekeler.eu\/se\/stadte-im-mittelalter\/\" target=\"_blank\" title=\"Klicka f\u00f6r utskrift\"><span><\/span><span class=\"sharing-screen-reader-text\">Klicka f\u00f6r utskrift (\u00d6ppnas i ett nytt f\u00f6nster)<\/span><\/a><\/li><li class=\"share-facebook\"><a rel=\"nofollow noopener noreferrer\" data-shared=\"sharing-facebook-149\" class=\"share-facebook sd-button share-icon no-text\" href=\"https:\/\/www.hendrik.maekeler.eu\/se\/stadte-im-mittelalter\/?share=facebook\" target=\"_blank\" title=\"Klicka f\u00f6r att dela p\u00e5 Facebook\"><span><\/span><span class=\"sharing-screen-reader-text\">Klicka f\u00f6r att dela p\u00e5 Facebook (\u00d6ppnas i ett nytt f\u00f6nster)<\/span><\/a><\/li><li class=\"share-twitter\"><a rel=\"nofollow noopener noreferrer\" data-shared=\"sharing-twitter-149\" class=\"share-twitter sd-button share-icon no-text\" href=\"https:\/\/www.hendrik.maekeler.eu\/se\/stadte-im-mittelalter\/?share=twitter\" target=\"_blank\" title=\"Klicka f\u00f6r att dela p\u00e5 Twitter\"><span><\/span><span class=\"sharing-screen-reader-text\">Klicka f\u00f6r att dela p\u00e5 Twitter (\u00d6ppnas i ett nytt f\u00f6nster)<\/span><\/a><\/li><li class=\"share-linkedin\"><a rel=\"nofollow noopener noreferrer\" data-shared=\"sharing-linkedin-149\" class=\"share-linkedin sd-button share-icon no-text\" href=\"https:\/\/www.hendrik.maekeler.eu\/se\/stadte-im-mittelalter\/?share=linkedin\" target=\"_blank\" title=\"Klicka f\u00f6r att dela via LinkedIn\"><span><\/span><span class=\"sharing-screen-reader-text\">Klicka f\u00f6r att dela via LinkedIn (\u00d6ppnas i ett nytt f\u00f6nster)<\/span><\/a><\/li><li class=\"share-pinterest\"><a rel=\"nofollow noopener noreferrer\" data-shared=\"sharing-pinterest-149\" class=\"share-pinterest sd-button share-icon no-text\" href=\"https:\/\/www.hendrik.maekeler.eu\/se\/stadte-im-mittelalter\/?share=pinterest\" target=\"_blank\" title=\"Klicka f\u00f6r att dela till Pinterest\"><span><\/span><span class=\"sharing-screen-reader-text\">Klicka f\u00f6r att dela till Pinterest (\u00d6ppnas i ett nytt f\u00f6nster)<\/span><\/a><\/li><li class=\"share-reddit\"><a rel=\"nofollow noopener noreferrer\" data-shared=\"\" class=\"share-reddit sd-button share-icon no-text\" href=\"https:\/\/www.hendrik.maekeler.eu\/se\/stadte-im-mittelalter\/?share=reddit\" target=\"_blank\" title=\"Klicka f\u00f6r att dela p\u00e5 Reddit\"><span><\/span><span class=\"sharing-screen-reader-text\">Klicka f\u00f6r att dela p\u00e5 Reddit (\u00d6ppnas i ett nytt f\u00f6nster)<\/span><\/a><\/li><li class=\"share-tumblr\"><a rel=\"nofollow noopener noreferrer\" data-shared=\"\" class=\"share-tumblr sd-button share-icon no-text\" href=\"https:\/\/www.hendrik.maekeler.eu\/se\/stadte-im-mittelalter\/?share=tumblr\" target=\"_blank\" title=\"Klicka f\u00f6r att dela p\u00e5 Tumblr\"><span><\/span><span class=\"sharing-screen-reader-text\">Klicka f\u00f6r att dela p\u00e5 Tumblr (\u00d6ppnas i ett nytt f\u00f6nster)<\/span><\/a><\/li><li class=\"share-jetpack-whatsapp\"><a rel=\"nofollow noopener noreferrer\" data-shared=\"\" class=\"share-jetpack-whatsapp sd-button share-icon no-text\" href=\"https:\/\/www.hendrik.maekeler.eu\/se\/stadte-im-mittelalter\/?share=jetpack-whatsapp\" target=\"_blank\" title=\"Klicka f\u00f6r att dela p\u00e5 WhatsApp\"><span><\/span><span class=\"sharing-screen-reader-text\">Klicka f\u00f6r att dela p\u00e5 WhatsApp (\u00d6ppnas i ett nytt f\u00f6nster)<\/span><\/a><\/li><li class=\"share-end\"><\/li><\/ul><\/div><\/div><\/div>","protected":false},"excerpt":{"rendered":"<p>Tyv\u00e4rr \u00e4r denna artikel enbart tillg\u00e4nglig p\u00e5 Tyska.Christian-Albrechts-Universit\u00e4t zu Kiel Historisches Seminar Proseminar, 2 SWS, benoteter Schein Zeit und Ort: Mi 16:15 &#8211; 17:45, Leibnizstra\u00dfe 4 &#8211; R.027 ab 22.11.2006 Studierende im Studiengang Lehramt Realschule ohne Lateinkenntnisse sind gehalten, im Wintersemester 2006\/07 dieses Proseminar zu besuchen, da keine lateinischen Texte gelesen werden.<\/p>\n<div class=\"sharedaddy sd-sharing-enabled\"><div class=\"robots-nocontent sd-block sd-social sd-social-icon sd-sharing\"><div class=\"sd-content\"><ul><li class=\"share-email\"><a rel=\"nofollow noopener noreferrer\" data-shared=\"\" class=\"share-email sd-button share-icon no-text\" href=\"https:\/\/www.hendrik.maekeler.eu\/se\/stadte-im-mittelalter\/?share=email\" target=\"_blank\" title=\"Klicka f\u00f6r att e-posta detta till en v\u00e4n\"><span><\/span><span class=\"sharing-screen-reader-text\">Klicka f\u00f6r att e-posta detta till en v\u00e4n (\u00d6ppnas i ett nytt f\u00f6nster)<\/span><\/a><\/li><li class=\"share-print\"><a rel=\"nofollow noopener noreferrer\" data-shared=\"\" class=\"share-print sd-button share-icon no-text\" href=\"https:\/\/www.hendrik.maekeler.eu\/se\/stadte-im-mittelalter\/\" target=\"_blank\" title=\"Klicka f\u00f6r utskrift\"><span><\/span><span class=\"sharing-screen-reader-text\">Klicka f\u00f6r utskrift (\u00d6ppnas i ett nytt f\u00f6nster)<\/span><\/a><\/li><li class=\"share-facebook\"><a rel=\"nofollow noopener noreferrer\" data-shared=\"sharing-facebook-149\" class=\"share-facebook sd-button share-icon no-text\" href=\"https:\/\/www.hendrik.maekeler.eu\/se\/stadte-im-mittelalter\/?share=facebook\" target=\"_blank\" title=\"Klicka f\u00f6r att dela p\u00e5 Facebook\"><span><\/span><span class=\"sharing-screen-reader-text\">Klicka f\u00f6r att dela p\u00e5 Facebook (\u00d6ppnas i ett nytt f\u00f6nster)<\/span><\/a><\/li><li class=\"share-twitter\"><a rel=\"nofollow noopener noreferrer\" data-shared=\"sharing-twitter-149\" class=\"share-twitter sd-button share-icon no-text\" href=\"https:\/\/www.hendrik.maekeler.eu\/se\/stadte-im-mittelalter\/?share=twitter\" target=\"_blank\" title=\"Klicka f\u00f6r att dela p\u00e5 Twitter\"><span><\/span><span class=\"sharing-screen-reader-text\">Klicka f\u00f6r att dela p\u00e5 Twitter (\u00d6ppnas i ett nytt f\u00f6nster)<\/span><\/a><\/li><li class=\"share-linkedin\"><a rel=\"nofollow noopener noreferrer\" data-shared=\"sharing-linkedin-149\" class=\"share-linkedin sd-button share-icon no-text\" href=\"https:\/\/www.hendrik.maekeler.eu\/se\/stadte-im-mittelalter\/?share=linkedin\" target=\"_blank\" title=\"Klicka f\u00f6r att dela via LinkedIn\"><span><\/span><span class=\"sharing-screen-reader-text\">Klicka f\u00f6r att dela via LinkedIn (\u00d6ppnas i ett nytt f\u00f6nster)<\/span><\/a><\/li><li class=\"share-pinterest\"><a rel=\"nofollow noopener noreferrer\" data-shared=\"sharing-pinterest-149\" class=\"share-pinterest sd-button share-icon no-text\" href=\"https:\/\/www.hendrik.maekeler.eu\/se\/stadte-im-mittelalter\/?share=pinterest\" target=\"_blank\" title=\"Klicka f\u00f6r att dela till Pinterest\"><span><\/span><span class=\"sharing-screen-reader-text\">Klicka f\u00f6r att dela till Pinterest (\u00d6ppnas i ett nytt f\u00f6nster)<\/span><\/a><\/li><li class=\"share-reddit\"><a rel=\"nofollow noopener noreferrer\" data-shared=\"\" class=\"share-reddit sd-button share-icon no-text\" href=\"https:\/\/www.hendrik.maekeler.eu\/se\/stadte-im-mittelalter\/?share=reddit\" target=\"_blank\" title=\"Klicka f\u00f6r att dela p\u00e5 Reddit\"><span><\/span><span class=\"sharing-screen-reader-text\">Klicka f\u00f6r att dela p\u00e5 Reddit (\u00d6ppnas i ett nytt f\u00f6nster)<\/span><\/a><\/li><li class=\"share-tumblr\"><a rel=\"nofollow noopener noreferrer\" data-shared=\"\" class=\"share-tumblr sd-button share-icon no-text\" href=\"https:\/\/www.hendrik.maekeler.eu\/se\/stadte-im-mittelalter\/?share=tumblr\" target=\"_blank\" title=\"Klicka f\u00f6r att dela p\u00e5 Tumblr\"><span><\/span><span class=\"sharing-screen-reader-text\">Klicka f\u00f6r att dela p\u00e5 Tumblr (\u00d6ppnas i ett nytt f\u00f6nster)<\/span><\/a><\/li><li class=\"share-jetpack-whatsapp\"><a rel=\"nofollow noopener noreferrer\" data-shared=\"\" class=\"share-jetpack-whatsapp sd-button share-icon no-text\" href=\"https:\/\/www.hendrik.maekeler.eu\/se\/stadte-im-mittelalter\/?share=jetpack-whatsapp\" target=\"_blank\" title=\"Klicka f\u00f6r att dela p\u00e5 WhatsApp\"><span><\/span><span class=\"sharing-screen-reader-text\">Klicka f\u00f6r att dela p\u00e5 WhatsApp (\u00d6ppnas i ett nytt f\u00f6nster)<\/span><\/a><\/li><li class=\"share-end\"><\/li><\/ul><\/div><\/div><\/div>","protected":false},"author":1,"featured_media":0,"comment_status":"closed","ping_status":"closed","sticky":false,"template":"","format":"standard","meta":{"spay_email":"","jetpack_publicize_message":"","jetpack_is_tweetstorm":false,"jetpack_publicize_feature_enabled":true},"categories":[15],"tags":[518,526,167,527,528,328,427,523,331,434,402,47,174,525,34,519,398,522,89,248,524,520,521],"geo":{"latitude":54.34453959999999739238774054683744907379150390625,"longitude":10.1107855000000004253024599165655672550201416015625,"description":null},"jetpack_featured_media_url":"","jetpack_publicize_connections":[],"jetpack_sharing_enabled":true,"jetpack_shortlink":"https:\/\/wp.me\/p3fDqY-2p","jetpack-related-posts":[{"id":128,"url":"https:\/\/www.hendrik.maekeler.eu\/se\/die-salier\/","url_meta":{"origin":149,"position":0},"title":"Salierna","date":"2009\/09\/27","format":false,"excerpt":"Christian-Albrechts-Universit\u00e4t zu Kiel Historisches Seminar Proseminar, 2 SWS, benoteter Schein Zeit und Ort: Mo 12:00 - 14:00, Leibnizstra\u00dfe 8 - R.101\/102 ab 14.4.2008 Dem rheinfr\u00e4nkischen Adelsgeschlecht der Salier gelang es zwischen 1014 und 1125, seinem Haus die Krone des Reiches zu sichern. In die Regierungszeit der salischen Herrscher fallen der\u2026","rel":"","context":"I &quot;2008 V\u00e5rtermin&quot;","img":{"alt_text":"","src":"","width":0,"height":0},"classes":[]},{"id":139,"url":"https:\/\/www.hendrik.maekeler.eu\/se\/das-interregnum\/","url_meta":{"origin":149,"position":1},"title":"Det tyska interregnum","date":"2009\/09\/27","format":false,"excerpt":"Christian-Albrechts-Universit\u00e4t zu Kiel Historisches Seminar Proseminar, 2 SWS, benoteter Schein Zeit und Ort: Di 8:00 - 10:00, Leibnizstra\u00dfe 8 - R.101\/102 ab 30.10.2007 Mit dem Begriff \u201eInterregnum\u201c wird eine \u201eZwischenregierung\u201c oder auch eine kaiserlose Zeit bezeichnet. Wenn von dem Interregnum die Rede ist, dann meint man gemeinhin die Zeit zwischen\u2026","rel":"","context":"I &quot;2007\/08 H\u00f6sttermin&quot;","img":{"alt_text":"","src":"","width":0,"height":0},"classes":[]},{"id":788,"url":"https:\/\/www.hendrik.maekeler.eu\/se\/hilfswissenschaften\/","url_meta":{"origin":149,"position":2},"title":"Historiska hj\u00e4lpvetenskaper","date":"2009\/10\/15","format":false,"excerpt":"Die historischen Hilfswissenschaften sind ein wichtiger Bestandteil des Proseminars Mittelalter. Die Grundlagenkenntnisse zu den Sachquellen, die in diesem Zusammenhang vermittelt werden, k\u00f6nnen sinnvoll etwa f\u00fcr deren Einsatz in Schulstunden verwendet werden. Die klassische Einf\u00fchrung in die historischen Hilfswissenschaften bietet nach wie vor von Brandt, Ahasver: Werkzeug des Historikers. Eine Einf\u00fchrung\u2026","rel":"","context":"I &quot;Proseminarium vikingatid och medeltid&quot;","img":{"alt_text":"","src":"","width":0,"height":0},"classes":[]},{"id":134,"url":"https:\/\/www.hendrik.maekeler.eu\/se\/die-europaischen-juden-im-mittelalter\/","url_meta":{"origin":149,"position":3},"title":"De europeiska judarna under vikingatiden och medeltiden","date":"2009\/09\/27","format":false,"excerpt":"Christian-Albrechts-Universit\u00e4t zu Kiel Historisches Seminar Proseminar, 2 SWS, benoteter Schein Zeit und Ort: Fr 8:30 - 10:00, Leibnizstra\u00dfe 8 - R.101\/102 ab 18.4.2008 Die Geschichte europ\u00e4ischen Judentums im Mittelalter ist, angefangen von den Pogromen in rheinischen Judengemeinden des ersten Kreuzuges (1096) bis hin zur Vertreibung in der Mark Brandenburg (1510)\u2026","rel":"","context":"I &quot;2008 V\u00e5rtermin&quot;","img":{"alt_text":"","src":"","width":0,"height":0},"classes":[]},{"id":29,"url":"https:\/\/www.hendrik.maekeler.eu\/se\/proseminar-mittelalter\/","url_meta":{"origin":149,"position":4},"title":"Proseminarium vikingatid och medeltid","date":"2009\/09\/26","format":false,"excerpt":"Ziel des Proseminars Mittelalter ist es, die Teilnehmer in das wissenschaftliche Arbeiten im Bereich der mittelalterlichen Geschichte einzuf\u00fchren.\u00a0Die F\u00e4higkeit zu wissenschaftlichem Arbeiten soll in der abschlie\u00dfenden Hausarbeit unter Beweis gestellt werden. Dies geschieht, indem man auf der Grundlage der Quellen und in Kenntnis der Sekund\u00e4rliteratur eine Fragestellung untersucht. Den Studenten\u2026","rel":"","context":"I &quot;Proseminarium vikingatid och medeltid&quot;","img":{"alt_text":"","src":"","width":0,"height":0},"classes":[]},{"id":38,"url":"https:\/\/www.hendrik.maekeler.eu\/se\/warum-mittelalterliche-geschichte-studieren\/","url_meta":{"origin":149,"position":5},"title":"Varf\u00f6r ska man l\u00e4sa medeltida historia?","date":"2009\/09\/27","format":false,"excerpt":"Warum mittelalterliche Geschichte studieren? Wer sich das fragt, wird hoffentlich zahlreiche Antworten in meinen Lehrveranstaltungen finden. Doch eine an dieser Stelle schon vorweg:Hela denna presentation av k\u00e4llor och litteratur om medeltiden har skapats i samband med min undervisning vid Kiels universitet. Presentationen \u00e4r s\u00e5ledes avsedd f\u00f6r tyska studenter. Den som\u2026","rel":"","context":"I &quot;Proseminarium vikingatid och medeltid&quot;","img":{"alt_text":"","src":"","width":0,"height":0},"classes":[]}],"_links":{"self":[{"href":"https:\/\/www.hendrik.maekeler.eu\/se\/wp-json\/wp\/v2\/posts\/149"}],"collection":[{"href":"https:\/\/www.hendrik.maekeler.eu\/se\/wp-json\/wp\/v2\/posts"}],"about":[{"href":"https:\/\/www.hendrik.maekeler.eu\/se\/wp-json\/wp\/v2\/types\/post"}],"author":[{"embeddable":true,"href":"https:\/\/www.hendrik.maekeler.eu\/se\/wp-json\/wp\/v2\/users\/1"}],"replies":[{"embeddable":true,"href":"https:\/\/www.hendrik.maekeler.eu\/se\/wp-json\/wp\/v2\/comments?post=149"}],"version-history":[{"count":8,"href":"https:\/\/www.hendrik.maekeler.eu\/se\/wp-json\/wp\/v2\/posts\/149\/revisions"}],"predecessor-version":[{"id":836,"href":"https:\/\/www.hendrik.maekeler.eu\/se\/wp-json\/wp\/v2\/posts\/149\/revisions\/836"}],"wp:attachment":[{"href":"https:\/\/www.hendrik.maekeler.eu\/se\/wp-json\/wp\/v2\/media?parent=149"}],"wp:term":[{"taxonomy":"category","embeddable":true,"href":"https:\/\/www.hendrik.maekeler.eu\/se\/wp-json\/wp\/v2\/categories?post=149"},{"taxonomy":"post_tag","embeddable":true,"href":"https:\/\/www.hendrik.maekeler.eu\/se\/wp-json\/wp\/v2\/tags?post=149"}],"curies":[{"name":"wp","href":"https:\/\/api.w.org\/{rel}","templated":true}]}}