{"id":155,"date":"2009-09-27T13:48:30","date_gmt":"2009-09-27T11:48:30","guid":{"rendered":"http:\/\/www.hendrik.maekeler.eu\/?p=155"},"modified":"2013-05-11T17:12:48","modified_gmt":"2013-05-11T15:12:48","slug":"kaufleute-im-spaten-mittelalter","status":"publish","type":"post","link":"https:\/\/www.hendrik.maekeler.eu\/se\/kaufleute-im-spaten-mittelalter\/","title":{"rendered":"K\u00f6pm\u00e4n p\u00e5 senmedeltiden"},"content":{"rendered":"<p class=\"qtranxs-available-languages-message qtranxs-available-languages-message-se\">Tyv\u00e4rr \u00e4r denna artikel enbart tillg\u00e4nglig p\u00e5 <a href=\"https:\/\/www.hendrik.maekeler.eu\/de\/wp-json\/wp\/v2\/posts\/155\" class=\"qtranxs-available-language-link qtranxs-available-language-link-de\" title=\"Deutsch\">Tyska<\/a>.<\/p><p><a href=\"http:\/\/www.uni-kiel.de\/\" target=\"_blank\">Christian-Albrechts-Universit\u00e4t zu Kiel<\/a><br \/>\n<a href=\"http:\/\/www.histosem.uni-kiel.de\/\" target=\"_blank\">Historisches Seminar<\/a><br \/>\n\u00dcbung, 2 SWS<br \/>\nZeit und Ort: Fr 8:30 &#8211; 10:00, Leibniszstra\u00dfe 8 &#8211; R.101\/102<\/p>\n<p>Kaufleute im Mittelalter \u2013 das waren sehr unterschiedliche Menschen, deren Denken doch bestimmte Gemeinsamkeiten kennzeichneten. Zu nennen sind in erster Linie Gewinnstreben und Rechenhaftigkeit bzw. Rationalit\u00e4t, aber auch eine berufsspezifische Fr\u00f6mmigkeit. Diesen kaufm\u00e4nnischen Lebensformen wollen <a href=\"http:\/\/www.histsem.uni-kiel.de\/de\/abteilungen\/wirtschafts-und-sozialgeschichte\/mitarbeiter\/copy_of_dr.-phil.-gabriel-zeilinger-m.-a\" target=\"_blank\">Gabriel Zeilinger<\/a> und ich anhand von Rechnungsb\u00fcchern, Briefwechseln und anderen Quellen nachgehen.<!--more-->\u00a0Neben der aktiven Quellenlekt\u00fcre erwarten wir von den Teilnehmern, da\u00df verschiedene Themen in Referaten vorgestellt werden. Auf diese Weise sollen ausgew\u00e4hlte Aspekte kaufm\u00e4nnischen Lebens im Mittelalter vom ersten \u00fcberlieferten Scheck bis hin zu den Anf\u00e4ngen des \u201eAktienbetruges\u201c aufgezeigt werden.<\/p>\n<p><strong>Empfohlene Literatur<\/strong><\/p>\n<p>Jacques Le Goff, Kaufleute und Bankiers im Mittelalter (Wagenbachs Taschenbuch 520), Berlin 2005.<br \/>\nPeter Spufford, Power and Profit. The Merchant in Medieval Europe, London 2000.<\/p>\n<p><strong>Programm<\/strong><\/p>\n<h4>1. Sitzung am 7. April 2006: Begr\u00fc\u00dfung, Programmvorstellung, Referatvergabe<\/h4>\n<p>\u00a0\u00a0<\/p>\n<h4>14. April 2006: Karfreitag!<\/h4>\n<p>\u00a0<\/p>\n<h4>2. Sitzung am 21. April 2006: Kaufleute und Handel \u2013 Neues nach der V\u00f6lkerwanderung?<\/h4>\n<p>Literatur: Carlo M. Cipolla: Allegro ma non troppo. Die Rolle der Gew\u00fcrze und die Prinzipien der menschlichen Dummheit, Berlin 2001, S. 11-47; Jacques Le Goff: Kaufleute und Bankiers im Mittelalter (Wagenbachs Taschenbuch 520), Berlin 2005, S. 7-45.<\/p>\n<p>Impulsreferate: (1) Die \u201ePirenne-These\u201c [Referent: Herbert Chwalek]; (2) Mittelalterliche Verkehrswege \u00fcber Berge und Meer [Referent: Chris Buthmann]<\/p>\n<h4>3. Sitzung am 28. April 2006: Wandernde Kaufleute und werdende St\u00e4dte: K\u00f6nigsschutz und Marktrecht [federf\u00fchrend <a href=\"http:\/\/www.uni-kiel.de\/fakultas\/philosophie\/geschichte\/index.php?x=http:\/\/www.histosem.uni-kiel.de\/Lehrstuehle\/wirtschaft\/zeilinger.htm\" target=\"_blank\"><span style=\"text-decoration: underline;\">G<\/span>abriel <span style=\"text-decoration: underline;\">Z<\/span>eilinger<\/a>]<\/h4>\n<p>Quellen: Lorenz Weinrich (Hrsg.): Quellen zur deutschen Verfassungs-, Wirtschafts- und Sozialgeschichte bis 1250 (FSGA, 32), 2. Aufl, Darmstadt 2000, Nr. 13, S. 54-57, und Nr. 18, S. 68-71.<\/p>\n<p>Literatur: Walter Schlesinger: Der Markt als Fr\u00fchform der deutschen Stadt, in: Herbert Jankuhn (Hrsg.): Vor- und Fr\u00fchformen der deutschen Stadt im Mittelalter, Bd. 1, G\u00f6ttingen 1973, S. 262-293.<\/p>\n<p>Impulsreferate: (1) Kaufm\u00e4nnisches Reisen im Mittelalter [Referent: Alexander Zemlin]; (2) K\u00f6nigsschutz [Referentin: Anja Meesenburg]; (3) Die Urbanisierung Europas im Hochmittelalter [Referent: Manuel Raschke]<\/p>\n<h4>4. Sitzung am 5. Mai 2006: Money makes the world go \u2018round: Einf\u00fchrung in die Geldgeschichte des Mittelalters [federf\u00fchrend <span style=\"text-decoration: underline;\">H<\/span>endrik <span style=\"text-decoration: underline;\">M<\/span>\u00e4keler]<\/h4>\n<p>Quelle: Hans Haeberli und Christoph von Steiger (Hrsg.): Die Schweiz im Mittelalter in Diebold Schillings Spiezer Bilderchronik. Studienausgabe zur Faksimile-Edition der Handschrift Mss. hist. helv. I. 16 der Burgerbibliothek Bern. Luzern 1991, S. 241 und S. 487 Nr. 140; Wie der Junng Wey\u00df kunig, kunstlich was, in der Muntz, in: Marx Treitzsaurwein: Der Wei\u00df Kunig. Eine Erzehlung von den Thaten Kaiser Maximilian des Ersten, Wien 1775 [ND Weinheim 1985], S. 81.<\/p>\n<p>Literatur: <a href=\"http:\/\/www.economics.utoronto.ca\/munro5\/MONEYLEC.pdf\" target=\"_blank\">John H. Munro: Money and coinage in late medieval and early modern Europe<\/a>.<\/p>\n<p>Impulsreferate: (1) Die M\u00fcnzreformen Karls des Gro\u00dfen [Referentin: Maria Smith]; (2) Groschen; (3) Gulden<\/p>\n<h4>5. Sitzung am 12. Mai 2006: Fr\u00fche Kaufmannsrechnungen [GZ]<\/h4>\n<p>Quellen und Literatur: Rolf Sprandel (Hrsg.): Quellen zur Hanse-Geschichte (FSGA 34), Darmstadt 1982, S. 486-493; Anton Chroust\/Hans Proesler (Hrsg.): Das Handlunsgbuch der Holzschuher in N\u00fcrnberg von 1304-07 (Ver\u00f6ffentlichungen der Gesellschaft f\u00fcr fr\u00e4nkische Geschichte, X. Reihe, 1), Erlangen 1934, S. 88-95 und 114-117.<\/p>\n<p>Impulsreferate: (1) Rechnungen als Quelle zur Geschichte des Mittelalters; (2) N\u00fcrnberg als Wirtschaftsmetropole Oberdeutschlands [Referentin: Anna-Katharina Dreyer]<\/p>\n<h4>6. Sitzung am 19. Mai 2006: Kaufm\u00e4nnische Briefwechsel [HM]<\/h4>\n<p>Quelle: Briefe an Hildebrand Veckinchusen, in: Rolf Sprandel (Hrsg.): Quellen zur Hanse-Geschichte (FSGA 34), Darmstadt 1982, S. 508-513.<\/p>\n<p>Literatur: Franz Irsigler: Der Alltag einer hansischen Kaufmannsfamilie im Spiegel der Veckinchusen-Briefe, in: Hansische Geschichtsbl\u00e4tter 103 (1985), S. 75-99.<\/p>\n<p>Impulsreferate: (1) Francesco di Marco Datini und sein \u201aBriefarchiv\u2018 [Referentin: Frauke Schulz]; (2) Hildebrand Veckinchusen [Referentin: Alexandra Rausch]<\/p>\n<h4>7. Sitzung am 26. Mai 2006: Wechsel, Banken, Buchhaltung [HM]<\/h4>\n<p>Quelle: Balduin Penndorf (Hrsg.): Luca Pacioli. Abhandlung \u00fcber die Buchhaltung 1494 (Quellen und Studien zur Geschichte der Betriebswirtschaftslehre 2), Stuttgart 1933, S. 88-128.<\/p>\n<p>Literatur: Reinhold C. Mueller: The Venetian Money Market, Bd. 2: Banks, Panics, and the Public Debt, 1200-1500. Baltimore und London 1997, S. 3-32 und 288-303; Peter Spufford: Power and Profit. The Merchant in Medieval Europe. London\/New York 2002, S. 34-46.<\/p>\n<p>Impulsreferate: (1) Geldwechsler [Referentin: Sabine Tete]; (2) Scheck; (3) Bankkonto; (4) Zinsen [Referentin: Annika M\u00fcnke]<\/p>\n<h4>8. Sitzung am 2. Juni 2006: Rechnungsb\u00fccher des 15. Jahrhunderts I \u2013 Peter Drach [HM]<\/h4>\n<p>Quelle: Geldner, Ferdinand: Das Rechnungsbuch des Speyrer Druckherrn, Verlegers und Gro\u00dfbuchh\u00e4ndlers Peter Drach mit Einleitung, Erl\u00e4uterungen und Identifizierungslisten. In: Archiv f\u00fcr Geschichte des Buchwesens 5 (1964), Sp. 1-196, hier Sp. 26-31.<\/p>\n<p>Literatur: Hendrik M\u00e4keler: Das Rechnungsbuch des Speyerer Druckherrn Peter Drach d.M. (um 1450-1504) (Sach\u00fcberlieferung und Geschichte 38), St. Katharinen 2005, S. 12-20.<\/p>\n<p>Impulsreferate: (1) Inkunabeln; (2) Johannes Gutenberg; (3) Anton Koberger [Referentin: Johanna Oehler]<\/p>\n<h4>9. Sitzung am 9. Juni 2006: Rechnungsb\u00fccher des 15. Jahrhunderts II \u2013 Ulrich Meltinger [GZ]<\/h4>\n<p>Quelle: Matthias Steinbrink: Ulrich Meltinger. Ein Basler Kaufmann am Ende des 15. Jahrhunderts, 2 Bde., Diss. phil. [masch.] Kiel 2005, Quellenausz\u00fcge: 2. Bd., S. 13 f., 95 f. und 250-252.<\/p>\n<p>Lit.: Ebd., 1. Bd., S. 3-26.<\/p>\n<p>Impulsreferate: (1) B\u00fcrger und Bauern im Gesch\u00e4ft in und um Basel [Referentin: Lena Runz]; (2) Ulrich Meltingers Handelsraum<\/p>\n<h4>10. Sitzung am 16. Juni 2006: Kaufm\u00e4nnische Fr\u00f6mmigkeit; Testamente [HM]<\/h4>\n<p>Quelle: Rolf Sprandel (Hrsg.): Quellen zur Hanse-Geschichte (FSGA 34), Darmstadt 1982, S. 93-123.<\/p>\n<p>Literatur: Erich Maschke: Das Berufsbewu\u00dftsein des mittelalterlichen Fernkaufmanns. In: Miscellanea medievalia 3 (1964), S. 306-335. [ND in Erich Maschke: St\u00e4dte und Menschen. Beitr\u00e4ge zur Geschichte der Stadt, der Wirtschaft und Gesellschaft 1959-1977 (Vierteljahrschrift f\u00fcr Sozial- und Wirtschaftsgeschichte, Beihefte 68), Wiesbaden 1980, S. 380-419].<\/p>\n<p>Impulsreferat: (1) Kaufm\u00e4nnische Mentalit\u00e4t(en) im Mittelalter [Referentin: Anna Heinemann]<\/p>\n<h4>11. Sitzung am 23. Juni 2006: Die Hansekontore [HM]<\/h4>\n<p>Quelle: Rolf Sprandel (Hrsg.): Quellen zur Hanse-Geschichte (FSGA 34), Darmstadt 1982, S. 322-345.<\/p>\n<p>Literatur: Gerhard Fouquet, Die Finanzen der Bergenfahrer zu L\u00fcbeck \u2013 das Sch\u00fcttingsrechnungsbuch (1469-1530), in: Antjekathrin Gra\u00dfmann (Hrsg.), Das Hansische Kontor zu Bergen und die L\u00fcbecker Bergenfahrer. International Workshop L\u00fcbeck 2003 (= Ver\u00f6ffentlichungen zur Geschichte der Hansestadt L\u00fcbeck, B 41), L\u00fcbeck 2005, S. 140-162.<\/p>\n<p>Impulsreferate: (1) Das Hansekontor in Bergen [Referentin: Tanja Waschow]; (2) Der Londoner Stalhof [Referent: Thorsten Harbeke]<\/p>\n<h4>Die Sitzung am 30. Juni 2006 entf\u00e4llt wegen einer Exkursion der Dozenten!<\/h4>\n<h4>12. Sitzung am 7. Juli 2006: Der Fondaco dei Tedeschi in Venedig [GZ]<\/h4>\n<p>Quelle: Henry Simonsfeld: Der Fondaco dei Tedeschi in Venedig und die deutsch-venezianischen Handelbeziehungen. Quellen und Forschungen, 2 Bde., Stuttgart 1887, Quellenausz\u00fcge Bd.1: Nr. 364, S. 195; Nr. 390, S. 213; Nr. 517, S. 284; Nr. 653, S. 359-361.<\/p>\n<p>Literatur: Carolin Wirtz: K\u00f6ln und Venedig. Wirtschaftliche und kulturelle Beziehungen im 15. und 16. Jahrhundert (Beihefte zum Archiv f\u00fcr Kulturgeschichte, 57), K\u00f6ln\/Weimar\/Wien 2006, S. 16-28; Philippe Braunstein: Erscheinungsformen einer Kollektividentit\u00e4t: Die Bewohner des Fondaco dei Tedeschi in Venedig (12.-17. Jahrhundert), in: Franz Irsigler u.a. (Hrsg.): Hochfinanz, Wirtschaftsr\u00e4ume, Innovationen. Festschrift f\u00fcr Wolfgang von Stromer, 3 Bde., Trier 1987, Bd. 1, S. 411-420.<\/p>\n<p>Impulsreferate: (1) Eine Skizze der (Wirtschafts-) Geschichte Venedigs [Referentin: Daniela Bertow]; (2) Der Fondaco dei Tedeschi [Referentin: Olivia Michalowski]; (3) Kaufm\u00e4nnische Verst\u00e4ndigung \u2013 ein italienisch-deutsches Sprachbuch von 1424 [Referentin: Lena Werner]<\/p>\n<h4>13. Sitzung am 14. Juli 2006: Ausnahmen I \u2013 Die Gro\u00dfe Ravensburger Handelsgesellschaft [GZ]<\/h4>\n<p>Quelle: Aloys Schulte: Geschichte der gro\u00dfen Ravensburger Handelsgesellschaft 1380-1530, 3. Bde., Stuttgart\/Berlin 1923 [ND Wiesbaden 1964], Quellenausz\u00fcge: Bd. 3, S. 47-49, S. 154 f., S. 462-466.<\/p>\n<p>Literatur: Andreas Meyer: Die Gro\u00dfe Ravensburger Handelsgesellschaft in der Region. Von der \u201eBodenseehanse\u201c zur Familiengesellschaft der Humpis, in: Carl A. Hoffmann und Rolf Kie\u00dfling (Hrsg.): Kommunikation und Region (Forum Suevicum, 4), Konstanz 2001, S. 249-304.<\/p>\n<p>Impulsreferat: Die gro\u00dfe Ravensburger Handelsgesellschaft und ihre Gelieger [Referent: Thorben P\u00e4the]<\/p>\n<h4>14. Sitzung am 21. Juli 2006: Ausnahmen II \u2013 Die Fugger [HM]<\/h4>\n<p>Quelle: Jacob Strieder (Hrsg.): Die Inventur der Firma Fugger aus dem Jahre 1527 (Zeitschrift f\u00fcr die gesamte Staatswissenschaft, Erg\u00e4nzungsheft 17), T\u00fcbingen 1905, S. 57-71 und S. 86-101.<\/p>\n<p>Literatur: Olaf M\u00f6rke: Die Fugger im 16. Jahrhundert. St\u00e4dtische Elite oder Sonderstruktur? \u2013 Ein Diskussionsbeitrag, in: Archiv f\u00fcr Reformationsgeschichte 74 (1983), S. 141-162.<\/p>\n<p>Impulsreferate: (1) Jakob \u201eder Reiche\u201c Fugger; (2) Anton Fugger<\/p>\n<p><div class=\"gm-map\" style=\"position: relative;height: 200px; width: 200px;\"><iframe name=\"gm-map-1\" allowfullscreen src=\"https:\/\/www.hendrik.maekeler.eu\/se\/?geo_mashup_content=render-map&amp;map_data_key=307763f49437a360658268d6e1b88780&amp;name=gm-map-1&amp;map_content=contextual&amp;error_comment=&lt;!-- Geo Mashup found no objects to map in this context--&gt;\" style=\"position: absolute; top: 0; left: 0; width: 100%; height: 100%; border: none; overflow: hidden;\"><\/iframe><\/div><\/p>\n<div class=\"sharedaddy sd-sharing-enabled\"><div class=\"robots-nocontent sd-block sd-social sd-social-icon sd-sharing\"><div class=\"sd-content\"><ul><li class=\"share-email\"><a rel=\"nofollow noopener noreferrer\" data-shared=\"\" class=\"share-email sd-button share-icon no-text\" href=\"https:\/\/www.hendrik.maekeler.eu\/se\/kaufleute-im-spaten-mittelalter\/?share=email\" target=\"_blank\" title=\"Klicka f\u00f6r att e-posta detta till en v\u00e4n\"><span><\/span><span class=\"sharing-screen-reader-text\">Klicka f\u00f6r att e-posta detta till en v\u00e4n (\u00d6ppnas i ett nytt f\u00f6nster)<\/span><\/a><\/li><li class=\"share-print\"><a rel=\"nofollow noopener noreferrer\" data-shared=\"\" class=\"share-print sd-button share-icon no-text\" href=\"https:\/\/www.hendrik.maekeler.eu\/se\/kaufleute-im-spaten-mittelalter\/\" target=\"_blank\" title=\"Klicka f\u00f6r utskrift\"><span><\/span><span class=\"sharing-screen-reader-text\">Klicka f\u00f6r utskrift (\u00d6ppnas i ett nytt f\u00f6nster)<\/span><\/a><\/li><li class=\"share-facebook\"><a rel=\"nofollow noopener noreferrer\" data-shared=\"sharing-facebook-155\" class=\"share-facebook sd-button share-icon no-text\" href=\"https:\/\/www.hendrik.maekeler.eu\/se\/kaufleute-im-spaten-mittelalter\/?share=facebook\" target=\"_blank\" title=\"Klicka f\u00f6r att dela p\u00e5 Facebook\"><span><\/span><span class=\"sharing-screen-reader-text\">Klicka f\u00f6r att dela p\u00e5 Facebook (\u00d6ppnas i ett nytt f\u00f6nster)<\/span><\/a><\/li><li class=\"share-twitter\"><a rel=\"nofollow noopener noreferrer\" data-shared=\"sharing-twitter-155\" class=\"share-twitter sd-button share-icon no-text\" href=\"https:\/\/www.hendrik.maekeler.eu\/se\/kaufleute-im-spaten-mittelalter\/?share=twitter\" target=\"_blank\" title=\"Klicka f\u00f6r att dela p\u00e5 Twitter\"><span><\/span><span class=\"sharing-screen-reader-text\">Klicka f\u00f6r att dela p\u00e5 Twitter (\u00d6ppnas i ett nytt f\u00f6nster)<\/span><\/a><\/li><li class=\"share-linkedin\"><a rel=\"nofollow noopener noreferrer\" data-shared=\"sharing-linkedin-155\" class=\"share-linkedin sd-button share-icon no-text\" href=\"https:\/\/www.hendrik.maekeler.eu\/se\/kaufleute-im-spaten-mittelalter\/?share=linkedin\" target=\"_blank\" title=\"Klicka f\u00f6r att dela via LinkedIn\"><span><\/span><span class=\"sharing-screen-reader-text\">Klicka f\u00f6r att dela via LinkedIn (\u00d6ppnas i ett nytt f\u00f6nster)<\/span><\/a><\/li><li class=\"share-pinterest\"><a rel=\"nofollow noopener noreferrer\" data-shared=\"sharing-pinterest-155\" class=\"share-pinterest sd-button share-icon no-text\" href=\"https:\/\/www.hendrik.maekeler.eu\/se\/kaufleute-im-spaten-mittelalter\/?share=pinterest\" target=\"_blank\" title=\"Klicka f\u00f6r att dela till Pinterest\"><span><\/span><span class=\"sharing-screen-reader-text\">Klicka f\u00f6r att dela till Pinterest (\u00d6ppnas i ett nytt f\u00f6nster)<\/span><\/a><\/li><li class=\"share-reddit\"><a rel=\"nofollow noopener noreferrer\" data-shared=\"\" class=\"share-reddit sd-button share-icon no-text\" href=\"https:\/\/www.hendrik.maekeler.eu\/se\/kaufleute-im-spaten-mittelalter\/?share=reddit\" target=\"_blank\" title=\"Klicka f\u00f6r att dela p\u00e5 Reddit\"><span><\/span><span class=\"sharing-screen-reader-text\">Klicka f\u00f6r att dela p\u00e5 Reddit (\u00d6ppnas i ett nytt f\u00f6nster)<\/span><\/a><\/li><li class=\"share-tumblr\"><a rel=\"nofollow noopener noreferrer\" data-shared=\"\" class=\"share-tumblr sd-button share-icon no-text\" href=\"https:\/\/www.hendrik.maekeler.eu\/se\/kaufleute-im-spaten-mittelalter\/?share=tumblr\" target=\"_blank\" title=\"Klicka f\u00f6r att dela p\u00e5 Tumblr\"><span><\/span><span class=\"sharing-screen-reader-text\">Klicka f\u00f6r att dela p\u00e5 Tumblr (\u00d6ppnas i ett nytt f\u00f6nster)<\/span><\/a><\/li><li class=\"share-jetpack-whatsapp\"><a rel=\"nofollow noopener noreferrer\" data-shared=\"\" class=\"share-jetpack-whatsapp sd-button share-icon no-text\" href=\"https:\/\/www.hendrik.maekeler.eu\/se\/kaufleute-im-spaten-mittelalter\/?share=jetpack-whatsapp\" target=\"_blank\" title=\"Klicka f\u00f6r att dela p\u00e5 WhatsApp\"><span><\/span><span class=\"sharing-screen-reader-text\">Klicka f\u00f6r att dela p\u00e5 WhatsApp (\u00d6ppnas i ett nytt f\u00f6nster)<\/span><\/a><\/li><li class=\"share-end\"><\/li><\/ul><\/div><\/div><\/div>","protected":false},"excerpt":{"rendered":"<p>Tyv\u00e4rr \u00e4r denna artikel enbart tillg\u00e4nglig p\u00e5 Tyska.Christian-Albrechts-Universit\u00e4t zu Kiel Historisches Seminar \u00dcbung, 2 SWS Zeit und Ort: Fr 8:30 &#8211; 10:00, Leibniszstra\u00dfe 8 &#8211; R.101\/102 Kaufleute im Mittelalter \u2013 das waren sehr unterschiedliche Menschen, deren Denken doch bestimmte Gemeinsamkeiten kennzeichneten. Zu nennen sind in erster Linie Gewinnstreben und Rechenhaftigkeit bzw. Rationalit\u00e4t, aber auch eine&hellip; <a class=\"more-link\" href=\"https:\/\/www.hendrik.maekeler.eu\/se\/kaufleute-im-spaten-mittelalter\/\">Forts\u00e4tt l\u00e4sa <span class=\"screen-reader-text\">K\u00f6pm\u00e4n p\u00e5 senmedeltiden<\/span><\/a><\/p>\n<div class=\"sharedaddy sd-sharing-enabled\"><div class=\"robots-nocontent sd-block sd-social sd-social-icon sd-sharing\"><div class=\"sd-content\"><ul><li class=\"share-email\"><a rel=\"nofollow noopener noreferrer\" data-shared=\"\" class=\"share-email sd-button share-icon no-text\" href=\"https:\/\/www.hendrik.maekeler.eu\/se\/kaufleute-im-spaten-mittelalter\/?share=email\" target=\"_blank\" title=\"Klicka f\u00f6r att e-posta detta till en v\u00e4n\"><span><\/span><span class=\"sharing-screen-reader-text\">Klicka f\u00f6r att e-posta detta till en v\u00e4n (\u00d6ppnas i ett nytt f\u00f6nster)<\/span><\/a><\/li><li class=\"share-print\"><a rel=\"nofollow noopener noreferrer\" data-shared=\"\" class=\"share-print sd-button share-icon no-text\" href=\"https:\/\/www.hendrik.maekeler.eu\/se\/kaufleute-im-spaten-mittelalter\/\" target=\"_blank\" title=\"Klicka f\u00f6r utskrift\"><span><\/span><span class=\"sharing-screen-reader-text\">Klicka f\u00f6r utskrift (\u00d6ppnas i ett nytt f\u00f6nster)<\/span><\/a><\/li><li class=\"share-facebook\"><a rel=\"nofollow noopener noreferrer\" data-shared=\"sharing-facebook-155\" class=\"share-facebook sd-button share-icon no-text\" href=\"https:\/\/www.hendrik.maekeler.eu\/se\/kaufleute-im-spaten-mittelalter\/?share=facebook\" target=\"_blank\" title=\"Klicka f\u00f6r att dela p\u00e5 Facebook\"><span><\/span><span class=\"sharing-screen-reader-text\">Klicka f\u00f6r att dela p\u00e5 Facebook (\u00d6ppnas i ett nytt f\u00f6nster)<\/span><\/a><\/li><li class=\"share-twitter\"><a rel=\"nofollow noopener noreferrer\" data-shared=\"sharing-twitter-155\" class=\"share-twitter sd-button share-icon no-text\" href=\"https:\/\/www.hendrik.maekeler.eu\/se\/kaufleute-im-spaten-mittelalter\/?share=twitter\" target=\"_blank\" title=\"Klicka f\u00f6r att dela p\u00e5 Twitter\"><span><\/span><span class=\"sharing-screen-reader-text\">Klicka f\u00f6r att dela p\u00e5 Twitter (\u00d6ppnas i ett nytt f\u00f6nster)<\/span><\/a><\/li><li class=\"share-linkedin\"><a rel=\"nofollow noopener noreferrer\" data-shared=\"sharing-linkedin-155\" class=\"share-linkedin sd-button share-icon no-text\" href=\"https:\/\/www.hendrik.maekeler.eu\/se\/kaufleute-im-spaten-mittelalter\/?share=linkedin\" target=\"_blank\" title=\"Klicka f\u00f6r att dela via LinkedIn\"><span><\/span><span class=\"sharing-screen-reader-text\">Klicka f\u00f6r att dela via LinkedIn (\u00d6ppnas i ett nytt f\u00f6nster)<\/span><\/a><\/li><li class=\"share-pinterest\"><a rel=\"nofollow noopener noreferrer\" data-shared=\"sharing-pinterest-155\" class=\"share-pinterest sd-button share-icon no-text\" href=\"https:\/\/www.hendrik.maekeler.eu\/se\/kaufleute-im-spaten-mittelalter\/?share=pinterest\" target=\"_blank\" title=\"Klicka f\u00f6r att dela till Pinterest\"><span><\/span><span class=\"sharing-screen-reader-text\">Klicka f\u00f6r att dela till Pinterest (\u00d6ppnas i ett nytt f\u00f6nster)<\/span><\/a><\/li><li class=\"share-reddit\"><a rel=\"nofollow noopener noreferrer\" data-shared=\"\" class=\"share-reddit sd-button share-icon no-text\" href=\"https:\/\/www.hendrik.maekeler.eu\/se\/kaufleute-im-spaten-mittelalter\/?share=reddit\" target=\"_blank\" title=\"Klicka f\u00f6r att dela p\u00e5 Reddit\"><span><\/span><span class=\"sharing-screen-reader-text\">Klicka f\u00f6r att dela p\u00e5 Reddit (\u00d6ppnas i ett nytt f\u00f6nster)<\/span><\/a><\/li><li class=\"share-tumblr\"><a rel=\"nofollow noopener noreferrer\" data-shared=\"\" class=\"share-tumblr sd-button share-icon no-text\" href=\"https:\/\/www.hendrik.maekeler.eu\/se\/kaufleute-im-spaten-mittelalter\/?share=tumblr\" target=\"_blank\" title=\"Klicka f\u00f6r att dela p\u00e5 Tumblr\"><span><\/span><span class=\"sharing-screen-reader-text\">Klicka f\u00f6r att dela p\u00e5 Tumblr (\u00d6ppnas i ett nytt f\u00f6nster)<\/span><\/a><\/li><li class=\"share-jetpack-whatsapp\"><a rel=\"nofollow noopener noreferrer\" data-shared=\"\" class=\"share-jetpack-whatsapp sd-button share-icon no-text\" href=\"https:\/\/www.hendrik.maekeler.eu\/se\/kaufleute-im-spaten-mittelalter\/?share=jetpack-whatsapp\" target=\"_blank\" title=\"Klicka f\u00f6r att dela p\u00e5 WhatsApp\"><span><\/span><span class=\"sharing-screen-reader-text\">Klicka f\u00f6r att dela p\u00e5 WhatsApp (\u00d6ppnas i ett nytt f\u00f6nster)<\/span><\/a><\/li><li class=\"share-end\"><\/li><\/ul><\/div><\/div><\/div>","protected":false},"author":1,"featured_media":0,"comment_status":"closed","ping_status":"closed","sticky":false,"template":"","format":"standard","meta":{"spay_email":"","jetpack_publicize_message":"","jetpack_is_tweetstorm":false,"jetpack_publicize_feature_enabled":true},"categories":[16],"tags":[289,293,273,268,167,281,242,263,201,251,277,270,284,261,260,240,290,288,219,266,100,237,287,279,280,285,258,255,271,292,244,294,272,253,254,236,47,241,282,174,262,247,275,278,257,291,98,243,286,245,239,238,256,164,265,249,259,267,129,248,283,276,479,250,264,246,252,269],"geo":{"latitude":54.34560780000000335121512762270867824554443359375,"longitude":10.11119839999999925339579931460320949554443359375,"description":"Leibnizstra\u00dfe 4, 24118 Kiel, Germany"},"jetpack_featured_media_url":"","jetpack_publicize_connections":[],"jetpack_sharing_enabled":true,"jetpack_shortlink":"https:\/\/wp.me\/p3fDqY-2v","jetpack-related-posts":[{"id":230,"url":"https:\/\/www.hendrik.maekeler.eu\/se\/das-rechnungsbuch-des-speyerer-druckherrn-peter-drach-d-m-um-1450-1504\/","url_meta":{"origin":155,"position":0},"title":"Das Rechnungsbuch des Speyerer Druckherrn Peter Drach d.M. (um 1450-1504)","date":"2009\/09\/27","format":false,"excerpt":"Das Rechnungsbuch des Speyerer Druckherrn Peter Drach\u00a0d.M. (um 1450-1504) (Sach\u00fcberlieferung und Geschichte, 38), St.\u00a0Katharinen 2005. 382 S. [Projektbeschreibung]. Rezensionen: Mitteilungen der Vereinigung \u00d6sterreichischer Bibliothekarinnen und Bibliothekare 60 (2007) 1, S. 86-88 (Josef Pauser). IASL online [17.09.2007] (Elisabeth Wunderle). Aus dem Antiquariat. Zeitschrift f\u00fcr Antiquare und B\u00fcchersammler, Neue Folge 5 (2007),\u2026","rel":"","context":"I &quot;Monografier&quot;","img":{"alt_text":"","src":"https:\/\/i2.wp.com\/www.hendrik.maekeler.eu\/drachtitel.jpg?resize=350%2C200","width":350,"height":200},"classes":[]},{"id":734,"url":"https:\/\/www.hendrik.maekeler.eu\/se\/das-rechnungsbuch-des-speyerer-druckherrn-peter-drach-d-m\/","url_meta":{"origin":155,"position":1},"title":"Magisteravhandling: Boktryckaren Peter Drach i Speyer och hans r\u00e4kenskapsbok","date":"2009\/10\/04","format":false,"excerpt":"Das Rechnungsbuch des Speyerer Druckherrn Peter Drach d.M. ist eine einzigartige Quelle f\u00fcr die Untersuchung des inkunabelzeitlichen Buchhandels. Die Auswertung des Rechnungsbuches zeigt, dass Drachs \u00d6konomie wesentlich auf der Arbeitsbeteiligung seiner Familie beruhte, deren Mitglieder in dieser Arbeit ausf\u00fchrlich vorgestellt werden. Das Kapital, das f\u00fcr die Drucke gebraucht wurde, konnte\u2026","rel":"","context":"I &quot;Forskningsprojekt&quot;","img":{"alt_text":"","src":"https:\/\/i2.wp.com\/www.hendrik.maekeler.eu\/drachtitel.jpg?resize=350%2C200","width":350,"height":200},"classes":[]},{"id":425,"url":"https:\/\/www.hendrik.maekeler.eu\/se\/wolfgang-trapp-torsten-fried-handbuch-der-munzkunde-und-des-geldwesens-in-deutschland\/","url_meta":{"origin":155,"position":2},"title":"Wolfgang Trapp \/ Torsten Fried, Handbuch der M\u00fcnzkunde und des Geldwesens in Deutschland","date":"2009\/09\/28","format":false,"excerpt":"Wolfgang Trapp \/ Torsten Fried, Handbuch der M\u00fcnzkunde und des Geldwesens in Deutschland [\u2026], in: Bankhistorisches Archiv 32 (2006), S.\u00a0147f. \u00a0 Rezension Bei dem vorliegenden Band handelt es sich um die Neuauflage eines Reclam-B\u00e4ndchens, das 1999 in erster Auflage von Wolfgang Trapp (1918-2003) unter dem Titel \u201eKleines Handbuch der M\u00fcnzkunde\u2026","rel":"","context":"I &quot;Recensioner&quot;","img":{"alt_text":"","src":"","width":0,"height":0},"classes":[]},{"id":404,"url":"https:\/\/www.hendrik.maekeler.eu\/se\/markus-a-denzel-jean-claude-hocquet-und-harald-witthoft-hrsg-kaufmannsbucher-und-handelspraktiken-vom-spatmittelalter-bis-zum-20-jahrhundert\/","url_meta":{"origin":155,"position":3},"title":"Markus A. Denzel, Jean Claude Hocquet und Harald Witth\u00f6ft (Hrsg.): Kaufmannsb\u00fccher und Handelspraktiken vom Sp\u00e4tmittelalter bis zum 20. Jahrhundert","date":"2009\/09\/28","format":false,"excerpt":"Markus A. Denzel, Jean Claude Hocquet und Harald Witth\u00f6ft (Hrsg.): Kaufmannsb\u00fccher und Handelspraktiken vom Sp\u00e4tmittelalter bis zum 20. Jahrhundert \u2013 Merchant\u2019s Books and Mercantile Pratiche from the Late Middle Ages to the Beginnings of the 20th Century (Vierteljahrschrift f\u00fcr Sozial- und Wirtschaftsgeschichte, Beihefte 163) [\u2026], in: Geldgeschichtliche Nachrichten 38 (2003)\u2026","rel":"","context":"I &quot;Recensioner&quot;","img":{"alt_text":"","src":"","width":0,"height":0},"classes":[]},{"id":598,"url":"https:\/\/www.hendrik.maekeler.eu\/se\/handel-auf-rechnung-kaufmannische-praxis-und-schriftlichkeit-am-oberrhein-im-spaten-mittelalter-peter-drach\/","url_meta":{"origin":155,"position":4},"title":"Handel auf Rechnung. Kaufm\u00e4nnische Praxis und Schriftlichkeit am Oberrhein im sp\u00e4ten Mittelalter \u2013 Peter Drach","date":"2009\/10\/03","format":false,"excerpt":"Arbeitsgemeinschaft f\u00fcr geschichtliche Landeskunde am Oberrhein, Generallandesarchiv Karlsruhe, 3. Juni 2005: \u201eHandel auf Rechnung. Kaufm\u00e4nnische Praxis und Schriftlichkeit am Oberrhein im sp\u00e4ten Mittelalter \u2013 Peter Drach\u201c (gemeinsam mit Matthias Steinbrink, der im ersten Vortragsteil \u00fcber Ulrich Meltinger sprach)Arbeitsgemeinschaft f\u00fcr geschichtliche Landeskunde am Oberrhein, Generallandesarchiv Karlsruhe, June 3rd, 2005: \u201cHandel auf\u2026","rel":"","context":"I &quot;Tidigare konferenser&quot;","img":{"alt_text":"","src":"","width":0,"height":0},"classes":[]},{"id":304,"url":"https:\/\/www.hendrik.maekeler.eu\/se\/gerd-dethlefs-das-marsberger-munzwesen-im-mittelalter\/","url_meta":{"origin":155,"position":5},"title":"Gerd Dethlefs: Das Marsberger M\u00fcnzwesen im Mittelalter","date":"2009\/09\/28","format":false,"excerpt":"Gerd Dethlefs: Das Marsberger M\u00fcnzwesen im Mittelalter. Zur Wirtschafts- und Sozialgeschichte einer s\u00fcdwestf\u00e4lischen Stadt um 900-1300 [\u2026], in: Geldgeschichtliche Nachrichten 36 (2001) 201, S. 47f. Rezension Die vorliegende Untersuchung \u00fcber das mittelalterliche Marsberger M\u00fcnzwesen wurde bereits 1984 von Gerd Dethlefs \u2013 heute am Westf\u00e4lischen Landesmuseum f\u00fcr Kunst und Kulturgeschichte M\u00fcnster\u2026","rel":"","context":"I &quot;Recensioner&quot;","img":{"alt_text":"","src":"","width":0,"height":0},"classes":[]}],"_links":{"self":[{"href":"https:\/\/www.hendrik.maekeler.eu\/se\/wp-json\/wp\/v2\/posts\/155"}],"collection":[{"href":"https:\/\/www.hendrik.maekeler.eu\/se\/wp-json\/wp\/v2\/posts"}],"about":[{"href":"https:\/\/www.hendrik.maekeler.eu\/se\/wp-json\/wp\/v2\/types\/post"}],"author":[{"embeddable":true,"href":"https:\/\/www.hendrik.maekeler.eu\/se\/wp-json\/wp\/v2\/users\/1"}],"replies":[{"embeddable":true,"href":"https:\/\/www.hendrik.maekeler.eu\/se\/wp-json\/wp\/v2\/comments?post=155"}],"version-history":[{"count":10,"href":"https:\/\/www.hendrik.maekeler.eu\/se\/wp-json\/wp\/v2\/posts\/155\/revisions"}],"predecessor-version":[{"id":1882,"href":"https:\/\/www.hendrik.maekeler.eu\/se\/wp-json\/wp\/v2\/posts\/155\/revisions\/1882"}],"wp:attachment":[{"href":"https:\/\/www.hendrik.maekeler.eu\/se\/wp-json\/wp\/v2\/media?parent=155"}],"wp:term":[{"taxonomy":"category","embeddable":true,"href":"https:\/\/www.hendrik.maekeler.eu\/se\/wp-json\/wp\/v2\/categories?post=155"},{"taxonomy":"post_tag","embeddable":true,"href":"https:\/\/www.hendrik.maekeler.eu\/se\/wp-json\/wp\/v2\/tags?post=155"}],"curies":[{"name":"wp","href":"https:\/\/api.w.org\/{rel}","templated":true}]}}