{"id":2209,"date":"2016-04-04T14:07:21","date_gmt":"2016-04-04T13:07:21","guid":{"rendered":"http:\/\/www.hendrik.maekeler.eu\/?p=2209"},"modified":"2017-03-12T16:14:06","modified_gmt":"2017-03-12T15:14:06","slug":"digital-humaniora-och-museerna","status":"publish","type":"post","link":"https:\/\/www.hendrik.maekeler.eu\/se\/digital-humaniora-och-museerna\/","title":{"rendered":"(Deutsch) Digital humaniora och museerna"},"content":{"rendered":"<p class=\"qtranxs-available-languages-message qtranxs-available-languages-message-se\">Tyv\u00e4rr \u00e4r denna artikel enbart tillg\u00e4nglig p\u00e5 <a href=\"https:\/\/www.hendrik.maekeler.eu\/de\/wp-json\/wp\/v2\/posts\/2209\" class=\"qtranxs-available-language-link qtranxs-available-language-link-de\" title=\"Deutsch\">Tyska<\/a>.<\/p><p>Forum f\u00f6r Digital Humaniora, Uppsala, 4. April 2016, 14-16 Uhr (Carolina Rediviva): &#8221;Digital humaniora och museerna&#8221;<\/p>\n<p><div class=\"gm-map\" style=\"position: relative;height: 200px; width: 200px;\"><iframe name=\"gm-map-1\" allowfullscreen src=\"https:\/\/www.hendrik.maekeler.eu\/se\/?geo_mashup_content=render-map&amp;map_data_key=307763f49437a360658268d6e1b88780&amp;name=gm-map-1&amp;map_content=contextual&amp;error_comment=&lt;!-- Geo Mashup found no objects to map in this context--&gt;\" style=\"position: absolute; top: 0; left: 0; width: 100%; height: 100%; border: none; overflow: hidden;\"><\/iframe><\/div><\/p>\n<div class=\"sharedaddy sd-sharing-enabled\"><div class=\"robots-nocontent sd-block sd-social sd-social-icon sd-sharing\"><div class=\"sd-content\"><ul><li class=\"share-email\"><a rel=\"nofollow noopener noreferrer\" data-shared=\"\" class=\"share-email sd-button share-icon no-text\" href=\"https:\/\/www.hendrik.maekeler.eu\/se\/digital-humaniora-och-museerna\/?share=email\" target=\"_blank\" title=\"Klicka f\u00f6r att e-posta detta till en v\u00e4n\"><span><\/span><span class=\"sharing-screen-reader-text\">Klicka f\u00f6r att e-posta detta till en v\u00e4n (\u00d6ppnas i ett nytt f\u00f6nster)<\/span><\/a><\/li><li class=\"share-print\"><a rel=\"nofollow noopener noreferrer\" data-shared=\"\" class=\"share-print sd-button share-icon no-text\" href=\"https:\/\/www.hendrik.maekeler.eu\/se\/digital-humaniora-och-museerna\/\" target=\"_blank\" title=\"Klicka f\u00f6r utskrift\"><span><\/span><span class=\"sharing-screen-reader-text\">Klicka f\u00f6r utskrift (\u00d6ppnas i ett nytt f\u00f6nster)<\/span><\/a><\/li><li class=\"share-facebook\"><a rel=\"nofollow noopener noreferrer\" data-shared=\"sharing-facebook-2209\" class=\"share-facebook sd-button share-icon no-text\" href=\"https:\/\/www.hendrik.maekeler.eu\/se\/digital-humaniora-och-museerna\/?share=facebook\" target=\"_blank\" title=\"Klicka f\u00f6r att dela p\u00e5 Facebook\"><span><\/span><span class=\"sharing-screen-reader-text\">Klicka f\u00f6r att dela p\u00e5 Facebook (\u00d6ppnas i ett nytt f\u00f6nster)<\/span><\/a><\/li><li class=\"share-twitter\"><a rel=\"nofollow noopener noreferrer\" data-shared=\"sharing-twitter-2209\" class=\"share-twitter sd-button share-icon no-text\" href=\"https:\/\/www.hendrik.maekeler.eu\/se\/digital-humaniora-och-museerna\/?share=twitter\" target=\"_blank\" title=\"Klicka f\u00f6r att dela p\u00e5 Twitter\"><span><\/span><span class=\"sharing-screen-reader-text\">Klicka f\u00f6r att dela p\u00e5 Twitter (\u00d6ppnas i ett nytt f\u00f6nster)<\/span><\/a><\/li><li class=\"share-linkedin\"><a rel=\"nofollow noopener noreferrer\" data-shared=\"sharing-linkedin-2209\" class=\"share-linkedin sd-button share-icon no-text\" href=\"https:\/\/www.hendrik.maekeler.eu\/se\/digital-humaniora-och-museerna\/?share=linkedin\" target=\"_blank\" title=\"Klicka f\u00f6r att dela via LinkedIn\"><span><\/span><span class=\"sharing-screen-reader-text\">Klicka f\u00f6r att dela via LinkedIn (\u00d6ppnas i ett nytt f\u00f6nster)<\/span><\/a><\/li><li class=\"share-pinterest\"><a rel=\"nofollow noopener noreferrer\" data-shared=\"sharing-pinterest-2209\" class=\"share-pinterest sd-button share-icon no-text\" href=\"https:\/\/www.hendrik.maekeler.eu\/se\/digital-humaniora-och-museerna\/?share=pinterest\" target=\"_blank\" title=\"Klicka f\u00f6r att dela till Pinterest\"><span><\/span><span class=\"sharing-screen-reader-text\">Klicka f\u00f6r att dela till Pinterest (\u00d6ppnas i ett nytt f\u00f6nster)<\/span><\/a><\/li><li class=\"share-reddit\"><a rel=\"nofollow noopener noreferrer\" data-shared=\"\" class=\"share-reddit sd-button share-icon no-text\" href=\"https:\/\/www.hendrik.maekeler.eu\/se\/digital-humaniora-och-museerna\/?share=reddit\" target=\"_blank\" title=\"Klicka f\u00f6r att dela p\u00e5 Reddit\"><span><\/span><span class=\"sharing-screen-reader-text\">Klicka f\u00f6r att dela p\u00e5 Reddit (\u00d6ppnas i ett nytt f\u00f6nster)<\/span><\/a><\/li><li class=\"share-tumblr\"><a rel=\"nofollow noopener noreferrer\" data-shared=\"\" class=\"share-tumblr sd-button share-icon no-text\" href=\"https:\/\/www.hendrik.maekeler.eu\/se\/digital-humaniora-och-museerna\/?share=tumblr\" target=\"_blank\" title=\"Klicka f\u00f6r att dela p\u00e5 Tumblr\"><span><\/span><span class=\"sharing-screen-reader-text\">Klicka f\u00f6r att dela p\u00e5 Tumblr (\u00d6ppnas i ett nytt f\u00f6nster)<\/span><\/a><\/li><li class=\"share-jetpack-whatsapp\"><a rel=\"nofollow noopener noreferrer\" data-shared=\"\" class=\"share-jetpack-whatsapp sd-button share-icon no-text\" href=\"https:\/\/www.hendrik.maekeler.eu\/se\/digital-humaniora-och-museerna\/?share=jetpack-whatsapp\" target=\"_blank\" title=\"Klicka f\u00f6r att dela p\u00e5 WhatsApp\"><span><\/span><span class=\"sharing-screen-reader-text\">Klicka f\u00f6r att dela p\u00e5 WhatsApp (\u00d6ppnas i ett nytt f\u00f6nster)<\/span><\/a><\/li><li class=\"share-end\"><\/li><\/ul><\/div><\/div><\/div>","protected":false},"excerpt":{"rendered":"<p>Tyv\u00e4rr \u00e4r denna artikel enbart tillg\u00e4nglig p\u00e5 Tyska.Forum f\u00f6r Digital Humaniora, Uppsala, 4. April 2016, 14-16 Uhr (Carolina Rediviva): &#8221;Digital humaniora och museerna&#8221;<\/p>\n<div class=\"sharedaddy sd-sharing-enabled\"><div class=\"robots-nocontent sd-block sd-social sd-social-icon sd-sharing\"><div class=\"sd-content\"><ul><li class=\"share-email\"><a rel=\"nofollow noopener noreferrer\" data-shared=\"\" class=\"share-email sd-button share-icon no-text\" href=\"https:\/\/www.hendrik.maekeler.eu\/se\/digital-humaniora-och-museerna\/?share=email\" target=\"_blank\" title=\"Klicka f\u00f6r att e-posta detta till en v\u00e4n\"><span><\/span><span class=\"sharing-screen-reader-text\">Klicka f\u00f6r att e-posta detta till en v\u00e4n (\u00d6ppnas i ett nytt f\u00f6nster)<\/span><\/a><\/li><li class=\"share-print\"><a rel=\"nofollow noopener noreferrer\" data-shared=\"\" class=\"share-print sd-button share-icon no-text\" href=\"https:\/\/www.hendrik.maekeler.eu\/se\/digital-humaniora-och-museerna\/\" target=\"_blank\" title=\"Klicka f\u00f6r utskrift\"><span><\/span><span class=\"sharing-screen-reader-text\">Klicka f\u00f6r utskrift (\u00d6ppnas i ett nytt f\u00f6nster)<\/span><\/a><\/li><li class=\"share-facebook\"><a rel=\"nofollow noopener noreferrer\" data-shared=\"sharing-facebook-2209\" class=\"share-facebook sd-button share-icon no-text\" href=\"https:\/\/www.hendrik.maekeler.eu\/se\/digital-humaniora-och-museerna\/?share=facebook\" target=\"_blank\" title=\"Klicka f\u00f6r att dela p\u00e5 Facebook\"><span><\/span><span class=\"sharing-screen-reader-text\">Klicka f\u00f6r att dela p\u00e5 Facebook (\u00d6ppnas i ett nytt f\u00f6nster)<\/span><\/a><\/li><li class=\"share-twitter\"><a rel=\"nofollow noopener noreferrer\" data-shared=\"sharing-twitter-2209\" class=\"share-twitter sd-button share-icon no-text\" href=\"https:\/\/www.hendrik.maekeler.eu\/se\/digital-humaniora-och-museerna\/?share=twitter\" target=\"_blank\" title=\"Klicka f\u00f6r att dela p\u00e5 Twitter\"><span><\/span><span class=\"sharing-screen-reader-text\">Klicka f\u00f6r att dela p\u00e5 Twitter (\u00d6ppnas i ett nytt f\u00f6nster)<\/span><\/a><\/li><li class=\"share-linkedin\"><a rel=\"nofollow noopener noreferrer\" data-shared=\"sharing-linkedin-2209\" class=\"share-linkedin sd-button share-icon no-text\" href=\"https:\/\/www.hendrik.maekeler.eu\/se\/digital-humaniora-och-museerna\/?share=linkedin\" target=\"_blank\" title=\"Klicka f\u00f6r att dela via LinkedIn\"><span><\/span><span class=\"sharing-screen-reader-text\">Klicka f\u00f6r att dela via LinkedIn (\u00d6ppnas i ett nytt f\u00f6nster)<\/span><\/a><\/li><li class=\"share-pinterest\"><a rel=\"nofollow noopener noreferrer\" data-shared=\"sharing-pinterest-2209\" class=\"share-pinterest sd-button share-icon no-text\" href=\"https:\/\/www.hendrik.maekeler.eu\/se\/digital-humaniora-och-museerna\/?share=pinterest\" target=\"_blank\" title=\"Klicka f\u00f6r att dela till Pinterest\"><span><\/span><span class=\"sharing-screen-reader-text\">Klicka f\u00f6r att dela till Pinterest (\u00d6ppnas i ett nytt f\u00f6nster)<\/span><\/a><\/li><li class=\"share-reddit\"><a rel=\"nofollow noopener noreferrer\" data-shared=\"\" class=\"share-reddit sd-button share-icon no-text\" href=\"https:\/\/www.hendrik.maekeler.eu\/se\/digital-humaniora-och-museerna\/?share=reddit\" target=\"_blank\" title=\"Klicka f\u00f6r att dela p\u00e5 Reddit\"><span><\/span><span class=\"sharing-screen-reader-text\">Klicka f\u00f6r att dela p\u00e5 Reddit (\u00d6ppnas i ett nytt f\u00f6nster)<\/span><\/a><\/li><li class=\"share-tumblr\"><a rel=\"nofollow noopener noreferrer\" data-shared=\"\" class=\"share-tumblr sd-button share-icon no-text\" href=\"https:\/\/www.hendrik.maekeler.eu\/se\/digital-humaniora-och-museerna\/?share=tumblr\" target=\"_blank\" title=\"Klicka f\u00f6r att dela p\u00e5 Tumblr\"><span><\/span><span class=\"sharing-screen-reader-text\">Klicka f\u00f6r att dela p\u00e5 Tumblr (\u00d6ppnas i ett nytt f\u00f6nster)<\/span><\/a><\/li><li class=\"share-jetpack-whatsapp\"><a rel=\"nofollow noopener noreferrer\" data-shared=\"\" class=\"share-jetpack-whatsapp sd-button share-icon no-text\" href=\"https:\/\/www.hendrik.maekeler.eu\/se\/digital-humaniora-och-museerna\/?share=jetpack-whatsapp\" target=\"_blank\" title=\"Klicka f\u00f6r att dela p\u00e5 WhatsApp\"><span><\/span><span class=\"sharing-screen-reader-text\">Klicka f\u00f6r att dela p\u00e5 WhatsApp (\u00d6ppnas i ett nytt f\u00f6nster)<\/span><\/a><\/li><li class=\"share-end\"><\/li><\/ul><\/div><\/div><\/div>","protected":false},"author":1,"featured_media":0,"comment_status":"closed","ping_status":"closed","sticky":false,"template":"","format":"standard","meta":{"spay_email":"","jetpack_publicize_message":"Digital humaniora och museerna","jetpack_is_tweetstorm":false,"jetpack_publicize_feature_enabled":true},"categories":[474],"tags":[925,936,924,959],"geo":{"latitude":59.85512539999999859219315112568438053131103515625,"longitude":17.63139340000000032659954740665853023529052734375,"description":"Carolina Rediviva, Dag Hammarskj\u00f6lds v\u00e4g 1, 752 37 Uppsala, Schweden"},"jetpack_featured_media_url":"","jetpack_publicize_connections":[],"jetpack_sharing_enabled":true,"jetpack_shortlink":"https:\/\/wp.me\/p3fDqY-zD","jetpack-related-posts":[{"id":2150,"url":"https:\/\/www.hendrik.maekeler.eu\/se\/alan-alvin-och-algoritmer-digitala-humaniora-vid-uppsala-universitets-myntkabinett\/","url_meta":{"origin":2209,"position":0},"title":"(Deutsch) Alan, Alvin och algoritmer. Digitala humaniora vid Uppsala universitets myntkabinett","date":"2017\/03\/04","format":false,"excerpt":"Tyv\u00e4rr \u00e4r denna artikel enbart tillg\u00e4nglig p\u00e5 Tyska.Hendrik M\u00e4keler: Alan, Alvin och algoritmer. Digitala humaniora vid Uppsala universitets myntkabinett, in: Svensk Numismatisk Tidskrift (2017) 2, S. 32-35. http:\/\/urn.kb.se\/resolve?urn=urn:nbn:se:uu:diva-316600","rel":"","context":"I &quot;Mindre artiklar&quot;","img":{"alt_text":"","src":"","width":0,"height":0},"classes":[]},{"id":2249,"url":"https:\/\/www.hendrik.maekeler.eu\/se\/att-bygga-en-digital-numismatisk-forskningsinfrastruktur-foer-sverige\/","url_meta":{"origin":2209,"position":1},"title":"Att bygga en digital numismatisk forskningsinfrastruktur f\u00f6r Sverige","date":"2017\/06\/26","format":false,"excerpt":"Hendrik M\u00e4keler:\u00a0Att bygga en digital numismatisk forskningsinfrastruktur f\u00f6r Sverige, i:\u00a0Nordisk Numismatisk Unions medlemsblad (2017) 2, s 37-44. http:\/\/urn.kb.se\/resolve?urn=urn:nbn:se:uu:diva-319589 \u00a0 Artikeln ing\u00e5r i ett temanummer av Nordisk Numismatisk Unions Medlemsblad som handlar om Uppsala universitets myntkabinetts digitaliseringsarbete inom ramen f\u00f6r den nationella kulturarvsportalen www.alvin-portal.org. Ytterligare tv\u00e5 artiklar har skrivits av Ragnar\u2026","rel":"","context":"I &quot;Artiklar&quot;","img":{"alt_text":"","src":"","width":0,"height":0},"classes":[]},{"id":2134,"url":"https:\/\/www.hendrik.maekeler.eu\/se\/hilfswissenschaftliche-kenntnisse-fuer-ignoti-eine-schwedische-perspektive\/","url_meta":{"origin":2209,"position":2},"title":"(Deutsch) Hilfswissenschaftliche Kenntnisse f\u00fcr ignoti. Eine schwedische Perspektive","date":"2016\/01\/30","format":false,"excerpt":"Tyv\u00e4rr \u00e4r denna artikel enbart tillg\u00e4nglig p\u00e5 Tyska.Hendrik M\u00e4keler: Hilfswissenschaftliche Kenntnisse f\u00fcr ignoti. Eine schwedische Perspektive, in: H-Soz-Kult, 30.01.2016 (www.hsozkult.de\/debate\/id\/diskussionen-2970).","rel":"","context":"I &quot;Mindre artiklar&quot;","img":{"alt_text":"","src":"","width":0,"height":0},"classes":[]},{"id":208,"url":"https:\/\/www.hendrik.maekeler.eu\/se\/digitale-fotografie\/","url_meta":{"origin":2209,"position":3},"title":"Digitalfotografi","date":"2009\/09\/27","format":false,"excerpt":"Wenn man M\u00fcnzen aus Museen in aller Herren L\u00e4nder verlgeichen und bearbeiten will, geht das nur mithilfe hochaufl\u00f6sender digitaler Fotos. Da die Kamera demgem\u00e4\u00df eh stets mit unterwegs ist, kann man gleich auch noch ein paar Bilder von Land und Leuten machen.","rel":"","context":"I &quot;Forskningsintressen&quot;","img":{"alt_text":"","src":"","width":0,"height":0},"classes":[]},{"id":2172,"url":"https:\/\/www.hendrik.maekeler.eu\/se\/uppsala-universitets-myntkabinetts-samling-innehaller-totalt-naermare-40-000-mynt-och-medaljer-fran-hela-vaerlden\/","url_meta":{"origin":2209,"position":4},"title":"(Deutsch) Uppsala universitets myntkabinetts samling inneh\u00e5ller totalt n\u00e4rmare 40 000 mynt och medaljer fr\u00e5n hela v\u00e4rlden","date":"2017\/03\/10","format":false,"excerpt":"Tyv\u00e4rr \u00e4r denna artikel enbart tillg\u00e4nglig p\u00e5 Tyska.Uppsala universitets myntkabinetts samling inneh\u00e5ller totalt n\u00e4rmare 40 000 mynt och medaljer fr\u00e5n hela v\u00e4rlden. Myntet p\u00e5 bilden \u00e4r myntkabinettets \u00e4ldsta mynt, in: Uppsala universitets \u00e5rsredovisning 2016, Uppsala 2017, S. 56.","rel":"","context":"I &quot;Digitala bilder&quot;","img":{"alt_text":"","src":"https:\/\/i1.wp.com\/www.hendrik.maekeler.eu\/wp-content\/uploads\/2017\/03\/arsredovisning2016-216x300.jpg?resize=350%2C200","width":350,"height":200},"classes":[]},{"id":1266,"url":"https:\/\/www.hendrik.maekeler.eu\/se\/leif-aberg-bland-medikamenter-och-decimalvagar\/","url_meta":{"origin":2209,"position":5},"title":"Leif \u00c5berg: Bland medikamenter och decimalv\u00e5gar","date":"2010\/12\/08","format":false,"excerpt":"Leif \u00c5berg: Bland medikamenter och decimalv\u00e5gar - om apotekens historia och Stig Ekstr\u00f6ms k\u00e4rlek till yrket, Uppsala 2010, Abb. S. 65.Leif \u00c5berg: Bland medikamenter och decimalv\u00e5gar - om apotekens historia och Stig Ekstr\u00f6ms k\u00e4rlek till yrket, Uppsala 2010, ill. p. 65.Leif \u00c5berg: Bland medikamenter och decimalv\u00e5gar - om apotekens historia\u2026","rel":"","context":"I &quot;Digitala bilder&quot;","img":{"alt_text":"","src":"","width":0,"height":0},"classes":[]}],"_links":{"self":[{"href":"https:\/\/www.hendrik.maekeler.eu\/se\/wp-json\/wp\/v2\/posts\/2209"}],"collection":[{"href":"https:\/\/www.hendrik.maekeler.eu\/se\/wp-json\/wp\/v2\/posts"}],"about":[{"href":"https:\/\/www.hendrik.maekeler.eu\/se\/wp-json\/wp\/v2\/types\/post"}],"author":[{"embeddable":true,"href":"https:\/\/www.hendrik.maekeler.eu\/se\/wp-json\/wp\/v2\/users\/1"}],"replies":[{"embeddable":true,"href":"https:\/\/www.hendrik.maekeler.eu\/se\/wp-json\/wp\/v2\/comments?post=2209"}],"version-history":[{"count":1,"href":"https:\/\/www.hendrik.maekeler.eu\/se\/wp-json\/wp\/v2\/posts\/2209\/revisions"}],"predecessor-version":[{"id":2210,"href":"https:\/\/www.hendrik.maekeler.eu\/se\/wp-json\/wp\/v2\/posts\/2209\/revisions\/2210"}],"wp:attachment":[{"href":"https:\/\/www.hendrik.maekeler.eu\/se\/wp-json\/wp\/v2\/media?parent=2209"}],"wp:term":[{"taxonomy":"category","embeddable":true,"href":"https:\/\/www.hendrik.maekeler.eu\/se\/wp-json\/wp\/v2\/categories?post=2209"},{"taxonomy":"post_tag","embeddable":true,"href":"https:\/\/www.hendrik.maekeler.eu\/se\/wp-json\/wp\/v2\/tags?post=2209"}],"curies":[{"name":"wp","href":"https:\/\/api.w.org\/{rel}","templated":true}]}}