{"id":2266,"date":"2018-04-15T13:52:48","date_gmt":"2018-04-15T12:52:48","guid":{"rendered":"http:\/\/www.hendrik.maekeler.eu\/?p=2266"},"modified":"2018-05-01T13:59:32","modified_gmt":"2018-05-01T12:59:32","slug":"osnabruecker-geld-im-30-jaehrigen-krieg","status":"publish","type":"post","link":"https:\/\/www.hendrik.maekeler.eu\/se\/osnabruecker-geld-im-30-jaehrigen-krieg\/","title":{"rendered":"(Deutsch) Osnabr\u00fccker Geld im 30-j\u00e4hrigen Krieg"},"content":{"rendered":"<p class=\"qtranxs-available-languages-message qtranxs-available-languages-message-se\">Tyv\u00e4rr \u00e4r denna artikel enbart tillg\u00e4nglig p\u00e5 <a href=\"https:\/\/www.hendrik.maekeler.eu\/de\/wp-json\/wp\/v2\/posts\/2266\" class=\"qtranxs-available-language-link qtranxs-available-language-link-de\" title=\"Deutsch\">Tyska<\/a>.<\/p><p><a href=\"https:\/\/noz-cdn.de\/lokales\/osnabrueck\/artikel\/1191672\/osnabruecker-geld-im-30-jaehrigen-krieg\">Joachim Dierks:\u00a0Osnabr\u00fccker Geld im 30-j\u00e4hrigen Krieg<\/a>, in: Neue Osnabr\u00fccker Zeitung vom 15. April 2018<\/p>\n<p><div class=\"gm-map\" style=\"position: relative;height: 200px; width: 200px;\"><iframe name=\"gm-map-1\" allowfullscreen src=\"https:\/\/www.hendrik.maekeler.eu\/se\/?geo_mashup_content=render-map&amp;map_data_key=307763f49437a360658268d6e1b88780&amp;name=gm-map-1&amp;map_content=contextual&amp;error_comment=&lt;!-- Geo Mashup found no objects to map in this context--&gt;\" style=\"position: absolute; top: 0; left: 0; width: 100%; height: 100%; border: none; overflow: hidden;\"><\/iframe><\/div><\/p>\n<div class=\"sharedaddy sd-sharing-enabled\"><div class=\"robots-nocontent sd-block sd-social sd-social-icon sd-sharing\"><div class=\"sd-content\"><ul><li class=\"share-email\"><a rel=\"nofollow noopener noreferrer\" data-shared=\"\" class=\"share-email sd-button share-icon no-text\" href=\"https:\/\/www.hendrik.maekeler.eu\/se\/osnabruecker-geld-im-30-jaehrigen-krieg\/?share=email\" target=\"_blank\" title=\"Klicka f\u00f6r att e-posta detta till en v\u00e4n\"><span><\/span><span class=\"sharing-screen-reader-text\">Klicka f\u00f6r att e-posta detta till en v\u00e4n (\u00d6ppnas i ett nytt f\u00f6nster)<\/span><\/a><\/li><li class=\"share-print\"><a rel=\"nofollow noopener noreferrer\" data-shared=\"\" class=\"share-print sd-button share-icon no-text\" href=\"https:\/\/www.hendrik.maekeler.eu\/se\/osnabruecker-geld-im-30-jaehrigen-krieg\/\" target=\"_blank\" title=\"Klicka f\u00f6r utskrift\"><span><\/span><span class=\"sharing-screen-reader-text\">Klicka f\u00f6r utskrift (\u00d6ppnas i ett nytt f\u00f6nster)<\/span><\/a><\/li><li class=\"share-facebook\"><a rel=\"nofollow noopener noreferrer\" data-shared=\"sharing-facebook-2266\" class=\"share-facebook sd-button share-icon no-text\" href=\"https:\/\/www.hendrik.maekeler.eu\/se\/osnabruecker-geld-im-30-jaehrigen-krieg\/?share=facebook\" target=\"_blank\" title=\"Klicka f\u00f6r att dela p\u00e5 Facebook\"><span><\/span><span class=\"sharing-screen-reader-text\">Klicka f\u00f6r att dela p\u00e5 Facebook (\u00d6ppnas i ett nytt f\u00f6nster)<\/span><\/a><\/li><li class=\"share-twitter\"><a rel=\"nofollow noopener noreferrer\" data-shared=\"sharing-twitter-2266\" class=\"share-twitter sd-button share-icon no-text\" href=\"https:\/\/www.hendrik.maekeler.eu\/se\/osnabruecker-geld-im-30-jaehrigen-krieg\/?share=twitter\" target=\"_blank\" title=\"Klicka f\u00f6r att dela p\u00e5 Twitter\"><span><\/span><span class=\"sharing-screen-reader-text\">Klicka f\u00f6r att dela p\u00e5 Twitter (\u00d6ppnas i ett nytt f\u00f6nster)<\/span><\/a><\/li><li class=\"share-linkedin\"><a rel=\"nofollow noopener noreferrer\" data-shared=\"sharing-linkedin-2266\" class=\"share-linkedin sd-button share-icon no-text\" href=\"https:\/\/www.hendrik.maekeler.eu\/se\/osnabruecker-geld-im-30-jaehrigen-krieg\/?share=linkedin\" target=\"_blank\" title=\"Klicka f\u00f6r att dela via LinkedIn\"><span><\/span><span class=\"sharing-screen-reader-text\">Klicka f\u00f6r att dela via LinkedIn (\u00d6ppnas i ett nytt f\u00f6nster)<\/span><\/a><\/li><li class=\"share-pinterest\"><a rel=\"nofollow noopener noreferrer\" data-shared=\"sharing-pinterest-2266\" class=\"share-pinterest sd-button share-icon no-text\" href=\"https:\/\/www.hendrik.maekeler.eu\/se\/osnabruecker-geld-im-30-jaehrigen-krieg\/?share=pinterest\" target=\"_blank\" title=\"Klicka f\u00f6r att dela till Pinterest\"><span><\/span><span class=\"sharing-screen-reader-text\">Klicka f\u00f6r att dela till Pinterest (\u00d6ppnas i ett nytt f\u00f6nster)<\/span><\/a><\/li><li class=\"share-reddit\"><a rel=\"nofollow noopener noreferrer\" data-shared=\"\" class=\"share-reddit sd-button share-icon no-text\" href=\"https:\/\/www.hendrik.maekeler.eu\/se\/osnabruecker-geld-im-30-jaehrigen-krieg\/?share=reddit\" target=\"_blank\" title=\"Klicka f\u00f6r att dela p\u00e5 Reddit\"><span><\/span><span class=\"sharing-screen-reader-text\">Klicka f\u00f6r att dela p\u00e5 Reddit (\u00d6ppnas i ett nytt f\u00f6nster)<\/span><\/a><\/li><li class=\"share-tumblr\"><a rel=\"nofollow noopener noreferrer\" data-shared=\"\" class=\"share-tumblr sd-button share-icon no-text\" href=\"https:\/\/www.hendrik.maekeler.eu\/se\/osnabruecker-geld-im-30-jaehrigen-krieg\/?share=tumblr\" target=\"_blank\" title=\"Klicka f\u00f6r att dela p\u00e5 Tumblr\"><span><\/span><span class=\"sharing-screen-reader-text\">Klicka f\u00f6r att dela p\u00e5 Tumblr (\u00d6ppnas i ett nytt f\u00f6nster)<\/span><\/a><\/li><li class=\"share-jetpack-whatsapp\"><a rel=\"nofollow noopener noreferrer\" data-shared=\"\" class=\"share-jetpack-whatsapp sd-button share-icon no-text\" href=\"https:\/\/www.hendrik.maekeler.eu\/se\/osnabruecker-geld-im-30-jaehrigen-krieg\/?share=jetpack-whatsapp\" target=\"_blank\" title=\"Klicka f\u00f6r att dela p\u00e5 WhatsApp\"><span><\/span><span class=\"sharing-screen-reader-text\">Klicka f\u00f6r att dela p\u00e5 WhatsApp (\u00d6ppnas i ett nytt f\u00f6nster)<\/span><\/a><\/li><li class=\"share-end\"><\/li><\/ul><\/div><\/div><\/div>","protected":false},"excerpt":{"rendered":"<p>Tyv\u00e4rr \u00e4r denna artikel enbart tillg\u00e4nglig p\u00e5 Tyska.Joachim Dierks:\u00a0Osnabr\u00fccker Geld im 30-j\u00e4hrigen Krieg, in: Neue Osnabr\u00fccker Zeitung vom 15. April 2018<\/p>\n<div class=\"sharedaddy sd-sharing-enabled\"><div class=\"robots-nocontent sd-block sd-social sd-social-icon sd-sharing\"><div class=\"sd-content\"><ul><li class=\"share-email\"><a rel=\"nofollow noopener noreferrer\" data-shared=\"\" class=\"share-email sd-button share-icon no-text\" href=\"https:\/\/www.hendrik.maekeler.eu\/se\/osnabruecker-geld-im-30-jaehrigen-krieg\/?share=email\" target=\"_blank\" title=\"Klicka f\u00f6r att e-posta detta till en v\u00e4n\"><span><\/span><span class=\"sharing-screen-reader-text\">Klicka f\u00f6r att e-posta detta till en v\u00e4n (\u00d6ppnas i ett nytt f\u00f6nster)<\/span><\/a><\/li><li class=\"share-print\"><a rel=\"nofollow noopener noreferrer\" data-shared=\"\" class=\"share-print sd-button share-icon no-text\" href=\"https:\/\/www.hendrik.maekeler.eu\/se\/osnabruecker-geld-im-30-jaehrigen-krieg\/\" target=\"_blank\" title=\"Klicka f\u00f6r utskrift\"><span><\/span><span class=\"sharing-screen-reader-text\">Klicka f\u00f6r utskrift (\u00d6ppnas i ett nytt f\u00f6nster)<\/span><\/a><\/li><li class=\"share-facebook\"><a rel=\"nofollow noopener noreferrer\" data-shared=\"sharing-facebook-2266\" class=\"share-facebook sd-button share-icon no-text\" href=\"https:\/\/www.hendrik.maekeler.eu\/se\/osnabruecker-geld-im-30-jaehrigen-krieg\/?share=facebook\" target=\"_blank\" title=\"Klicka f\u00f6r att dela p\u00e5 Facebook\"><span><\/span><span class=\"sharing-screen-reader-text\">Klicka f\u00f6r att dela p\u00e5 Facebook (\u00d6ppnas i ett nytt f\u00f6nster)<\/span><\/a><\/li><li class=\"share-twitter\"><a rel=\"nofollow noopener noreferrer\" data-shared=\"sharing-twitter-2266\" class=\"share-twitter sd-button share-icon no-text\" href=\"https:\/\/www.hendrik.maekeler.eu\/se\/osnabruecker-geld-im-30-jaehrigen-krieg\/?share=twitter\" target=\"_blank\" title=\"Klicka f\u00f6r att dela p\u00e5 Twitter\"><span><\/span><span class=\"sharing-screen-reader-text\">Klicka f\u00f6r att dela p\u00e5 Twitter (\u00d6ppnas i ett nytt f\u00f6nster)<\/span><\/a><\/li><li class=\"share-linkedin\"><a rel=\"nofollow noopener noreferrer\" data-shared=\"sharing-linkedin-2266\" class=\"share-linkedin sd-button share-icon no-text\" href=\"https:\/\/www.hendrik.maekeler.eu\/se\/osnabruecker-geld-im-30-jaehrigen-krieg\/?share=linkedin\" target=\"_blank\" title=\"Klicka f\u00f6r att dela via LinkedIn\"><span><\/span><span class=\"sharing-screen-reader-text\">Klicka f\u00f6r att dela via LinkedIn (\u00d6ppnas i ett nytt f\u00f6nster)<\/span><\/a><\/li><li class=\"share-pinterest\"><a rel=\"nofollow noopener noreferrer\" data-shared=\"sharing-pinterest-2266\" class=\"share-pinterest sd-button share-icon no-text\" href=\"https:\/\/www.hendrik.maekeler.eu\/se\/osnabruecker-geld-im-30-jaehrigen-krieg\/?share=pinterest\" target=\"_blank\" title=\"Klicka f\u00f6r att dela till Pinterest\"><span><\/span><span class=\"sharing-screen-reader-text\">Klicka f\u00f6r att dela till Pinterest (\u00d6ppnas i ett nytt f\u00f6nster)<\/span><\/a><\/li><li class=\"share-reddit\"><a rel=\"nofollow noopener noreferrer\" data-shared=\"\" class=\"share-reddit sd-button share-icon no-text\" href=\"https:\/\/www.hendrik.maekeler.eu\/se\/osnabruecker-geld-im-30-jaehrigen-krieg\/?share=reddit\" target=\"_blank\" title=\"Klicka f\u00f6r att dela p\u00e5 Reddit\"><span><\/span><span class=\"sharing-screen-reader-text\">Klicka f\u00f6r att dela p\u00e5 Reddit (\u00d6ppnas i ett nytt f\u00f6nster)<\/span><\/a><\/li><li class=\"share-tumblr\"><a rel=\"nofollow noopener noreferrer\" data-shared=\"\" class=\"share-tumblr sd-button share-icon no-text\" href=\"https:\/\/www.hendrik.maekeler.eu\/se\/osnabruecker-geld-im-30-jaehrigen-krieg\/?share=tumblr\" target=\"_blank\" title=\"Klicka f\u00f6r att dela p\u00e5 Tumblr\"><span><\/span><span class=\"sharing-screen-reader-text\">Klicka f\u00f6r att dela p\u00e5 Tumblr (\u00d6ppnas i ett nytt f\u00f6nster)<\/span><\/a><\/li><li class=\"share-jetpack-whatsapp\"><a rel=\"nofollow noopener noreferrer\" data-shared=\"\" class=\"share-jetpack-whatsapp sd-button share-icon no-text\" href=\"https:\/\/www.hendrik.maekeler.eu\/se\/osnabruecker-geld-im-30-jaehrigen-krieg\/?share=jetpack-whatsapp\" target=\"_blank\" title=\"Klicka f\u00f6r att dela p\u00e5 WhatsApp\"><span><\/span><span class=\"sharing-screen-reader-text\">Klicka f\u00f6r att dela p\u00e5 WhatsApp (\u00d6ppnas i ett nytt f\u00f6nster)<\/span><\/a><\/li><li class=\"share-end\"><\/li><\/ul><\/div><\/div><\/div>","protected":false},"author":1,"featured_media":0,"comment_status":"closed","ping_status":"closed","sticky":false,"template":"","format":"standard","meta":{"spay_email":"","jetpack_publicize_message":"Interview by Joachim Dierks: Osnabr\u00fccker Geld im 30-j\u00e4hrigen Krieg","jetpack_is_tweetstorm":false,"jetpack_publicize_feature_enabled":true},"categories":[9],"tags":[970,408,968,969,494],"geo":{"latitude":52.279910999999998466591932810842990875244140625,"longitude":8.0471792000000004208004611427895724773406982421875,"description":"Osnabr\u00fcck, Deutschland"},"jetpack_featured_media_url":"","jetpack_publicize_connections":[],"jetpack_sharing_enabled":true,"jetpack_shortlink":"https:\/\/wp.me\/p3fDqY-Ay","jetpack-related-posts":[{"id":2268,"url":"https:\/\/www.hendrik.maekeler.eu\/se\/gold-als-zahlungsmittel\/","url_meta":{"origin":2266,"position":0},"title":"(Deutsch) Gold als Zahlungsmittel","date":"2018\/04\/04","format":false,"excerpt":"Rezensionen: Manuel Glasfort: Bundesbank bringt Buch \u00fcber Goldschatz heraus, in: Neue Osnabr\u00fccker Zeitung vom 4. April 2018 Alexandra Groth: Das Buch \"Das Gold der Deutschen\" gibt umfangreichen Einblick in W\u00e4hrungsreserve, in: Wiesbadener Kurier vom 4. April 2018 Michael Heide: \"Das Gold der Deutschen\", in: 17:30 live vom 4. April 2018\u2026","rel":"","context":"I &quot;Artiklar&quot;","img":{"alt_text":"","src":"https:\/\/i0.wp.com\/www.hendrik.maekeler.eu\/wp-content\/uploads\/2018\/04\/cover-gold-der-deutschen-232x300.jpg?resize=350%2C200","width":350,"height":200},"classes":[]},{"id":1629,"url":"https:\/\/www.hendrik.maekeler.eu\/se\/querbezuege-zwischen-mittelalternumismatik-und-geldtheorie\/","url_meta":{"origin":2266,"position":1},"title":"Querbez\u00fcge zwischen Mittelalternumismatik und Geldtheorie. Zur Deutung wikingerzeitlicher Depotfunde","date":"2012\/05\/03","format":false,"excerpt":"Hendrik M\u00e4keler: Querbez\u00fcge zwischen Mittelalternumismatik und Geldtheorie. Zur Deutung wikingerzeitlicher Depotfunde, in: Gerd Dethlefs, Arent Pol und Stefan Wittenbrink (Hrsg.): NUMMI DOCENT! M\u00fcnzen - Sch\u00e4tze - Funde. Festschrift f\u00fcr Peter Ilisch zum 65. Geburtstag am 28. April 2012, Osnabr\u00fcck 2012, S. 79-91. Hendrik M\u00e4keler: Querbez\u00fcge zwischen Mittelalternumismatik und Geldtheorie. Zur\u2026","rel":"","context":"I &quot;Artiklar&quot;","img":{"alt_text":"","src":"","width":0,"height":0},"classes":[]},{"id":630,"url":"https:\/\/www.hendrik.maekeler.eu\/se\/die-pragung-goldener-schilde-ludwigs-des-bayern-in-antwerpen\/","url_meta":{"origin":2266,"position":2},"title":"Die Pr\u00e4gung Goldener Schilde Ludwigs des Bayern in Antwerpen","date":"2009\/10\/03","format":false,"excerpt":"M\u00fcnzfreunde Osnabr\u00fcck, Kulturgeschichtliches Museum Osnabr\u00fcck, 30.\u00a0Juli 2008: \u201eDie Pr\u00e4gung Goldener Schilde Ludwigs des Bayern in Antwerpen\u201cM\u00fcnzfreunde Osnabr\u00fcck, Kulturgeschichtliches Museum Osnabr\u00fcck, July\u00a030th, 2008: \u201cDie Pr\u00e4gung Goldener Schilde Ludwigs des Bayern in Antwerpen\u201d M\u00fcnzfreunde Osnabr\u00fcck, Kulturgeschichtliches Museum Osnabr\u00fcck, 30.\u00a0juli 2008: \u201cDie Pr\u00e4gung Goldener Schilde Ludwigs des Bayern in Antwerpen\u201d","rel":"","context":"I &quot;Tidigare konferenser&quot;","img":{"alt_text":"","src":"","width":0,"height":0},"classes":[]},{"id":2226,"url":"https:\/\/www.hendrik.maekeler.eu\/se\/inschriften-als-intrinsische-werte\/","url_meta":{"origin":2266,"position":3},"title":"(Deutsch) Inschriften als intrinsische Werte","date":"2017\/03\/12","format":false,"excerpt":"Tyv\u00e4rr \u00e4r denna artikel enbart tillg\u00e4nglig p\u00e5 Tyska.INschrift \u2013 ABschrift \u2013 TRUGschrift. Bild- und Schriftinformationen als Mittel der Legitimation und Akzeptanz von Zahlungsmitteln in vormodernen Gesellschaften, 25.\u201327. September 2017 (Universit\u00e4t Osnabr\u00fcck): \"Inschriften als intrinsische Werte. Wie Papier einen Materialwert erlangt\"","rel":"","context":"I &quot;Tidigare konferenser&quot;","img":{"alt_text":"","src":"","width":0,"height":0},"classes":[]},{"id":227,"url":"https:\/\/www.hendrik.maekeler.eu\/se\/die-numismatische-bibliothek-der-munzen-und-medaillen-ag-basel\/","url_meta":{"origin":2266,"position":4},"title":"Die numismatische Bibliothek der M\u00fcnzen und Medaillen AG Basel","date":"2009\/09\/27","format":false,"excerpt":"Hendrik M\u00e4keler, Detlev H\u00f6lscher, Alexis Cavvadias, Jens-Ulrich Thormann und Manuela Wei\u00df: Die numismatische Bibliothek der M\u00fcnzen und Medaillen AG Basel (M\u00fcnzenhandlung Fritz Rudolf K\u00fcnker. Auktion, 102), Osnabr\u00fcck 2005. 300 S. mit 3.589 Nrn. Hendrik M\u00e4keler, Detlev H\u00f6lscher, Alexis Cavvadias, Jens-Ulrich Thormann and Manuela Wei\u00df: Die numismatische Bibliothek der M\u00fcnzen und\u2026","rel":"","context":"I &quot;Monografier&quot;","img":{"alt_text":"","src":"https:\/\/i1.wp.com\/www.hendrik.maekeler.eu\/mmagtitel.jpg?resize=350%2C200","width":350,"height":200},"classes":[]},{"id":425,"url":"https:\/\/www.hendrik.maekeler.eu\/se\/wolfgang-trapp-torsten-fried-handbuch-der-munzkunde-und-des-geldwesens-in-deutschland\/","url_meta":{"origin":2266,"position":5},"title":"Wolfgang Trapp \/ Torsten Fried, Handbuch der M\u00fcnzkunde und des Geldwesens in Deutschland","date":"2009\/09\/28","format":false,"excerpt":"Wolfgang Trapp \/ Torsten Fried, Handbuch der M\u00fcnzkunde und des Geldwesens in Deutschland [\u2026], in: Bankhistorisches Archiv 32 (2006), S.\u00a0147f. \u00a0 Rezension Bei dem vorliegenden Band handelt es sich um die Neuauflage eines Reclam-B\u00e4ndchens, das 1999 in erster Auflage von Wolfgang Trapp (1918-2003) unter dem Titel \u201eKleines Handbuch der M\u00fcnzkunde\u2026","rel":"","context":"I &quot;Recensioner&quot;","img":{"alt_text":"","src":"","width":0,"height":0},"classes":[]}],"_links":{"self":[{"href":"https:\/\/www.hendrik.maekeler.eu\/se\/wp-json\/wp\/v2\/posts\/2266"}],"collection":[{"href":"https:\/\/www.hendrik.maekeler.eu\/se\/wp-json\/wp\/v2\/posts"}],"about":[{"href":"https:\/\/www.hendrik.maekeler.eu\/se\/wp-json\/wp\/v2\/types\/post"}],"author":[{"embeddable":true,"href":"https:\/\/www.hendrik.maekeler.eu\/se\/wp-json\/wp\/v2\/users\/1"}],"replies":[{"embeddable":true,"href":"https:\/\/www.hendrik.maekeler.eu\/se\/wp-json\/wp\/v2\/comments?post=2266"}],"version-history":[{"count":1,"href":"https:\/\/www.hendrik.maekeler.eu\/se\/wp-json\/wp\/v2\/posts\/2266\/revisions"}],"predecessor-version":[{"id":2267,"href":"https:\/\/www.hendrik.maekeler.eu\/se\/wp-json\/wp\/v2\/posts\/2266\/revisions\/2267"}],"wp:attachment":[{"href":"https:\/\/www.hendrik.maekeler.eu\/se\/wp-json\/wp\/v2\/media?parent=2266"}],"wp:term":[{"taxonomy":"category","embeddable":true,"href":"https:\/\/www.hendrik.maekeler.eu\/se\/wp-json\/wp\/v2\/categories?post=2266"},{"taxonomy":"post_tag","embeddable":true,"href":"https:\/\/www.hendrik.maekeler.eu\/se\/wp-json\/wp\/v2\/tags?post=2266"}],"curies":[{"name":"wp","href":"https:\/\/api.w.org\/{rel}","templated":true}]}}