{"id":259,"date":"2007-09-27T22:37:31","date_gmt":"2007-09-27T20:37:31","guid":{"rendered":"http:\/\/www.hendrik.maekeler.eu\/?p=259"},"modified":"2011-12-06T23:10:31","modified_gmt":"2011-12-06T21:10:31","slug":"zwischen-privatgeschaft-und-offentlichem-haushalt-die-ratsgeschafte-des-speyerer-druckherrn-peter-drach","status":"publish","type":"post","link":"https:\/\/www.hendrik.maekeler.eu\/se\/zwischen-privatgeschaft-und-offentlichem-haushalt-die-ratsgeschafte-des-speyerer-druckherrn-peter-drach\/","title":{"rendered":"Zwischen Privatgesch\u00e4ft und \u00f6ffentlichem Haushalt. Die Ratsgesch\u00e4fte des Speyerer Druckherrn Peter Drach"},"content":{"rendered":"<p><\/p>\n<p>Zwischen Privatgesch\u00e4ft und \u00f6ffentlichem Haushalt. Die Ratsgesch\u00e4fte des Speyerer Druckherrn Peter Drach d.\u00a0M., i: Harm von Seggern, Gerhard Fouquet och Hans-J\u00f6rg Gilomen (utg.): St\u00e4dtische Finanzwirtschaft am \u00dcbergang vom Mittelalter zur Fr\u00fchen Neuzeit (Kieler Werkst\u00fccke, E\u00a04), Frankfurt am Main u.a. 2007, s.\u00a0239-261.<\/p>\n<p><\/p>\n<div class=\"sharedaddy sd-sharing-enabled\"><div class=\"robots-nocontent sd-block sd-social sd-social-icon sd-sharing\"><div class=\"sd-content\"><ul><li class=\"share-email\"><a rel=\"nofollow noopener noreferrer\" data-shared=\"\" class=\"share-email sd-button share-icon no-text\" href=\"https:\/\/www.hendrik.maekeler.eu\/se\/zwischen-privatgeschaft-und-offentlichem-haushalt-die-ratsgeschafte-des-speyerer-druckherrn-peter-drach\/?share=email\" target=\"_blank\" title=\"Klicka f\u00f6r att e-posta detta till en v\u00e4n\"><span><\/span><span class=\"sharing-screen-reader-text\">Klicka f\u00f6r att e-posta detta till en v\u00e4n (\u00d6ppnas i ett nytt f\u00f6nster)<\/span><\/a><\/li><li class=\"share-print\"><a rel=\"nofollow noopener noreferrer\" data-shared=\"\" class=\"share-print sd-button share-icon no-text\" href=\"https:\/\/www.hendrik.maekeler.eu\/se\/zwischen-privatgeschaft-und-offentlichem-haushalt-die-ratsgeschafte-des-speyerer-druckherrn-peter-drach\/\" target=\"_blank\" title=\"Klicka f\u00f6r utskrift\"><span><\/span><span class=\"sharing-screen-reader-text\">Klicka f\u00f6r utskrift (\u00d6ppnas i ett nytt f\u00f6nster)<\/span><\/a><\/li><li class=\"share-facebook\"><a rel=\"nofollow noopener noreferrer\" data-shared=\"sharing-facebook-259\" class=\"share-facebook sd-button share-icon no-text\" href=\"https:\/\/www.hendrik.maekeler.eu\/se\/zwischen-privatgeschaft-und-offentlichem-haushalt-die-ratsgeschafte-des-speyerer-druckherrn-peter-drach\/?share=facebook\" target=\"_blank\" title=\"Klicka f\u00f6r att dela p\u00e5 Facebook\"><span><\/span><span class=\"sharing-screen-reader-text\">Klicka f\u00f6r att dela p\u00e5 Facebook (\u00d6ppnas i ett nytt f\u00f6nster)<\/span><\/a><\/li><li class=\"share-twitter\"><a rel=\"nofollow noopener noreferrer\" data-shared=\"sharing-twitter-259\" class=\"share-twitter sd-button share-icon no-text\" href=\"https:\/\/www.hendrik.maekeler.eu\/se\/zwischen-privatgeschaft-und-offentlichem-haushalt-die-ratsgeschafte-des-speyerer-druckherrn-peter-drach\/?share=twitter\" target=\"_blank\" title=\"Klicka f\u00f6r att dela p\u00e5 Twitter\"><span><\/span><span class=\"sharing-screen-reader-text\">Klicka f\u00f6r att dela p\u00e5 Twitter (\u00d6ppnas i ett nytt f\u00f6nster)<\/span><\/a><\/li><li class=\"share-linkedin\"><a rel=\"nofollow noopener noreferrer\" data-shared=\"sharing-linkedin-259\" class=\"share-linkedin sd-button share-icon no-text\" href=\"https:\/\/www.hendrik.maekeler.eu\/se\/zwischen-privatgeschaft-und-offentlichem-haushalt-die-ratsgeschafte-des-speyerer-druckherrn-peter-drach\/?share=linkedin\" target=\"_blank\" title=\"Klicka f\u00f6r att dela via LinkedIn\"><span><\/span><span class=\"sharing-screen-reader-text\">Klicka f\u00f6r att dela via LinkedIn (\u00d6ppnas i ett nytt f\u00f6nster)<\/span><\/a><\/li><li class=\"share-pinterest\"><a rel=\"nofollow noopener noreferrer\" data-shared=\"sharing-pinterest-259\" class=\"share-pinterest sd-button share-icon no-text\" href=\"https:\/\/www.hendrik.maekeler.eu\/se\/zwischen-privatgeschaft-und-offentlichem-haushalt-die-ratsgeschafte-des-speyerer-druckherrn-peter-drach\/?share=pinterest\" target=\"_blank\" title=\"Klicka f\u00f6r att dela till Pinterest\"><span><\/span><span class=\"sharing-screen-reader-text\">Klicka f\u00f6r att dela till Pinterest (\u00d6ppnas i ett nytt f\u00f6nster)<\/span><\/a><\/li><li class=\"share-reddit\"><a rel=\"nofollow noopener noreferrer\" data-shared=\"\" class=\"share-reddit sd-button share-icon no-text\" href=\"https:\/\/www.hendrik.maekeler.eu\/se\/zwischen-privatgeschaft-und-offentlichem-haushalt-die-ratsgeschafte-des-speyerer-druckherrn-peter-drach\/?share=reddit\" target=\"_blank\" title=\"Klicka f\u00f6r att dela p\u00e5 Reddit\"><span><\/span><span class=\"sharing-screen-reader-text\">Klicka f\u00f6r att dela p\u00e5 Reddit (\u00d6ppnas i ett nytt f\u00f6nster)<\/span><\/a><\/li><li class=\"share-tumblr\"><a rel=\"nofollow noopener noreferrer\" data-shared=\"\" class=\"share-tumblr sd-button share-icon no-text\" href=\"https:\/\/www.hendrik.maekeler.eu\/se\/zwischen-privatgeschaft-und-offentlichem-haushalt-die-ratsgeschafte-des-speyerer-druckherrn-peter-drach\/?share=tumblr\" target=\"_blank\" title=\"Klicka f\u00f6r att dela p\u00e5 Tumblr\"><span><\/span><span class=\"sharing-screen-reader-text\">Klicka f\u00f6r att dela p\u00e5 Tumblr (\u00d6ppnas i ett nytt f\u00f6nster)<\/span><\/a><\/li><li class=\"share-jetpack-whatsapp\"><a rel=\"nofollow noopener noreferrer\" data-shared=\"\" class=\"share-jetpack-whatsapp sd-button share-icon no-text\" href=\"https:\/\/www.hendrik.maekeler.eu\/se\/zwischen-privatgeschaft-und-offentlichem-haushalt-die-ratsgeschafte-des-speyerer-druckherrn-peter-drach\/?share=jetpack-whatsapp\" target=\"_blank\" title=\"Klicka f\u00f6r att dela p\u00e5 WhatsApp\"><span><\/span><span class=\"sharing-screen-reader-text\">Klicka f\u00f6r att dela p\u00e5 WhatsApp (\u00d6ppnas i ett nytt f\u00f6nster)<\/span><\/a><\/li><li class=\"share-end\"><\/li><\/ul><\/div><\/div><\/div>","protected":false},"excerpt":{"rendered":"<p>Zwischen Privatgesch\u00e4ft und \u00f6ffentlichem Haushalt. Die Ratsgesch\u00e4fte des Speyerer Druckherrn Peter Drach d.\u00a0M., i: Harm von Seggern, Gerhard Fouquet och Hans-J\u00f6rg Gilomen (utg.): St\u00e4dtische Finanzwirtschaft am \u00dcbergang vom Mittelalter zur Fr\u00fchen Neuzeit (Kieler Werkst\u00fccke, E\u00a04), Frankfurt am Main u.a. 2007, s.\u00a0239-261.<\/p>\n<div class=\"sharedaddy sd-sharing-enabled\"><div class=\"robots-nocontent sd-block sd-social sd-social-icon sd-sharing\"><div class=\"sd-content\"><ul><li class=\"share-email\"><a rel=\"nofollow noopener noreferrer\" data-shared=\"\" class=\"share-email sd-button share-icon no-text\" href=\"https:\/\/www.hendrik.maekeler.eu\/se\/zwischen-privatgeschaft-und-offentlichem-haushalt-die-ratsgeschafte-des-speyerer-druckherrn-peter-drach\/?share=email\" target=\"_blank\" title=\"Klicka f\u00f6r att e-posta detta till en v\u00e4n\"><span><\/span><span class=\"sharing-screen-reader-text\">Klicka f\u00f6r att e-posta detta till en v\u00e4n (\u00d6ppnas i ett nytt f\u00f6nster)<\/span><\/a><\/li><li class=\"share-print\"><a rel=\"nofollow noopener noreferrer\" data-shared=\"\" class=\"share-print sd-button share-icon no-text\" href=\"https:\/\/www.hendrik.maekeler.eu\/se\/zwischen-privatgeschaft-und-offentlichem-haushalt-die-ratsgeschafte-des-speyerer-druckherrn-peter-drach\/\" target=\"_blank\" title=\"Klicka f\u00f6r utskrift\"><span><\/span><span class=\"sharing-screen-reader-text\">Klicka f\u00f6r utskrift (\u00d6ppnas i ett nytt f\u00f6nster)<\/span><\/a><\/li><li class=\"share-facebook\"><a rel=\"nofollow noopener noreferrer\" data-shared=\"sharing-facebook-259\" class=\"share-facebook sd-button share-icon no-text\" href=\"https:\/\/www.hendrik.maekeler.eu\/se\/zwischen-privatgeschaft-und-offentlichem-haushalt-die-ratsgeschafte-des-speyerer-druckherrn-peter-drach\/?share=facebook\" target=\"_blank\" title=\"Klicka f\u00f6r att dela p\u00e5 Facebook\"><span><\/span><span class=\"sharing-screen-reader-text\">Klicka f\u00f6r att dela p\u00e5 Facebook (\u00d6ppnas i ett nytt f\u00f6nster)<\/span><\/a><\/li><li class=\"share-twitter\"><a rel=\"nofollow noopener noreferrer\" data-shared=\"sharing-twitter-259\" class=\"share-twitter sd-button share-icon no-text\" href=\"https:\/\/www.hendrik.maekeler.eu\/se\/zwischen-privatgeschaft-und-offentlichem-haushalt-die-ratsgeschafte-des-speyerer-druckherrn-peter-drach\/?share=twitter\" target=\"_blank\" title=\"Klicka f\u00f6r att dela p\u00e5 Twitter\"><span><\/span><span class=\"sharing-screen-reader-text\">Klicka f\u00f6r att dela p\u00e5 Twitter (\u00d6ppnas i ett nytt f\u00f6nster)<\/span><\/a><\/li><li class=\"share-linkedin\"><a rel=\"nofollow noopener noreferrer\" data-shared=\"sharing-linkedin-259\" class=\"share-linkedin sd-button share-icon no-text\" href=\"https:\/\/www.hendrik.maekeler.eu\/se\/zwischen-privatgeschaft-und-offentlichem-haushalt-die-ratsgeschafte-des-speyerer-druckherrn-peter-drach\/?share=linkedin\" target=\"_blank\" title=\"Klicka f\u00f6r att dela via LinkedIn\"><span><\/span><span class=\"sharing-screen-reader-text\">Klicka f\u00f6r att dela via LinkedIn (\u00d6ppnas i ett nytt f\u00f6nster)<\/span><\/a><\/li><li class=\"share-pinterest\"><a rel=\"nofollow noopener noreferrer\" data-shared=\"sharing-pinterest-259\" class=\"share-pinterest sd-button share-icon no-text\" href=\"https:\/\/www.hendrik.maekeler.eu\/se\/zwischen-privatgeschaft-und-offentlichem-haushalt-die-ratsgeschafte-des-speyerer-druckherrn-peter-drach\/?share=pinterest\" target=\"_blank\" title=\"Klicka f\u00f6r att dela till Pinterest\"><span><\/span><span class=\"sharing-screen-reader-text\">Klicka f\u00f6r att dela till Pinterest (\u00d6ppnas i ett nytt f\u00f6nster)<\/span><\/a><\/li><li class=\"share-reddit\"><a rel=\"nofollow noopener noreferrer\" data-shared=\"\" class=\"share-reddit sd-button share-icon no-text\" href=\"https:\/\/www.hendrik.maekeler.eu\/se\/zwischen-privatgeschaft-und-offentlichem-haushalt-die-ratsgeschafte-des-speyerer-druckherrn-peter-drach\/?share=reddit\" target=\"_blank\" title=\"Klicka f\u00f6r att dela p\u00e5 Reddit\"><span><\/span><span class=\"sharing-screen-reader-text\">Klicka f\u00f6r att dela p\u00e5 Reddit (\u00d6ppnas i ett nytt f\u00f6nster)<\/span><\/a><\/li><li class=\"share-tumblr\"><a rel=\"nofollow noopener noreferrer\" data-shared=\"\" class=\"share-tumblr sd-button share-icon no-text\" href=\"https:\/\/www.hendrik.maekeler.eu\/se\/zwischen-privatgeschaft-und-offentlichem-haushalt-die-ratsgeschafte-des-speyerer-druckherrn-peter-drach\/?share=tumblr\" target=\"_blank\" title=\"Klicka f\u00f6r att dela p\u00e5 Tumblr\"><span><\/span><span class=\"sharing-screen-reader-text\">Klicka f\u00f6r att dela p\u00e5 Tumblr (\u00d6ppnas i ett nytt f\u00f6nster)<\/span><\/a><\/li><li class=\"share-jetpack-whatsapp\"><a rel=\"nofollow noopener noreferrer\" data-shared=\"\" class=\"share-jetpack-whatsapp sd-button share-icon no-text\" href=\"https:\/\/www.hendrik.maekeler.eu\/se\/zwischen-privatgeschaft-und-offentlichem-haushalt-die-ratsgeschafte-des-speyerer-druckherrn-peter-drach\/?share=jetpack-whatsapp\" target=\"_blank\" title=\"Klicka f\u00f6r att dela p\u00e5 WhatsApp\"><span><\/span><span class=\"sharing-screen-reader-text\">Klicka f\u00f6r att dela p\u00e5 WhatsApp (\u00d6ppnas i ett nytt f\u00f6nster)<\/span><\/a><\/li><li class=\"share-end\"><\/li><\/ul><\/div><\/div><\/div>","protected":false},"author":1,"featured_media":0,"comment_status":"closed","ping_status":"closed","sticky":false,"template":"","format":"standard","meta":{"spay_email":"","jetpack_publicize_message":"","jetpack_is_tweetstorm":false,"jetpack_publicize_feature_enabled":true},"categories":[22],"tags":[707,102,103,100,101,99,92,34,98,89],"geo":{"latitude":49.31482700000000107820596895180642604827880859375,"longitude":8.4409551999999994364998201490379869937896728515625,"description":"Steingasse 5-9, 67346 Speyer, Germany"},"jetpack_featured_media_url":"","jetpack_publicize_connections":[],"jetpack_sharing_enabled":true,"jetpack_shortlink":"https:\/\/wp.me\/p3fDqY-4b","jetpack-related-posts":[{"id":230,"url":"https:\/\/www.hendrik.maekeler.eu\/se\/das-rechnungsbuch-des-speyerer-druckherrn-peter-drach-d-m-um-1450-1504\/","url_meta":{"origin":259,"position":0},"title":"Das Rechnungsbuch des Speyerer Druckherrn Peter Drach d.M. (um 1450-1504)","date":"2009\/09\/27","format":false,"excerpt":"Das Rechnungsbuch des Speyerer Druckherrn Peter Drach\u00a0d.M. (um 1450-1504) (Sach\u00fcberlieferung und Geschichte, 38), St.\u00a0Katharinen 2005. 382 S. [Projektbeschreibung]. Rezensionen: Mitteilungen der Vereinigung \u00d6sterreichischer Bibliothekarinnen und Bibliothekare 60 (2007) 1, S. 86-88 (Josef Pauser). IASL online [17.09.2007] (Elisabeth Wunderle). Aus dem Antiquariat. Zeitschrift f\u00fcr Antiquare und B\u00fcchersammler, Neue Folge 5 (2007),\u2026","rel":"","context":"I &quot;Monografier&quot;","img":{"alt_text":"","src":"https:\/\/i2.wp.com\/www.hendrik.maekeler.eu\/drachtitel.jpg?resize=350%2C200","width":350,"height":200},"classes":[]},{"id":734,"url":"https:\/\/www.hendrik.maekeler.eu\/se\/das-rechnungsbuch-des-speyerer-druckherrn-peter-drach-d-m\/","url_meta":{"origin":259,"position":1},"title":"Magisteravhandling: Boktryckaren Peter Drach i Speyer och hans r\u00e4kenskapsbok","date":"2009\/10\/04","format":false,"excerpt":"Das Rechnungsbuch des Speyerer Druckherrn Peter Drach d.M. ist eine einzigartige Quelle f\u00fcr die Untersuchung des inkunabelzeitlichen Buchhandels. Die Auswertung des Rechnungsbuches zeigt, dass Drachs \u00d6konomie wesentlich auf der Arbeitsbeteiligung seiner Familie beruhte, deren Mitglieder in dieser Arbeit ausf\u00fchrlich vorgestellt werden. Das Kapital, das f\u00fcr die Drucke gebraucht wurde, konnte\u2026","rel":"","context":"I &quot;Forskningsprojekt&quot;","img":{"alt_text":"","src":"https:\/\/i2.wp.com\/www.hendrik.maekeler.eu\/drachtitel.jpg?resize=350%2C200","width":350,"height":200},"classes":[]},{"id":254,"url":"https:\/\/www.hendrik.maekeler.eu\/se\/der-speyerer-druckherr-peter-drach-in-leipzig\/","url_meta":{"origin":259,"position":2},"title":"Der Speyerer Druckherr Peter Drach (\u2020 1504) in Leipzig","date":"2006\/09\/27","format":false,"excerpt":"Der Speyerer Druckherr Peter Drach (\u2020\u00a01504) in Leipzig, in: Enno B\u00fcnz (Hrsg.): B\u00fccher, Drucker, Bibliotheken in Mitteldeutschland. Neue Forschungen zur Kommunikations- und Mediengeschichte um 1500 (Schriften zur s\u00e4chsischen Geschichte und Volkskunde, 15), Leipzig 2006, S.\u00a0461-480.Der Speyerer Druckherr Peter Drach (\u2020\u00a01504) in Leipzig, in: Enno B\u00fcnz (ed.): B\u00fccher, Drucker, Bibliotheken in\u2026","rel":"","context":"I &quot;Artiklar&quot;","img":{"alt_text":"","src":"","width":0,"height":0},"classes":[]},{"id":155,"url":"https:\/\/www.hendrik.maekeler.eu\/se\/kaufleute-im-spaten-mittelalter\/","url_meta":{"origin":259,"position":3},"title":"K\u00f6pm\u00e4n p\u00e5 senmedeltiden","date":"2009\/09\/27","format":false,"excerpt":"Christian-Albrechts-Universit\u00e4t zu Kiel Historisches Seminar \u00dcbung, 2 SWS Zeit und Ort: Fr 8:30 - 10:00, Leibniszstra\u00dfe 8 - R.101\/102 Kaufleute im Mittelalter \u2013 das waren sehr unterschiedliche Menschen, deren Denken doch bestimmte Gemeinsamkeiten kennzeichneten. Zu nennen sind in erster Linie Gewinnstreben und Rechenhaftigkeit bzw. Rationalit\u00e4t, aber auch eine berufsspezifische Fr\u00f6mmigkeit.\u2026","rel":"","context":"I &quot;2006 V\u00e5rtermin&quot;","img":{"alt_text":"","src":"","width":0,"height":0},"classes":[]},{"id":553,"url":"https:\/\/www.hendrik.maekeler.eu\/se\/gerhard-fouquet-heilbronn-eine-konigsstadt-im-13-jahrhundert-und-ihr-speyerer-recht\/","url_meta":{"origin":259,"position":4},"title":"Gerhard Fouquet: Heilbronn \u2013 eine K\u00f6nigsstadt im 13. Jahrhundert und ihr Speyerer Recht","date":"2009\/10\/01","format":false,"excerpt":"[Karte, gemeinsam mit Christian K\u00fchl] Gerhard Fouquet: Heilbronn \u2013 eine K\u00f6nigsstadt im 13.\u00a0Jahrhundert und ihr Speyerer Recht, in: Andreas Bihrer, Mathias K\u00e4lble und Heinz Krieg (Hrsg.): Adel und K\u00f6nigtum im mittelalterlichen Schwaben. Festschrift f\u00fcr Thomas Zotz zum 65.\u00a0Geburtstag (Ver\u00f6ffentlichungen der Kommission f\u00fcr geschichtliche Landeskunde in Baden-W\u00fcrttemberg, B\u00a0175), Stuttgart 2009, S.\u00a0341-358.[Map,\u2026","rel":"","context":"I &quot;Digitala bilder&quot;","img":{"alt_text":"","src":"","width":0,"height":0},"classes":[]},{"id":219,"url":"https:\/\/www.hendrik.maekeler.eu\/se\/beitrage-zur-sozialgeschichte-lubecker-oberschichten-im-spatmittelalter\/","url_meta":{"origin":259,"position":5},"title":"Beitr\u00e4ge zur Sozialgeschichte L\u00fcbecker Oberschichten im Sp\u00e4tmittelalter","date":"2009\/09\/27","format":false,"excerpt":"[Technische Redaktion] Harm von Seggern und Gerhard Fouquet (Hrsg.): Beitr\u00e4ge zur Sozialgeschichte L\u00fcbecker Oberschichten im Sp\u00e4tmittelalter. Vortr\u00e4ge einer Arbeitssitzung vom 14. Juli 2000 in Kiel (Online-Publikationen der Kieler Professur f\u00fcr Wirtschafts- und Sozialgeschichte, 1), Kiel 2005.[technical editor] Harm von Seggern und Gerhard Fouquet (eds.): Beitr\u00e4ge zur Sozialgeschichte L\u00fcbecker Oberschichten im\u2026","rel":"","context":"I &quot;Redakt\u00f6rskap&quot;","img":{"alt_text":"","src":"","width":0,"height":0},"classes":[]}],"_links":{"self":[{"href":"https:\/\/www.hendrik.maekeler.eu\/se\/wp-json\/wp\/v2\/posts\/259"}],"collection":[{"href":"https:\/\/www.hendrik.maekeler.eu\/se\/wp-json\/wp\/v2\/posts"}],"about":[{"href":"https:\/\/www.hendrik.maekeler.eu\/se\/wp-json\/wp\/v2\/types\/post"}],"author":[{"embeddable":true,"href":"https:\/\/www.hendrik.maekeler.eu\/se\/wp-json\/wp\/v2\/users\/1"}],"replies":[{"embeddable":true,"href":"https:\/\/www.hendrik.maekeler.eu\/se\/wp-json\/wp\/v2\/comments?post=259"}],"version-history":[{"count":6,"href":"https:\/\/www.hendrik.maekeler.eu\/se\/wp-json\/wp\/v2\/posts\/259\/revisions"}],"predecessor-version":[{"id":1576,"href":"https:\/\/www.hendrik.maekeler.eu\/se\/wp-json\/wp\/v2\/posts\/259\/revisions\/1576"}],"wp:attachment":[{"href":"https:\/\/www.hendrik.maekeler.eu\/se\/wp-json\/wp\/v2\/media?parent=259"}],"wp:term":[{"taxonomy":"category","embeddable":true,"href":"https:\/\/www.hendrik.maekeler.eu\/se\/wp-json\/wp\/v2\/categories?post=259"},{"taxonomy":"post_tag","embeddable":true,"href":"https:\/\/www.hendrik.maekeler.eu\/se\/wp-json\/wp\/v2\/tags?post=259"}],"curies":[{"name":"wp","href":"https:\/\/api.w.org\/{rel}","templated":true}]}}