{"id":271,"date":"1997-09-27T22:57:06","date_gmt":"1997-09-27T21:57:06","guid":{"rendered":"http:\/\/www.hendrik.maekeler.eu\/?p=271"},"modified":"2017-03-28T20:38:06","modified_gmt":"2017-03-28T19:38:06","slug":"ett-ar-som-utbyteselev-pa-vilunda","status":"publish","type":"post","link":"https:\/\/www.hendrik.maekeler.eu\/se\/ett-ar-som-utbyteselev-pa-vilunda\/","title":{"rendered":"Ett \u00e5r som utbyteselev p\u00e5 Vilunda"},"content":{"rendered":"<p>Ett \u00e5r som utbyteselev p\u00e5 Vilunda, dans: VG studenter -97, Upplands V\u00e4sby 1997 [opaginerad].<\/p>\n<div class=\"sharedaddy sd-sharing-enabled\"><div class=\"robots-nocontent sd-block sd-social sd-social-icon sd-sharing\"><div class=\"sd-content\"><ul><li class=\"share-email\"><a rel=\"nofollow noopener noreferrer\" data-shared=\"\" class=\"share-email sd-button share-icon no-text\" href=\"https:\/\/www.hendrik.maekeler.eu\/se\/ett-ar-som-utbyteselev-pa-vilunda\/?share=email\" target=\"_blank\" title=\"Klicka f\u00f6r att e-posta detta till en v\u00e4n\"><span><\/span><span class=\"sharing-screen-reader-text\">Klicka f\u00f6r att e-posta detta till en v\u00e4n (\u00d6ppnas i ett nytt f\u00f6nster)<\/span><\/a><\/li><li class=\"share-print\"><a rel=\"nofollow noopener noreferrer\" data-shared=\"\" class=\"share-print sd-button share-icon no-text\" href=\"https:\/\/www.hendrik.maekeler.eu\/se\/ett-ar-som-utbyteselev-pa-vilunda\/\" target=\"_blank\" title=\"Klicka f\u00f6r utskrift\"><span><\/span><span class=\"sharing-screen-reader-text\">Klicka f\u00f6r utskrift (\u00d6ppnas i ett nytt f\u00f6nster)<\/span><\/a><\/li><li class=\"share-facebook\"><a rel=\"nofollow noopener noreferrer\" data-shared=\"sharing-facebook-271\" class=\"share-facebook sd-button share-icon no-text\" href=\"https:\/\/www.hendrik.maekeler.eu\/se\/ett-ar-som-utbyteselev-pa-vilunda\/?share=facebook\" target=\"_blank\" title=\"Klicka f\u00f6r att dela p\u00e5 Facebook\"><span><\/span><span class=\"sharing-screen-reader-text\">Klicka f\u00f6r att dela p\u00e5 Facebook (\u00d6ppnas i ett nytt f\u00f6nster)<\/span><\/a><\/li><li class=\"share-twitter\"><a rel=\"nofollow noopener noreferrer\" data-shared=\"sharing-twitter-271\" class=\"share-twitter sd-button share-icon no-text\" href=\"https:\/\/www.hendrik.maekeler.eu\/se\/ett-ar-som-utbyteselev-pa-vilunda\/?share=twitter\" target=\"_blank\" title=\"Klicka f\u00f6r att dela p\u00e5 Twitter\"><span><\/span><span class=\"sharing-screen-reader-text\">Klicka f\u00f6r att dela p\u00e5 Twitter (\u00d6ppnas i ett nytt f\u00f6nster)<\/span><\/a><\/li><li class=\"share-linkedin\"><a rel=\"nofollow noopener noreferrer\" data-shared=\"sharing-linkedin-271\" class=\"share-linkedin sd-button share-icon no-text\" href=\"https:\/\/www.hendrik.maekeler.eu\/se\/ett-ar-som-utbyteselev-pa-vilunda\/?share=linkedin\" target=\"_blank\" title=\"Klicka f\u00f6r att dela via LinkedIn\"><span><\/span><span class=\"sharing-screen-reader-text\">Klicka f\u00f6r att dela via LinkedIn (\u00d6ppnas i ett nytt f\u00f6nster)<\/span><\/a><\/li><li class=\"share-pinterest\"><a rel=\"nofollow noopener noreferrer\" data-shared=\"sharing-pinterest-271\" class=\"share-pinterest sd-button share-icon no-text\" href=\"https:\/\/www.hendrik.maekeler.eu\/se\/ett-ar-som-utbyteselev-pa-vilunda\/?share=pinterest\" target=\"_blank\" title=\"Klicka f\u00f6r att dela till Pinterest\"><span><\/span><span class=\"sharing-screen-reader-text\">Klicka f\u00f6r att dela till Pinterest (\u00d6ppnas i ett nytt f\u00f6nster)<\/span><\/a><\/li><li class=\"share-reddit\"><a rel=\"nofollow noopener noreferrer\" data-shared=\"\" class=\"share-reddit sd-button share-icon no-text\" href=\"https:\/\/www.hendrik.maekeler.eu\/se\/ett-ar-som-utbyteselev-pa-vilunda\/?share=reddit\" target=\"_blank\" title=\"Klicka f\u00f6r att dela p\u00e5 Reddit\"><span><\/span><span class=\"sharing-screen-reader-text\">Klicka f\u00f6r att dela p\u00e5 Reddit (\u00d6ppnas i ett nytt f\u00f6nster)<\/span><\/a><\/li><li class=\"share-tumblr\"><a rel=\"nofollow noopener noreferrer\" data-shared=\"\" class=\"share-tumblr sd-button share-icon no-text\" href=\"https:\/\/www.hendrik.maekeler.eu\/se\/ett-ar-som-utbyteselev-pa-vilunda\/?share=tumblr\" target=\"_blank\" title=\"Klicka f\u00f6r att dela p\u00e5 Tumblr\"><span><\/span><span class=\"sharing-screen-reader-text\">Klicka f\u00f6r att dela p\u00e5 Tumblr (\u00d6ppnas i ett nytt f\u00f6nster)<\/span><\/a><\/li><li class=\"share-jetpack-whatsapp\"><a rel=\"nofollow noopener noreferrer\" data-shared=\"\" class=\"share-jetpack-whatsapp sd-button share-icon no-text\" href=\"https:\/\/www.hendrik.maekeler.eu\/se\/ett-ar-som-utbyteselev-pa-vilunda\/?share=jetpack-whatsapp\" target=\"_blank\" title=\"Klicka f\u00f6r att dela p\u00e5 WhatsApp\"><span><\/span><span class=\"sharing-screen-reader-text\">Klicka f\u00f6r att dela p\u00e5 WhatsApp (\u00d6ppnas i ett nytt f\u00f6nster)<\/span><\/a><\/li><li class=\"share-end\"><\/li><\/ul><\/div><\/div><\/div>","protected":false},"excerpt":{"rendered":"<p>Ett \u00e5r som utbyteselev p\u00e5 Vilunda, dans: VG studenter -97, Upplands V\u00e4sby 1997 [opaginerad].<\/p>\n<div class=\"sharedaddy sd-sharing-enabled\"><div class=\"robots-nocontent sd-block sd-social sd-social-icon sd-sharing\"><div class=\"sd-content\"><ul><li class=\"share-email\"><a rel=\"nofollow noopener noreferrer\" data-shared=\"\" class=\"share-email sd-button share-icon no-text\" href=\"https:\/\/www.hendrik.maekeler.eu\/se\/ett-ar-som-utbyteselev-pa-vilunda\/?share=email\" target=\"_blank\" title=\"Klicka f\u00f6r att e-posta detta till en v\u00e4n\"><span><\/span><span class=\"sharing-screen-reader-text\">Klicka f\u00f6r att e-posta detta till en v\u00e4n (\u00d6ppnas i ett nytt f\u00f6nster)<\/span><\/a><\/li><li class=\"share-print\"><a rel=\"nofollow noopener noreferrer\" data-shared=\"\" class=\"share-print sd-button share-icon no-text\" href=\"https:\/\/www.hendrik.maekeler.eu\/se\/ett-ar-som-utbyteselev-pa-vilunda\/\" target=\"_blank\" title=\"Klicka f\u00f6r utskrift\"><span><\/span><span class=\"sharing-screen-reader-text\">Klicka f\u00f6r utskrift (\u00d6ppnas i ett nytt f\u00f6nster)<\/span><\/a><\/li><li class=\"share-facebook\"><a rel=\"nofollow noopener noreferrer\" data-shared=\"sharing-facebook-271\" class=\"share-facebook sd-button share-icon no-text\" href=\"https:\/\/www.hendrik.maekeler.eu\/se\/ett-ar-som-utbyteselev-pa-vilunda\/?share=facebook\" target=\"_blank\" title=\"Klicka f\u00f6r att dela p\u00e5 Facebook\"><span><\/span><span class=\"sharing-screen-reader-text\">Klicka f\u00f6r att dela p\u00e5 Facebook (\u00d6ppnas i ett nytt f\u00f6nster)<\/span><\/a><\/li><li class=\"share-twitter\"><a rel=\"nofollow noopener noreferrer\" data-shared=\"sharing-twitter-271\" class=\"share-twitter sd-button share-icon no-text\" href=\"https:\/\/www.hendrik.maekeler.eu\/se\/ett-ar-som-utbyteselev-pa-vilunda\/?share=twitter\" target=\"_blank\" title=\"Klicka f\u00f6r att dela p\u00e5 Twitter\"><span><\/span><span class=\"sharing-screen-reader-text\">Klicka f\u00f6r att dela p\u00e5 Twitter (\u00d6ppnas i ett nytt f\u00f6nster)<\/span><\/a><\/li><li class=\"share-linkedin\"><a rel=\"nofollow noopener noreferrer\" data-shared=\"sharing-linkedin-271\" class=\"share-linkedin sd-button share-icon no-text\" href=\"https:\/\/www.hendrik.maekeler.eu\/se\/ett-ar-som-utbyteselev-pa-vilunda\/?share=linkedin\" target=\"_blank\" title=\"Klicka f\u00f6r att dela via LinkedIn\"><span><\/span><span class=\"sharing-screen-reader-text\">Klicka f\u00f6r att dela via LinkedIn (\u00d6ppnas i ett nytt f\u00f6nster)<\/span><\/a><\/li><li class=\"share-pinterest\"><a rel=\"nofollow noopener noreferrer\" data-shared=\"sharing-pinterest-271\" class=\"share-pinterest sd-button share-icon no-text\" href=\"https:\/\/www.hendrik.maekeler.eu\/se\/ett-ar-som-utbyteselev-pa-vilunda\/?share=pinterest\" target=\"_blank\" title=\"Klicka f\u00f6r att dela till Pinterest\"><span><\/span><span class=\"sharing-screen-reader-text\">Klicka f\u00f6r att dela till Pinterest (\u00d6ppnas i ett nytt f\u00f6nster)<\/span><\/a><\/li><li class=\"share-reddit\"><a rel=\"nofollow noopener noreferrer\" data-shared=\"\" class=\"share-reddit sd-button share-icon no-text\" href=\"https:\/\/www.hendrik.maekeler.eu\/se\/ett-ar-som-utbyteselev-pa-vilunda\/?share=reddit\" target=\"_blank\" title=\"Klicka f\u00f6r att dela p\u00e5 Reddit\"><span><\/span><span class=\"sharing-screen-reader-text\">Klicka f\u00f6r att dela p\u00e5 Reddit (\u00d6ppnas i ett nytt f\u00f6nster)<\/span><\/a><\/li><li class=\"share-tumblr\"><a rel=\"nofollow noopener noreferrer\" data-shared=\"\" class=\"share-tumblr sd-button share-icon no-text\" href=\"https:\/\/www.hendrik.maekeler.eu\/se\/ett-ar-som-utbyteselev-pa-vilunda\/?share=tumblr\" target=\"_blank\" title=\"Klicka f\u00f6r att dela p\u00e5 Tumblr\"><span><\/span><span class=\"sharing-screen-reader-text\">Klicka f\u00f6r att dela p\u00e5 Tumblr (\u00d6ppnas i ett nytt f\u00f6nster)<\/span><\/a><\/li><li class=\"share-jetpack-whatsapp\"><a rel=\"nofollow noopener noreferrer\" data-shared=\"\" class=\"share-jetpack-whatsapp sd-button share-icon no-text\" href=\"https:\/\/www.hendrik.maekeler.eu\/se\/ett-ar-som-utbyteselev-pa-vilunda\/?share=jetpack-whatsapp\" target=\"_blank\" title=\"Klicka f\u00f6r att dela p\u00e5 WhatsApp\"><span><\/span><span class=\"sharing-screen-reader-text\">Klicka f\u00f6r att dela p\u00e5 WhatsApp (\u00d6ppnas i ett nytt f\u00f6nster)<\/span><\/a><\/li><li class=\"share-end\"><\/li><\/ul><\/div><\/div><\/div>","protected":false},"author":1,"featured_media":0,"comment_status":"closed","ping_status":"closed","sticky":false,"template":"","format":"standard","meta":{"spay_email":"","jetpack_publicize_message":"","jetpack_is_tweetstorm":false,"jetpack_publicize_feature_enabled":true},"categories":[23],"tags":[80,79],"geo":null,"jetpack_featured_media_url":"","jetpack_publicize_connections":[],"jetpack_sharing_enabled":true,"jetpack_shortlink":"https:\/\/wp.me\/p3fDqY-4n","jetpack-related-posts":[{"id":566,"url":"https:\/\/www.hendrik.maekeler.eu\/se\/myntsamling-oppnas-for-allmanheten-igen\/","url_meta":{"origin":271,"position":0},"title":"Myntsamling \u00f6ppnas f\u00f6r allm\u00e4nheten igen","date":"2009\/10\/03","format":false,"excerpt":"18.\u00a0September 2008, TV4 Uppland, Elin Bergstr\u00f6m: Myntsamling \u00f6ppnas f\u00f6r allm\u00e4nheten igen \"Cirka 40 000 mynt fr\u00e5n hela v\u00e4rlden - vissa \u00e4ldre \u00e4n 2000 \u00e5r. Ja, det kan man nu \u00e5terigen se p\u00e5 Uppsala universitets myntkabinett som \u00f6ppnar f\u00f6r allm\u00e4nheten igen p\u00e5 l\u00f6rdag.\" (Link)September\u00a018th, 2008, TV4 Uppland, Elin Bergstr\u00f6m: Myntsamling \u00f6ppnas\u2026","rel":"","context":"I &quot;Pressbevakning&quot;","img":{"alt_text":"","src":"","width":0,"height":0},"classes":[]},{"id":839,"url":"https:\/\/www.hendrik.maekeler.eu\/se\/vikingataget-till-melle-ar-848-och-fyndet-fran-kattilstorp\/","url_meta":{"origin":271,"position":1},"title":"Vikingat\u00e5get till Melle \u00e5r 848 och fyndet fr\u00e5n K\u00e4ttilstorp i V\u00e4sterg\u00f6tland","date":"2009\/10\/26","format":false,"excerpt":"Numismatische Forschungsgruppe, Universit\u00e4t Stockholm, Forskarseminarium, 17. Februar 2010: \"Vikingat\u00e5get till Melle \u00e5r 848 och fyndet fr\u00e5n K\u00e4ttilstorp i V\u00e4sterg\u00f6tland\" Under seminariet kommer fyndet fr\u00e5n K\u00e4ttilstorp att behandlas som ett exempel p\u00e5 vilken information man kan f\u00e5 fram om man utv\u00e4rderar \u00e4ldre vetenskapliga brevv\u00e4xlingar och fyndprotokoll samt hur fyndet kan tolkas\u2026","rel":"","context":"I &quot;Tidigare konferenser&quot;","img":{"alt_text":"","src":"","width":0,"height":0},"classes":[]},{"id":1016,"url":"https:\/\/www.hendrik.maekeler.eu\/se\/harald-nilsson-hedersdoktor-i-historia-vid-uppsala-universitet\/","url_meta":{"origin":271,"position":2},"title":"Harald Nilsson hedersdoktor i historia vid Uppsala universitet","date":"2010\/02\/03","format":false,"excerpt":"[gemeinsam mit Mikael Alm und Martin Johansson] Harald Nilsson hedersdoktor i historia vid Uppsala universitet, in: Svensk Numismatisk Tidskrift (2010) 1, S. 17. Text Historisk-filosofiska fakulteten vid Uppsala universitet har utsett Harald Nilsson till hedersdoktor i historia. Nilsson \u00e4r universitetets f.d. mynt- och medaljv\u00e5rdare och har genom sitt stora engagemang\u2026","rel":"","context":"I &quot;Mindre artiklar&quot;","img":{"alt_text":"","src":"","width":0,"height":0},"classes":[]},{"id":577,"url":"https:\/\/www.hendrik.maekeler.eu\/se\/falska-mynt-mer-varda-an-akta\/","url_meta":{"origin":271,"position":3},"title":"Falska mynt mer v\u00e4rda \u00e4n \u00e4kta","date":"2009\/10\/03","format":false,"excerpt":"24. August\u00a02009, Sveriges Radio P4 Uppland, Christer Engqvist: Falska mynt mer v\u00e4rda \u00e4n \u00e4kta \"I fredags d\u00f6mdes sex medlemmar i en falskmyntarliga till f\u00e4ngelsestraff. Det var\u00a0i mars som polisen slog till och beslagtog falska dollar- och eurosedlar v\u00e4rda 2,5 miljoner svenska kronor. Dollar \u00e4r den vanligaste valutan som f\u00f6rfalskas, men\u2026","rel":"","context":"I &quot;Pressbevakning&quot;","img":{"alt_text":"","src":"","width":0,"height":0},"classes":[]},{"id":574,"url":"https:\/\/www.hendrik.maekeler.eu\/se\/inga-oren-i-planboken\/","url_meta":{"origin":271,"position":4},"title":"Inga \u00f6ren i pl\u00e5nboken","date":"2009\/10\/03","format":false,"excerpt":"26. M\u00e4rz\u00a02009, Sveriges Radio P4 Uppland, Christer Engqvist: Inga \u00f6ren i pl\u00e5nboken \"Fr\u00e5n f\u00f6rsta oktober n\u00e4sta \u00e5r blir enkronan det minsta myntet vi kan handla f\u00f6r,\u00a0p\u00e5 onsdagen\u00a0beslutade riksdagen att 50-\u00f6ringen tas bort. Hendrik M\u00e4keler, f\u00f6rsta antikvarie vid myntkabinettet vid Uppsala universitet, tycker det \u00e4r tr\u00e5kigt [...]\"March\u00a026th, 2009, Sveriges Radio P4\u2026","rel":"","context":"I &quot;Pressbevakning&quot;","img":{"alt_text":"","src":"","width":0,"height":0},"classes":[]},{"id":572,"url":"https:\/\/www.hendrik.maekeler.eu\/se\/svindlare-genom-tiderna\/","url_meta":{"origin":271,"position":5},"title":"Svindlare genom tiderna","date":"2009\/10\/03","format":false,"excerpt":"13.\u00a0M\u00e4rz 2009, Sveriges Radio P4 Uppland, Christer Engqvist und\u00a0Elisabeth Terenius: Svindlare genom tiderna \"Den st\u00f6rsta svindlaren n\u00e5nsin, Bernard Madoff,\u00a0har nu erk\u00e4nt att han under m\u00e5nga \u00e5r lurat investerare p\u00e5 miljardbelopp med s\u00e5 kallade pyramidspel. Svindleri har funnits s\u00e5 l\u00e4nge pengar funnits,\u00a0ber\u00e4ttar Hendrik M\u00e4keler, f\u00f6rsta antikvarie p\u00e5 myntkabinettet\u00a0vid Uppsala Universitet. [...]\"March\u00a013th,\u2026","rel":"","context":"I &quot;Pressbevakning&quot;","img":{"alt_text":"","src":"","width":0,"height":0},"classes":[]}],"_links":{"self":[{"href":"https:\/\/www.hendrik.maekeler.eu\/se\/wp-json\/wp\/v2\/posts\/271"}],"collection":[{"href":"https:\/\/www.hendrik.maekeler.eu\/se\/wp-json\/wp\/v2\/posts"}],"about":[{"href":"https:\/\/www.hendrik.maekeler.eu\/se\/wp-json\/wp\/v2\/types\/post"}],"author":[{"embeddable":true,"href":"https:\/\/www.hendrik.maekeler.eu\/se\/wp-json\/wp\/v2\/users\/1"}],"replies":[{"embeddable":true,"href":"https:\/\/www.hendrik.maekeler.eu\/se\/wp-json\/wp\/v2\/comments?post=271"}],"version-history":[{"count":3,"href":"https:\/\/www.hendrik.maekeler.eu\/se\/wp-json\/wp\/v2\/posts\/271\/revisions"}],"predecessor-version":[{"id":2243,"href":"https:\/\/www.hendrik.maekeler.eu\/se\/wp-json\/wp\/v2\/posts\/271\/revisions\/2243"}],"wp:attachment":[{"href":"https:\/\/www.hendrik.maekeler.eu\/se\/wp-json\/wp\/v2\/media?parent=271"}],"wp:term":[{"taxonomy":"category","embeddable":true,"href":"https:\/\/www.hendrik.maekeler.eu\/se\/wp-json\/wp\/v2\/categories?post=271"},{"taxonomy":"post_tag","embeddable":true,"href":"https:\/\/www.hendrik.maekeler.eu\/se\/wp-json\/wp\/v2\/tags?post=271"}],"curies":[{"name":"wp","href":"https:\/\/api.w.org\/{rel}","templated":true}]}}