{"id":295,"date":"2009-09-27T23:39:52","date_gmt":"2009-09-27T21:39:52","guid":{"rendered":"http:\/\/www.hendrik.maekeler.eu\/?p=295"},"modified":"2009-09-28T17:41:54","modified_gmt":"2009-09-28T15:41:54","slug":"the-treasure-of-a-jew-the-black-death-in-cologne-1349-a-d-and-joel-ben-uri-halewis-fortune","status":"publish","type":"post","link":"https:\/\/www.hendrik.maekeler.eu\/se\/the-treasure-of-a-jew-the-black-death-in-cologne-1349-a-d-and-joel-ben-uri-halewis-fortune\/","title":{"rendered":"The Treasure of a Jew. The Black Death in Cologne 1349 A.D. and Jo\u00ebl ben Uri Halewi\u2019s fortune"},"content":{"rendered":"<p>The Treasure of a Jew. The Black Death in Cologne 1349\u00a0A.D. and Jo\u00ebl ben Uri Halewi\u2019s fortune, i: International Numismatic Commission (utg.): XIV\u00a0International Numismatic Congress. Abstracts of Papers, Glasgow 2009, s.\u00a096 nr.\u00a0249.<\/p>\n<div class=\"sharedaddy sd-sharing-enabled\"><div class=\"robots-nocontent sd-block sd-social sd-social-icon sd-sharing\"><div class=\"sd-content\"><ul><li class=\"share-email\"><a rel=\"nofollow noopener noreferrer\" data-shared=\"\" class=\"share-email sd-button share-icon no-text\" href=\"https:\/\/www.hendrik.maekeler.eu\/se\/the-treasure-of-a-jew-the-black-death-in-cologne-1349-a-d-and-joel-ben-uri-halewis-fortune\/?share=email\" target=\"_blank\" title=\"Klicka f\u00f6r att e-posta detta till en v\u00e4n\"><span><\/span><span class=\"sharing-screen-reader-text\">Klicka f\u00f6r att e-posta detta till en v\u00e4n (\u00d6ppnas i ett nytt f\u00f6nster)<\/span><\/a><\/li><li class=\"share-print\"><a rel=\"nofollow noopener noreferrer\" data-shared=\"\" class=\"share-print sd-button share-icon no-text\" href=\"https:\/\/www.hendrik.maekeler.eu\/se\/the-treasure-of-a-jew-the-black-death-in-cologne-1349-a-d-and-joel-ben-uri-halewis-fortune\/\" target=\"_blank\" title=\"Klicka f\u00f6r utskrift\"><span><\/span><span class=\"sharing-screen-reader-text\">Klicka f\u00f6r utskrift (\u00d6ppnas i ett nytt f\u00f6nster)<\/span><\/a><\/li><li class=\"share-facebook\"><a rel=\"nofollow noopener noreferrer\" data-shared=\"sharing-facebook-295\" class=\"share-facebook sd-button share-icon no-text\" href=\"https:\/\/www.hendrik.maekeler.eu\/se\/the-treasure-of-a-jew-the-black-death-in-cologne-1349-a-d-and-joel-ben-uri-halewis-fortune\/?share=facebook\" target=\"_blank\" title=\"Klicka f\u00f6r att dela p\u00e5 Facebook\"><span><\/span><span class=\"sharing-screen-reader-text\">Klicka f\u00f6r att dela p\u00e5 Facebook (\u00d6ppnas i ett nytt f\u00f6nster)<\/span><\/a><\/li><li class=\"share-twitter\"><a rel=\"nofollow noopener noreferrer\" data-shared=\"sharing-twitter-295\" class=\"share-twitter sd-button share-icon no-text\" href=\"https:\/\/www.hendrik.maekeler.eu\/se\/the-treasure-of-a-jew-the-black-death-in-cologne-1349-a-d-and-joel-ben-uri-halewis-fortune\/?share=twitter\" target=\"_blank\" title=\"Klicka f\u00f6r att dela p\u00e5 Twitter\"><span><\/span><span class=\"sharing-screen-reader-text\">Klicka f\u00f6r att dela p\u00e5 Twitter (\u00d6ppnas i ett nytt f\u00f6nster)<\/span><\/a><\/li><li class=\"share-linkedin\"><a rel=\"nofollow noopener noreferrer\" data-shared=\"sharing-linkedin-295\" class=\"share-linkedin sd-button share-icon no-text\" href=\"https:\/\/www.hendrik.maekeler.eu\/se\/the-treasure-of-a-jew-the-black-death-in-cologne-1349-a-d-and-joel-ben-uri-halewis-fortune\/?share=linkedin\" target=\"_blank\" title=\"Klicka f\u00f6r att dela via LinkedIn\"><span><\/span><span class=\"sharing-screen-reader-text\">Klicka f\u00f6r att dela via LinkedIn (\u00d6ppnas i ett nytt f\u00f6nster)<\/span><\/a><\/li><li class=\"share-pinterest\"><a rel=\"nofollow noopener noreferrer\" data-shared=\"sharing-pinterest-295\" class=\"share-pinterest sd-button share-icon no-text\" href=\"https:\/\/www.hendrik.maekeler.eu\/se\/the-treasure-of-a-jew-the-black-death-in-cologne-1349-a-d-and-joel-ben-uri-halewis-fortune\/?share=pinterest\" target=\"_blank\" title=\"Klicka f\u00f6r att dela till Pinterest\"><span><\/span><span class=\"sharing-screen-reader-text\">Klicka f\u00f6r att dela till Pinterest (\u00d6ppnas i ett nytt f\u00f6nster)<\/span><\/a><\/li><li class=\"share-reddit\"><a rel=\"nofollow noopener noreferrer\" data-shared=\"\" class=\"share-reddit sd-button share-icon no-text\" href=\"https:\/\/www.hendrik.maekeler.eu\/se\/the-treasure-of-a-jew-the-black-death-in-cologne-1349-a-d-and-joel-ben-uri-halewis-fortune\/?share=reddit\" target=\"_blank\" title=\"Klicka f\u00f6r att dela p\u00e5 Reddit\"><span><\/span><span class=\"sharing-screen-reader-text\">Klicka f\u00f6r att dela p\u00e5 Reddit (\u00d6ppnas i ett nytt f\u00f6nster)<\/span><\/a><\/li><li class=\"share-tumblr\"><a rel=\"nofollow noopener noreferrer\" data-shared=\"\" class=\"share-tumblr sd-button share-icon no-text\" href=\"https:\/\/www.hendrik.maekeler.eu\/se\/the-treasure-of-a-jew-the-black-death-in-cologne-1349-a-d-and-joel-ben-uri-halewis-fortune\/?share=tumblr\" target=\"_blank\" title=\"Klicka f\u00f6r att dela p\u00e5 Tumblr\"><span><\/span><span class=\"sharing-screen-reader-text\">Klicka f\u00f6r att dela p\u00e5 Tumblr (\u00d6ppnas i ett nytt f\u00f6nster)<\/span><\/a><\/li><li class=\"share-jetpack-whatsapp\"><a rel=\"nofollow noopener noreferrer\" data-shared=\"\" class=\"share-jetpack-whatsapp sd-button share-icon no-text\" href=\"https:\/\/www.hendrik.maekeler.eu\/se\/the-treasure-of-a-jew-the-black-death-in-cologne-1349-a-d-and-joel-ben-uri-halewis-fortune\/?share=jetpack-whatsapp\" target=\"_blank\" title=\"Klicka f\u00f6r att dela p\u00e5 WhatsApp\"><span><\/span><span class=\"sharing-screen-reader-text\">Klicka f\u00f6r att dela p\u00e5 WhatsApp (\u00d6ppnas i ett nytt f\u00f6nster)<\/span><\/a><\/li><li class=\"share-end\"><\/li><\/ul><\/div><\/div><\/div>","protected":false},"excerpt":{"rendered":"<p>The Treasure of a Jew. The Black Death in Cologne 1349\u00a0A.D. and Jo\u00ebl ben Uri Halewi\u2019s fortune, i: International Numismatic Commission (utg.): XIV\u00a0International Numismatic Congress. Abstracts of Papers, Glasgow 2009, s.\u00a096 nr.\u00a0249.<\/p>\n<div class=\"sharedaddy sd-sharing-enabled\"><div class=\"robots-nocontent sd-block sd-social sd-social-icon sd-sharing\"><div class=\"sd-content\"><ul><li class=\"share-email\"><a rel=\"nofollow noopener noreferrer\" data-shared=\"\" class=\"share-email sd-button share-icon no-text\" href=\"https:\/\/www.hendrik.maekeler.eu\/se\/the-treasure-of-a-jew-the-black-death-in-cologne-1349-a-d-and-joel-ben-uri-halewis-fortune\/?share=email\" target=\"_blank\" title=\"Klicka f\u00f6r att e-posta detta till en v\u00e4n\"><span><\/span><span class=\"sharing-screen-reader-text\">Klicka f\u00f6r att e-posta detta till en v\u00e4n (\u00d6ppnas i ett nytt f\u00f6nster)<\/span><\/a><\/li><li class=\"share-print\"><a rel=\"nofollow noopener noreferrer\" data-shared=\"\" class=\"share-print sd-button share-icon no-text\" href=\"https:\/\/www.hendrik.maekeler.eu\/se\/the-treasure-of-a-jew-the-black-death-in-cologne-1349-a-d-and-joel-ben-uri-halewis-fortune\/\" target=\"_blank\" title=\"Klicka f\u00f6r utskrift\"><span><\/span><span class=\"sharing-screen-reader-text\">Klicka f\u00f6r utskrift (\u00d6ppnas i ett nytt f\u00f6nster)<\/span><\/a><\/li><li class=\"share-facebook\"><a rel=\"nofollow noopener noreferrer\" data-shared=\"sharing-facebook-295\" class=\"share-facebook sd-button share-icon no-text\" href=\"https:\/\/www.hendrik.maekeler.eu\/se\/the-treasure-of-a-jew-the-black-death-in-cologne-1349-a-d-and-joel-ben-uri-halewis-fortune\/?share=facebook\" target=\"_blank\" title=\"Klicka f\u00f6r att dela p\u00e5 Facebook\"><span><\/span><span class=\"sharing-screen-reader-text\">Klicka f\u00f6r att dela p\u00e5 Facebook (\u00d6ppnas i ett nytt f\u00f6nster)<\/span><\/a><\/li><li class=\"share-twitter\"><a rel=\"nofollow noopener noreferrer\" data-shared=\"sharing-twitter-295\" class=\"share-twitter sd-button share-icon no-text\" href=\"https:\/\/www.hendrik.maekeler.eu\/se\/the-treasure-of-a-jew-the-black-death-in-cologne-1349-a-d-and-joel-ben-uri-halewis-fortune\/?share=twitter\" target=\"_blank\" title=\"Klicka f\u00f6r att dela p\u00e5 Twitter\"><span><\/span><span class=\"sharing-screen-reader-text\">Klicka f\u00f6r att dela p\u00e5 Twitter (\u00d6ppnas i ett nytt f\u00f6nster)<\/span><\/a><\/li><li class=\"share-linkedin\"><a rel=\"nofollow noopener noreferrer\" data-shared=\"sharing-linkedin-295\" class=\"share-linkedin sd-button share-icon no-text\" href=\"https:\/\/www.hendrik.maekeler.eu\/se\/the-treasure-of-a-jew-the-black-death-in-cologne-1349-a-d-and-joel-ben-uri-halewis-fortune\/?share=linkedin\" target=\"_blank\" title=\"Klicka f\u00f6r att dela via LinkedIn\"><span><\/span><span class=\"sharing-screen-reader-text\">Klicka f\u00f6r att dela via LinkedIn (\u00d6ppnas i ett nytt f\u00f6nster)<\/span><\/a><\/li><li class=\"share-pinterest\"><a rel=\"nofollow noopener noreferrer\" data-shared=\"sharing-pinterest-295\" class=\"share-pinterest sd-button share-icon no-text\" href=\"https:\/\/www.hendrik.maekeler.eu\/se\/the-treasure-of-a-jew-the-black-death-in-cologne-1349-a-d-and-joel-ben-uri-halewis-fortune\/?share=pinterest\" target=\"_blank\" title=\"Klicka f\u00f6r att dela till Pinterest\"><span><\/span><span class=\"sharing-screen-reader-text\">Klicka f\u00f6r att dela till Pinterest (\u00d6ppnas i ett nytt f\u00f6nster)<\/span><\/a><\/li><li class=\"share-reddit\"><a rel=\"nofollow noopener noreferrer\" data-shared=\"\" class=\"share-reddit sd-button share-icon no-text\" href=\"https:\/\/www.hendrik.maekeler.eu\/se\/the-treasure-of-a-jew-the-black-death-in-cologne-1349-a-d-and-joel-ben-uri-halewis-fortune\/?share=reddit\" target=\"_blank\" title=\"Klicka f\u00f6r att dela p\u00e5 Reddit\"><span><\/span><span class=\"sharing-screen-reader-text\">Klicka f\u00f6r att dela p\u00e5 Reddit (\u00d6ppnas i ett nytt f\u00f6nster)<\/span><\/a><\/li><li class=\"share-tumblr\"><a rel=\"nofollow noopener noreferrer\" data-shared=\"\" class=\"share-tumblr sd-button share-icon no-text\" href=\"https:\/\/www.hendrik.maekeler.eu\/se\/the-treasure-of-a-jew-the-black-death-in-cologne-1349-a-d-and-joel-ben-uri-halewis-fortune\/?share=tumblr\" target=\"_blank\" title=\"Klicka f\u00f6r att dela p\u00e5 Tumblr\"><span><\/span><span class=\"sharing-screen-reader-text\">Klicka f\u00f6r att dela p\u00e5 Tumblr (\u00d6ppnas i ett nytt f\u00f6nster)<\/span><\/a><\/li><li class=\"share-jetpack-whatsapp\"><a rel=\"nofollow noopener noreferrer\" data-shared=\"\" class=\"share-jetpack-whatsapp sd-button share-icon no-text\" href=\"https:\/\/www.hendrik.maekeler.eu\/se\/the-treasure-of-a-jew-the-black-death-in-cologne-1349-a-d-and-joel-ben-uri-halewis-fortune\/?share=jetpack-whatsapp\" target=\"_blank\" title=\"Klicka f\u00f6r att dela p\u00e5 WhatsApp\"><span><\/span><span class=\"sharing-screen-reader-text\">Klicka f\u00f6r att dela p\u00e5 WhatsApp (\u00d6ppnas i ett nytt f\u00f6nster)<\/span><\/a><\/li><li class=\"share-end\"><\/li><\/ul><\/div><\/div><\/div>","protected":false},"author":1,"featured_media":0,"comment_status":"closed","ping_status":"closed","sticky":false,"template":"","format":"standard","meta":{"spay_email":"","jetpack_publicize_message":"","jetpack_is_tweetstorm":false,"jetpack_publicize_feature_enabled":true},"categories":[23],"tags":[53,50,64,46,47,121,49],"geo":null,"jetpack_featured_media_url":"","jetpack_publicize_connections":[],"jetpack_sharing_enabled":true,"jetpack_shortlink":"https:\/\/wp.me\/p3fDqY-4L","jetpack-related-posts":[{"id":650,"url":"https:\/\/www.hendrik.maekeler.eu\/se\/the-treasure-of-a-jew\/","url_meta":{"origin":295,"position":0},"title":"The Treasure of a Jew. The Black Death in Cologne 1349 A.D. and Jo\u00ebl ben Uri Halewi\u2019s fortune","date":"2009\/10\/04","format":false,"excerpt":"XIV\u00a0International Numismatic Congress, Universit\u00e4t Glasgow, Boyd Orr Building, 31.\u00a0August bis 4.\u00a0September 2009: \u201eThe Treasure of a Jew. The Black Death in Cologne 1349\u00a0A.D. and Jo\u00ebl ben Uri Halewi\u2019s fortune\u201cXIV\u00a0International Numismatic Congress, University of Glasgow, Boyd Orr Building, August\u00a031st to September 4th, 2009: \u201cThe Treasure of a Jew. The Black Death\u2026","rel":"","context":"I &quot;Tidigare konferenser&quot;","img":{"alt_text":"","src":"","width":0,"height":0},"classes":[]},{"id":632,"url":"https:\/\/www.hendrik.maekeler.eu\/se\/joel-ben-uri-halewis-skatt\/","url_meta":{"origin":295,"position":1},"title":"Joel ben Uri Halewis skatt","date":"2009\/10\/03","format":false,"excerpt":"Seminar f\u00fcr Mittelalter- und Renaissancestudien am\u00a0Kunstwissenschaftlichen Institut, Universit\u00e4t Uppsala, 16.\u00a0Februar 2009: \u201eJoel ben Uri Halewis skatt\u201cSeminariet f\u00f6r medeltids- och ren\u00e4ssansstudier vid Konstvetenskapliga institutionen, Uppsala University, February\u00a016th, 2009: \u201cJoel ben Uri Halewis skatt\u201dSeminariet f\u00f6r medeltids- och ren\u00e4ssansstudier vid Konstvetenskapliga institutionen, Uppsala universitet, 16.\u00a0februari 2009: \u201cJoel ben Uri Halewis skatt\u201d","rel":"","context":"I &quot;Tidigare konferenser&quot;","img":{"alt_text":"","src":"","width":0,"height":0},"classes":[]},{"id":1193,"url":"https:\/\/www.hendrik.maekeler.eu\/se\/der-schatz-des-joel-ben-uri-halewi\/","url_meta":{"origin":295,"position":2},"title":"Der Schatz des Joel ben Uri Halewi. Der K\u00f6lner \u201eRathausfund\u201c von 1953 als Zeugnis der Judenpogrome im Jahr 1349","date":"2010\/10\/25","format":false,"excerpt":"Hendrik M\u00e4keler: Der Schatz des Joel ben Uri Halewi. Der K\u00f6lner \u201eRathausfund\u201c von 1953 als Zeugnis der Judenpogrome im Jahr 1349, in: Werner Sch\u00e4fke und Marcus Trier unter Mitarbeit von Bettina Mosler (Hrsg.): Mittelalter in K\u00f6ln. Eine Auswahl aus den Best\u00e4nden des K\u00f6lnischen Stadtmuseums, K\u00f6ln 2010, S. 111-117 und 356-407.\u2026","rel":"","context":"I &quot;Artiklar&quot;","img":{"alt_text":"","src":"https:\/\/i1.wp.com\/www.hendrik.maekeler.eu\/wp-content\/uploads\/2010\/10\/schaefkemittelalter-217x300.jpg?resize=350%2C200","width":350,"height":200},"classes":[]},{"id":285,"url":"https:\/\/www.hendrik.maekeler.eu\/se\/schatzmotiv-in-der-altnordischen-sagaliteratur\/","url_meta":{"origin":295,"position":3},"title":"Zum Schatzmotiv in der altnordischen Sagaliteratur","date":"2009\/09\/27","format":false,"excerpt":"Zum Schatzmotiv in der altnordischen Sagaliteratur, in: XIII Congreso Internacional de Numism\u00e1tica \u2013 13th International Numismatic Congress \u2013 XIII\u00e8me Congr\u00e8s International de Numismatique. Res\u00famenes de las Comunicaciones \u2013 Abstracts of Papers \u2013 R\u00e9sumen\u00e9s des Communications, Madrid 2003, S. 176 Nr. 217.Zum Schatzmotiv in der altnordischen Sagaliteratur, in: XIII Congreso Internacional\u2026","rel":"","context":"I &quot;Mindre artiklar&quot;","img":{"alt_text":"","src":"","width":0,"height":0},"classes":[]},{"id":1713,"url":"https:\/\/www.hendrik.maekeler.eu\/se\/money-in-history\/","url_meta":{"origin":295,"position":4},"title":"Money in History","date":"2012\/08\/08","format":false,"excerpt":"Universit\u00e4t Mannheim Historisches Institut Die aktuellen Finanz- und W\u00e4hrungskrisen haben eine erschreckende Unf\u00e4higkeit erkennen lassen, monet\u00e4ren Herausforderungen ad\u00e4quat zu begegnen, obgleich derartige Probleme seit Jahrhunderten bekannt sind. Geld ist zudem schon immer ein Schl\u00fcsselelement f\u00fcr das Erreichen (oder Nichterreichen) von Gerechtigkeit in historischen und modernen Gesellschaften gewesen. Daher werden in\u2026","rel":"","context":"I &quot;2012\/13 H\u00f6sttermin&quot;","img":{"alt_text":"","src":"","width":0,"height":0},"classes":[]},{"id":1255,"url":"https:\/\/www.hendrik.maekeler.eu\/se\/globalised-monetary-systems-of-the-viking-age\/","url_meta":{"origin":295,"position":5},"title":"Globalised monetary systems of the Viking Age","date":"2010\/11\/24","format":false,"excerpt":"University of Leeds, International Medieval Congress 2011, 11.-14. Juli 2011: \"Globalised monetary systems of the Viking Age\" Abstract The medieval monetary system was globalised by and large, at least it covered most of the by then known world. However, the resulting implications have never been studied systematically before. Yet, there\u2026","rel":"","context":"I &quot;Tidigare konferenser&quot;","img":{"alt_text":"","src":"","width":0,"height":0},"classes":[]}],"_links":{"self":[{"href":"https:\/\/www.hendrik.maekeler.eu\/se\/wp-json\/wp\/v2\/posts\/295"}],"collection":[{"href":"https:\/\/www.hendrik.maekeler.eu\/se\/wp-json\/wp\/v2\/posts"}],"about":[{"href":"https:\/\/www.hendrik.maekeler.eu\/se\/wp-json\/wp\/v2\/types\/post"}],"author":[{"embeddable":true,"href":"https:\/\/www.hendrik.maekeler.eu\/se\/wp-json\/wp\/v2\/users\/1"}],"replies":[{"embeddable":true,"href":"https:\/\/www.hendrik.maekeler.eu\/se\/wp-json\/wp\/v2\/comments?post=295"}],"version-history":[{"count":5,"href":"https:\/\/www.hendrik.maekeler.eu\/se\/wp-json\/wp\/v2\/posts\/295\/revisions"}],"predecessor-version":[{"id":358,"href":"https:\/\/www.hendrik.maekeler.eu\/se\/wp-json\/wp\/v2\/posts\/295\/revisions\/358"}],"wp:attachment":[{"href":"https:\/\/www.hendrik.maekeler.eu\/se\/wp-json\/wp\/v2\/media?parent=295"}],"wp:term":[{"taxonomy":"category","embeddable":true,"href":"https:\/\/www.hendrik.maekeler.eu\/se\/wp-json\/wp\/v2\/categories?post=295"},{"taxonomy":"post_tag","embeddable":true,"href":"https:\/\/www.hendrik.maekeler.eu\/se\/wp-json\/wp\/v2\/tags?post=295"}],"curies":[{"name":"wp","href":"https:\/\/api.w.org\/{rel}","templated":true}]}}