{"id":690,"date":"2009-10-04T14:46:45","date_gmt":"2009-10-04T12:46:45","guid":{"rendered":"http:\/\/www.hendrik.maekeler.eu\/?p=690"},"modified":"2011-04-17T22:29:49","modified_gmt":"2011-04-17T20:29:49","slug":"mediavistenverband-e-v","status":"publish","type":"post","link":"https:\/\/www.hendrik.maekeler.eu\/se\/mediavistenverband-e-v\/","title":{"rendered":"Medi\u00e4vistenverband e.V."},"content":{"rendered":"<p><a href=\"http:\/\/www.mediaevistenverband.de\/\" target=\"_blank\">Medi\u00e4vistenverband e.V.<\/a>, medlem sedan 2001<\/p>\n<div class=\"sharedaddy sd-sharing-enabled\"><div class=\"robots-nocontent sd-block sd-social sd-social-icon sd-sharing\"><div class=\"sd-content\"><ul><li class=\"share-email\"><a rel=\"nofollow noopener noreferrer\" data-shared=\"\" class=\"share-email sd-button share-icon no-text\" href=\"https:\/\/www.hendrik.maekeler.eu\/se\/mediavistenverband-e-v\/?share=email\" target=\"_blank\" title=\"Klicka f\u00f6r att e-posta detta till en v\u00e4n\"><span><\/span><span class=\"sharing-screen-reader-text\">Klicka f\u00f6r att e-posta detta till en v\u00e4n (\u00d6ppnas i ett nytt f\u00f6nster)<\/span><\/a><\/li><li class=\"share-print\"><a rel=\"nofollow noopener noreferrer\" data-shared=\"\" class=\"share-print sd-button share-icon no-text\" href=\"https:\/\/www.hendrik.maekeler.eu\/se\/mediavistenverband-e-v\/\" target=\"_blank\" title=\"Klicka f\u00f6r utskrift\"><span><\/span><span class=\"sharing-screen-reader-text\">Klicka f\u00f6r utskrift (\u00d6ppnas i ett nytt f\u00f6nster)<\/span><\/a><\/li><li class=\"share-facebook\"><a rel=\"nofollow noopener noreferrer\" data-shared=\"sharing-facebook-690\" class=\"share-facebook sd-button share-icon no-text\" href=\"https:\/\/www.hendrik.maekeler.eu\/se\/mediavistenverband-e-v\/?share=facebook\" target=\"_blank\" title=\"Klicka f\u00f6r att dela p\u00e5 Facebook\"><span><\/span><span class=\"sharing-screen-reader-text\">Klicka f\u00f6r att dela p\u00e5 Facebook (\u00d6ppnas i ett nytt f\u00f6nster)<\/span><\/a><\/li><li class=\"share-twitter\"><a rel=\"nofollow noopener noreferrer\" data-shared=\"sharing-twitter-690\" class=\"share-twitter sd-button share-icon no-text\" href=\"https:\/\/www.hendrik.maekeler.eu\/se\/mediavistenverband-e-v\/?share=twitter\" target=\"_blank\" title=\"Klicka f\u00f6r att dela p\u00e5 Twitter\"><span><\/span><span class=\"sharing-screen-reader-text\">Klicka f\u00f6r att dela p\u00e5 Twitter (\u00d6ppnas i ett nytt f\u00f6nster)<\/span><\/a><\/li><li class=\"share-linkedin\"><a rel=\"nofollow noopener noreferrer\" data-shared=\"sharing-linkedin-690\" class=\"share-linkedin sd-button share-icon no-text\" href=\"https:\/\/www.hendrik.maekeler.eu\/se\/mediavistenverband-e-v\/?share=linkedin\" target=\"_blank\" title=\"Klicka f\u00f6r att dela via LinkedIn\"><span><\/span><span class=\"sharing-screen-reader-text\">Klicka f\u00f6r att dela via LinkedIn (\u00d6ppnas i ett nytt f\u00f6nster)<\/span><\/a><\/li><li class=\"share-pinterest\"><a rel=\"nofollow noopener noreferrer\" data-shared=\"sharing-pinterest-690\" class=\"share-pinterest sd-button share-icon no-text\" href=\"https:\/\/www.hendrik.maekeler.eu\/se\/mediavistenverband-e-v\/?share=pinterest\" target=\"_blank\" title=\"Klicka f\u00f6r att dela till Pinterest\"><span><\/span><span class=\"sharing-screen-reader-text\">Klicka f\u00f6r att dela till Pinterest (\u00d6ppnas i ett nytt f\u00f6nster)<\/span><\/a><\/li><li class=\"share-reddit\"><a rel=\"nofollow noopener noreferrer\" data-shared=\"\" class=\"share-reddit sd-button share-icon no-text\" href=\"https:\/\/www.hendrik.maekeler.eu\/se\/mediavistenverband-e-v\/?share=reddit\" target=\"_blank\" title=\"Klicka f\u00f6r att dela p\u00e5 Reddit\"><span><\/span><span class=\"sharing-screen-reader-text\">Klicka f\u00f6r att dela p\u00e5 Reddit (\u00d6ppnas i ett nytt f\u00f6nster)<\/span><\/a><\/li><li class=\"share-tumblr\"><a rel=\"nofollow noopener noreferrer\" data-shared=\"\" class=\"share-tumblr sd-button share-icon no-text\" href=\"https:\/\/www.hendrik.maekeler.eu\/se\/mediavistenverband-e-v\/?share=tumblr\" target=\"_blank\" title=\"Klicka f\u00f6r att dela p\u00e5 Tumblr\"><span><\/span><span class=\"sharing-screen-reader-text\">Klicka f\u00f6r att dela p\u00e5 Tumblr (\u00d6ppnas i ett nytt f\u00f6nster)<\/span><\/a><\/li><li class=\"share-jetpack-whatsapp\"><a rel=\"nofollow noopener noreferrer\" data-shared=\"\" class=\"share-jetpack-whatsapp sd-button share-icon no-text\" href=\"https:\/\/www.hendrik.maekeler.eu\/se\/mediavistenverband-e-v\/?share=jetpack-whatsapp\" target=\"_blank\" title=\"Klicka f\u00f6r att dela p\u00e5 WhatsApp\"><span><\/span><span class=\"sharing-screen-reader-text\">Klicka f\u00f6r att dela p\u00e5 WhatsApp (\u00d6ppnas i ett nytt f\u00f6nster)<\/span><\/a><\/li><li class=\"share-end\"><\/li><\/ul><\/div><\/div><\/div>","protected":false},"excerpt":{"rendered":"<p>Medi\u00e4vistenverband e.V., medlem sedan 2001<\/p>\n<div class=\"sharedaddy sd-sharing-enabled\"><div class=\"robots-nocontent sd-block sd-social sd-social-icon sd-sharing\"><div class=\"sd-content\"><ul><li class=\"share-email\"><a rel=\"nofollow noopener noreferrer\" data-shared=\"\" class=\"share-email sd-button share-icon no-text\" href=\"https:\/\/www.hendrik.maekeler.eu\/se\/mediavistenverband-e-v\/?share=email\" target=\"_blank\" title=\"Klicka f\u00f6r att e-posta detta till en v\u00e4n\"><span><\/span><span class=\"sharing-screen-reader-text\">Klicka f\u00f6r att e-posta detta till en v\u00e4n (\u00d6ppnas i ett nytt f\u00f6nster)<\/span><\/a><\/li><li class=\"share-print\"><a rel=\"nofollow noopener noreferrer\" data-shared=\"\" class=\"share-print sd-button share-icon no-text\" href=\"https:\/\/www.hendrik.maekeler.eu\/se\/mediavistenverband-e-v\/\" target=\"_blank\" title=\"Klicka f\u00f6r utskrift\"><span><\/span><span class=\"sharing-screen-reader-text\">Klicka f\u00f6r utskrift (\u00d6ppnas i ett nytt f\u00f6nster)<\/span><\/a><\/li><li class=\"share-facebook\"><a rel=\"nofollow noopener noreferrer\" data-shared=\"sharing-facebook-690\" class=\"share-facebook sd-button share-icon no-text\" href=\"https:\/\/www.hendrik.maekeler.eu\/se\/mediavistenverband-e-v\/?share=facebook\" target=\"_blank\" title=\"Klicka f\u00f6r att dela p\u00e5 Facebook\"><span><\/span><span class=\"sharing-screen-reader-text\">Klicka f\u00f6r att dela p\u00e5 Facebook (\u00d6ppnas i ett nytt f\u00f6nster)<\/span><\/a><\/li><li class=\"share-twitter\"><a rel=\"nofollow noopener noreferrer\" data-shared=\"sharing-twitter-690\" class=\"share-twitter sd-button share-icon no-text\" href=\"https:\/\/www.hendrik.maekeler.eu\/se\/mediavistenverband-e-v\/?share=twitter\" target=\"_blank\" title=\"Klicka f\u00f6r att dela p\u00e5 Twitter\"><span><\/span><span class=\"sharing-screen-reader-text\">Klicka f\u00f6r att dela p\u00e5 Twitter (\u00d6ppnas i ett nytt f\u00f6nster)<\/span><\/a><\/li><li class=\"share-linkedin\"><a rel=\"nofollow noopener noreferrer\" data-shared=\"sharing-linkedin-690\" class=\"share-linkedin sd-button share-icon no-text\" href=\"https:\/\/www.hendrik.maekeler.eu\/se\/mediavistenverband-e-v\/?share=linkedin\" target=\"_blank\" title=\"Klicka f\u00f6r att dela via LinkedIn\"><span><\/span><span class=\"sharing-screen-reader-text\">Klicka f\u00f6r att dela via LinkedIn (\u00d6ppnas i ett nytt f\u00f6nster)<\/span><\/a><\/li><li class=\"share-pinterest\"><a rel=\"nofollow noopener noreferrer\" data-shared=\"sharing-pinterest-690\" class=\"share-pinterest sd-button share-icon no-text\" href=\"https:\/\/www.hendrik.maekeler.eu\/se\/mediavistenverband-e-v\/?share=pinterest\" target=\"_blank\" title=\"Klicka f\u00f6r att dela till Pinterest\"><span><\/span><span class=\"sharing-screen-reader-text\">Klicka f\u00f6r att dela till Pinterest (\u00d6ppnas i ett nytt f\u00f6nster)<\/span><\/a><\/li><li class=\"share-reddit\"><a rel=\"nofollow noopener noreferrer\" data-shared=\"\" class=\"share-reddit sd-button share-icon no-text\" href=\"https:\/\/www.hendrik.maekeler.eu\/se\/mediavistenverband-e-v\/?share=reddit\" target=\"_blank\" title=\"Klicka f\u00f6r att dela p\u00e5 Reddit\"><span><\/span><span class=\"sharing-screen-reader-text\">Klicka f\u00f6r att dela p\u00e5 Reddit (\u00d6ppnas i ett nytt f\u00f6nster)<\/span><\/a><\/li><li class=\"share-tumblr\"><a rel=\"nofollow noopener noreferrer\" data-shared=\"\" class=\"share-tumblr sd-button share-icon no-text\" href=\"https:\/\/www.hendrik.maekeler.eu\/se\/mediavistenverband-e-v\/?share=tumblr\" target=\"_blank\" title=\"Klicka f\u00f6r att dela p\u00e5 Tumblr\"><span><\/span><span class=\"sharing-screen-reader-text\">Klicka f\u00f6r att dela p\u00e5 Tumblr (\u00d6ppnas i ett nytt f\u00f6nster)<\/span><\/a><\/li><li class=\"share-jetpack-whatsapp\"><a rel=\"nofollow noopener noreferrer\" data-shared=\"\" class=\"share-jetpack-whatsapp sd-button share-icon no-text\" href=\"https:\/\/www.hendrik.maekeler.eu\/se\/mediavistenverband-e-v\/?share=jetpack-whatsapp\" target=\"_blank\" title=\"Klicka f\u00f6r att dela p\u00e5 WhatsApp\"><span><\/span><span class=\"sharing-screen-reader-text\">Klicka f\u00f6r att dela p\u00e5 WhatsApp (\u00d6ppnas i ett nytt f\u00f6nster)<\/span><\/a><\/li><li class=\"share-end\"><\/li><\/ul><\/div><\/div><\/div>","protected":false},"author":1,"featured_media":0,"comment_status":"closed","ping_status":"closed","sticky":false,"template":"","format":"standard","meta":{"spay_email":"","jetpack_publicize_message":"","jetpack_is_tweetstorm":false,"jetpack_publicize_feature_enabled":true},"categories":[5],"tags":[731],"geo":null,"jetpack_featured_media_url":"","jetpack_publicize_connections":[],"jetpack_sharing_enabled":true,"jetpack_shortlink":"https:\/\/wp.me\/p3fDqY-b8","jetpack-related-posts":[{"id":685,"url":"https:\/\/www.hendrik.maekeler.eu\/se\/schweizerische-numismatische-gesellschaft\/","url_meta":{"origin":690,"position":0},"title":"Schweizerische Numismatische Gesellschaft","date":"2009\/10\/04","format":false,"excerpt":"Schweizerische Numismatische Gesellschaft, Mitglied seit 2005Swiss Numismatic Society, member since 2005Soci\u00e9t\u00e9 Suisse de Numismatique, membre depuis 2005Schweizerische Numismatische Gesellschaft, medlem sedan\u00a02005","rel":"","context":"I &quot;Medlemskap&quot;","img":{"alt_text":"","src":"","width":0,"height":0},"classes":[]},{"id":1448,"url":"https:\/\/www.hendrik.maekeler.eu\/se\/hvad-ar-pengar\/","url_meta":{"origin":690,"position":1},"title":"\u201dHvad \u00e4r pengar\u201d \u2013 Carl Jonas Love Almqvist och andra f\u00f6rfattare om mynt och pengar","date":"2011\/06\/09","format":false,"excerpt":"Schwedische Numismatische Gesellschaft, Ban\u00e9rgatan 17, Stockholm, 30. November 2011, 18 Uhr: \"'Hvad \u00e4r pengar' \u2013 Carl Jonas Love Almqvist och andra f\u00f6rfattare om mynt och pengar\" Swedish Numismatic Society, Ban\u00e9rgatan 17, Stockholm, November 30, 2011, 6p.m.: \"'Hvad \u00e4r pengar' \u2013 Carl Jonas Love Almqvist och andra f\u00f6rfattare om mynt och\u2026","rel":"","context":"I &quot;Tidigare konferenser&quot;","img":{"alt_text":"","src":"","width":0,"height":0},"classes":[]},{"id":421,"url":"https:\/\/www.hendrik.maekeler.eu\/se\/klaus-grubmuller-markus-stock-geld-im-mittelalter-wahrnehmung-bewertung-symbolik\/","url_meta":{"origin":690,"position":2},"title":"Klaus Grubm\u00fcller \/ Markus Stock (Hg.): Geld im Mittelalter. Wahrnehmung \u2013 Bewertung \u2013 Symbolik","date":"2009\/09\/28","format":false,"excerpt":"Klaus Grubm\u00fcller \/ Markus Stock (Hg.): Geld im Mittelalter. Wahrnehmung \u2013 Bewertung \u2013 Symbolik [\u2026], in: sehepunkte 6 (2006), Nr. 3 [15.03.2006]. Links: http:\/\/www.sehepunkte.historicum.net\/ 2006\/03\/9358.html und http:\/\/www.sehepunkte.historicum.net\/ 2006\/03\/pdf\/9358.pdf Rezension Die Einf\u00fchrung des Euro hat zu einer intensiveren Besch\u00e4ftigung mit dem Ph\u00e4nomen \"Geld\" in den verschiedensten Wissenschaftsbereichen gef\u00fchrt. Davon zeugt auch\u2026","rel":"","context":"I &quot;Recensioner&quot;","img":{"alt_text":"","src":"","width":0,"height":0},"classes":[]},{"id":2379,"url":"https:\/\/www.hendrik.maekeler.eu\/se\/muenzpraegung-als-mittel-der-macht-eine-historische-betrachtung-fuer-brandenburg-und-preussen\/","url_meta":{"origin":690,"position":3},"title":"(Deutsch) M\u00fcnzpr\u00e4gung als Mittel der Macht. Eine historische Betrachtung f\u00fcr Brandenburg und Preu\u00dfen","date":"2019\/10\/31","format":false,"excerpt":"Tyv\u00e4rr \u00e4r denna artikel enbart tillg\u00e4nglig p\u00e5 Tyska.[gemeinsam mit Christian Stoess] M\u00fcnzpr\u00e4gung als Mittel der Macht. Eine historische Betrachtung f\u00fcr Brandenburg und Preu\u00dfen (Forum Bundesbank. F\u00fcr B\u00fcrgerinnen und B\u00fcrger), Deutsche Bundesbank, Hauptverwaltung in Berlin und Brandenburg, in Zusammenarbeit mit dem M\u00fcnzkabinett der Staatlichen Museen zu Berlin und der Urania Berlin\u2026","rel":"","context":"I &quot;Tidigare konferenser&quot;","img":{"alt_text":"","src":"https:\/\/i1.wp.com\/www.hendrik.maekeler.eu\/wp-content\/uploads\/2019\/10\/Berlin-2019-213x300.jpg?resize=350%2C200&ssl=1","width":350,"height":200},"classes":[]},{"id":957,"url":"https:\/\/www.hendrik.maekeler.eu\/se\/ware-die-finanzkrise-unter-berucksichtigung-historischer-erfahrungen-vermeidbar-gewesen\/","url_meta":{"origin":690,"position":4},"title":"[bidrag podiumsdiskussion] W\u00e4re die Finanzkrise unter Ber\u00fccksichtigung historischer Erfahrungen vermeidbar gewesen? Worauf mu\u00df in Zukunft geachtet werden?","date":"2010\/01\/10","format":false,"excerpt":"[Beitrag Podiumsdiskussion] W\u00e4re die Finanzkrise unter Ber\u00fccksichtigung historischer Erfahrungen vermeidbar gewesen? Worauf mu\u00df in Zukunft geachtet werden?, in: Die Internationale Finanzkrise: Was an ihr ist neu, was alt? Worauf mu\u00df in Zukunft geachtet werden? 31. Symposium des Instituts f\u00fcr bankhistorische Forschung e.V. am 10. Juni 2009 in der Hauptverwaltung Frankfurt\u2026","rel":"","context":"I &quot;Mindre artiklar&quot;","img":{"alt_text":"","src":"","width":0,"height":0},"classes":[]},{"id":75,"url":"https:\/\/www.hendrik.maekeler.eu\/se\/monumenta-germaniae-historica\/","url_meta":{"origin":690,"position":5},"title":"Monumenta Germaniae Historica (MGH)","date":"2009\/09\/27","format":false,"excerpt":"Die Monumenta Germaniae Historica sind in zahlreiche Reihen und Unterreihen gegliedert. Detaillierte Einzelaufstellungen finden sich im Gesamtverzeichnis der Monumenta Germaniae Historica. Weitere Informationen zu den MGH werden auf deren Internetseite bereitgestellt. Au\u00dferdem sind inzwischen beinahe s\u00e4mtliche B\u00e4nde im Internet verf\u00fcgbar. Die Texte lassen sich bislang jedoch noch nicht automatisiert durchsuchen.\u2026","rel":"","context":"I &quot;Proseminarium vikingatid och medeltid&quot;","img":{"alt_text":"","src":"","width":0,"height":0},"classes":[]}],"_links":{"self":[{"href":"https:\/\/www.hendrik.maekeler.eu\/se\/wp-json\/wp\/v2\/posts\/690"}],"collection":[{"href":"https:\/\/www.hendrik.maekeler.eu\/se\/wp-json\/wp\/v2\/posts"}],"about":[{"href":"https:\/\/www.hendrik.maekeler.eu\/se\/wp-json\/wp\/v2\/types\/post"}],"author":[{"embeddable":true,"href":"https:\/\/www.hendrik.maekeler.eu\/se\/wp-json\/wp\/v2\/users\/1"}],"replies":[{"embeddable":true,"href":"https:\/\/www.hendrik.maekeler.eu\/se\/wp-json\/wp\/v2\/comments?post=690"}],"version-history":[{"count":2,"href":"https:\/\/www.hendrik.maekeler.eu\/se\/wp-json\/wp\/v2\/posts\/690\/revisions"}],"predecessor-version":[{"id":1399,"href":"https:\/\/www.hendrik.maekeler.eu\/se\/wp-json\/wp\/v2\/posts\/690\/revisions\/1399"}],"wp:attachment":[{"href":"https:\/\/www.hendrik.maekeler.eu\/se\/wp-json\/wp\/v2\/media?parent=690"}],"wp:term":[{"taxonomy":"category","embeddable":true,"href":"https:\/\/www.hendrik.maekeler.eu\/se\/wp-json\/wp\/v2\/categories?post=690"},{"taxonomy":"post_tag","embeddable":true,"href":"https:\/\/www.hendrik.maekeler.eu\/se\/wp-json\/wp\/v2\/tags?post=690"}],"curies":[{"name":"wp","href":"https:\/\/api.w.org\/{rel}","templated":true}]}}